{"id":669641,"date":"2026-03-13T15:13:47","date_gmt":"2026-03-13T19:13:47","guid":{"rendered":"https:\/\/diariodominicano.com\/?p=669641"},"modified":"2026-03-13T15:13:49","modified_gmt":"2026-03-13T19:13:49","slug":"testigo-del-tiempo-fundamentalismo-religioso-y-politica","status":"publish","type":"post","link":"https:\/\/diariodominicano.com\/?p=669641","title":{"rendered":"Testigo del tiempo \/ Fundamentalismo religioso y pol\u00edtica"},"content":{"rendered":"\n<p><br>J.C. Malone<br>En Ir\u00e1n hay una guerra entre fundamentalistas religiosos; jud\u00edos apandillados con cristianos contra los musulmanes; todos apoyados en dogmas y armas poderosas.<br>Todo esto empez\u00f3 en la cabeza del primer ministro israel\u00ed, Benjam\u00edn Netanyahu, quien confundi\u00f3 una cita b\u00edblica con un t\u00edtulo de propiedad.<br>En G\u00e9nesis 15:18 Jehov\u00e1 le dijo a Abram: \u201cA tu descendencia dar\u00e9 esta tierra, desde el r\u00edo de Egipto, hasta el r\u00edo grande, el r\u00edo \u00c9ufrates\u201d.<br>La \u201ctierra prometida\u201d para Netanyahu, es todo el territorio entre Egipto e Irak, el Medio Oriente completo.<br>Como los grandes terratenientes, Netanyahu decidi\u00f3 exterminar a quienes invadieron \u201csus tierras\u201d.<br>Morir\u00e1n millones, desplazar\u00e1n a m\u00e1s de 400 millones de personas y destruir\u00e1n varios pa\u00edses para \u201cvalidar\u201d el \u201ct\u00edtulo de propiedad\u201d de Netanyahu; finalmente, el \u201cpueblo elegido\u201d tendr\u00e1 su \u201ctierra prometida\u201d.<br>Todos pagaremos las consecuencias, pero esa \u201ctierra prometida\u201d ser\u00e1 exclusivamente para el \u201cpueblo elegido\u201d, no para los \u201cgentiles\u201d.<br>Si esto no es una locura absoluta, ruego que, por favor, alguien me explique: \u00bfqu\u00e9 es la cordura?<br>Los iran\u00edes descienden de los persas; ese pueblo ha resistido invasiones de todos los imperios desde el a\u00f1o 900 antes de Cristo, cuando los asirios invadieron.<br>En 1941, Inglaterra y Rusia, aliadas contra Alemania en la Segunda Guerra Europea, ocuparon Ir\u00e1n; sustituyeron al proalem\u00e1n Shah Pahlavi por su hijo proaliado, Mohammad Reza Pahlavi.<br>La Revoluci\u00f3n Isl\u00e1mica triunf\u00f3 en 1979; desde entonces, Ir\u00e1n se prepara para un ataque estadounidense. Washington atac\u00f3, 47 a\u00f1os despu\u00e9s, sin estar preparado, y los iran\u00edes est\u00e1n haciendo lo que ensayaron.<br>Ir\u00e1n rechaza un cese al fuego y sus misiles castigan a Israel. Quiz\u00e1 David vencer\u00e1 a Goliat otra vez.<br>Washington e Israel no pueden ganarle a Ir\u00e1n, ni huir, est\u00e1n atrapados en su locura fundamentalista.<br>Trump sabe que no ganar\u00e1, por eso declara \u201cvictoria\u201d y, como constructor, dice: \u201cNo queda nada por destruir\u201d, la brigada de demolici\u00f3n termin\u00f3.<br>La aventura contin\u00faa, debe combatir la corrupci\u00f3n de los dem\u00f3cratas en California.<br>Ahora, como Superman, Trump gritar\u00e1: \u201c\u00a1A luchar por la justicia!\u201d y levantar\u00e1 vuelo, alej\u00e1ndose de Ir\u00e1n. &nbsp;<\/p>\n","protected":false},"excerpt":{"rendered":"<p>J.C. MaloneEn Ir\u00e1n hay una guerra entre fundamentalistas religiosos; jud\u00edos apandillados con cristianos contra los musulmanes; todos apoyados en dogmas y armas poderosas.Todo esto empez\u00f3 en la cabeza del primer ministro israel\u00ed, Benjam\u00edn Netanyahu, quien confundi\u00f3 una cita b\u00edblica con un t\u00edtulo de propiedad.En G\u00e9nesis 15:18 Jehov\u00e1 le dijo a Abram: \u201cA tu descendencia dar\u00e9 [&hellip;]<\/p>\n","protected":false},"author":7,"featured_media":630598,"comment_status":"closed","ping_status":"closed","sticky":false,"template":"","format":"standard","meta":{"footnotes":""},"categories":[16],"tags":[1663],"class_list":["post-669641","post","type-post","status-publish","format-standard","has-post-thumbnail","hentry","category-opiniones","tag-j-c-malone"],"_links":{"self":[{"href":"https:\/\/diariodominicano.com\/index.php?rest_route=\/wp\/v2\/posts\/669641","targetHints":{"allow":["GET"]}}],"collection":[{"href":"https:\/\/diariodominicano.com\/index.php?rest_route=\/wp\/v2\/posts"}],"about":[{"href":"https:\/\/diariodominicano.com\/index.php?rest_route=\/wp\/v2\/types\/post"}],"author":[{"embeddable":true,"href":"https:\/\/diariodominicano.com\/index.php?rest_route=\/wp\/v2\/users\/7"}],"replies":[{"embeddable":true,"href":"https:\/\/diariodominicano.com\/index.php?rest_route=%2Fwp%2Fv2%2Fcomments&post=669641"}],"version-history":[{"count":1,"href":"https:\/\/diariodominicano.com\/index.php?rest_route=\/wp\/v2\/posts\/669641\/revisions"}],"predecessor-version":[{"id":669647,"href":"https:\/\/diariodominicano.com\/index.php?rest_route=\/wp\/v2\/posts\/669641\/revisions\/669647"}],"wp:featuredmedia":[{"embeddable":true,"href":"https:\/\/diariodominicano.com\/index.php?rest_route=\/wp\/v2\/media\/630598"}],"wp:attachment":[{"href":"https:\/\/diariodominicano.com\/index.php?rest_route=%2Fwp%2Fv2%2Fmedia&parent=669641"}],"wp:term":[{"taxonomy":"category","embeddable":true,"href":"https:\/\/diariodominicano.com\/index.php?rest_route=%2Fwp%2Fv2%2Fcategories&post=669641"},{"taxonomy":"post_tag","embeddable":true,"href":"https:\/\/diariodominicano.com\/index.php?rest_route=%2Fwp%2Fv2%2Ftags&post=669641"}],"curies":[{"name":"wp","href":"https:\/\/api.w.org\/{rel}","templated":true}]}}