{"id":669610,"date":"2026-03-13T14:49:51","date_gmt":"2026-03-13T18:49:51","guid":{"rendered":"https:\/\/diariodominicano.com\/?p=669610"},"modified":"2026-03-14T02:26:20","modified_gmt":"2026-03-14T06:26:20","slug":"pld-impulsa-posicionamiento-de-sus-dirigentes-en-recintos-electorales","status":"publish","type":"post","link":"https:\/\/diariodominicano.com\/?p=669610","title":{"rendered":"PLD impulsa posicionamiento de sus dirigentes en recintos electorales"},"content":{"rendered":"\n<p>diariodominicano.com<\/p>\n\n\n\n<p>Santo Domingo, R. D.,  13 de marzo, 2026.-  <strong>La Comisi\u00f3n de Implementaci\u00f3n de la L\u00ednea Organizativa y Electoral (LOE) del Partido de la Liberaci\u00f3n Dominicana (PLD)<\/strong>\u00a0program\u00f3 para la pr\u00f3xima semana una serie de encuentros,\u00a0\u00a0bajo el formato taller,\u00a0\u00a0para impulsar la segunda fase de dicho proceso, que es el posicionamiento de las estructuras partidarias\u00a0\u00a0en los recintos electorales.<\/p>\n\n\n\n<p>En esta fase de la nueva l\u00ednea de organizaci\u00f3n del PLD, vinculada estrechamente al tema electoral, los presidentes de Comit\u00e9s Intermedios quedar\u00e1n confirmados en el recinto electoral donde ejercen el derecho al voto y con \u00e9l&nbsp;&nbsp;los&nbsp;&nbsp;militantes y miembros.<\/p>\n\n\n\n<p>Los talleres para impulsar el posicionamiento en los recintos electorales se realizar\u00e1n en la Casa Nacional Reinaldo Pared P\u00e9rez en horas de la ma\u00f1ana en dos horarios.<\/p>\n\n\n\n<p>El lunes desde las nueve de la ma\u00f1ana participar\u00e1n en el taller las provincias de San Crist\u00f3bal,&nbsp;&nbsp;San Jos\u00e9 de Ocoa, Azua y Peravia. Para las once de la ma\u00f1ana est\u00e1n siendo convocados Independencia, Bahoruco, Barahona y Pedernales<\/p>\n\n\n\n<p>El martes participar\u00e1n las provincias de la regi\u00f3n Este: El Seibo, Hato Mayor, La Altagracia, La Romana y San Pedro de Macor\u00eds, as\u00ed como las ubicadas en la regi\u00f3n del Cibao: Santiago, Espaillat, La Vega y Puerto Plata,<\/p>\n\n\n\n<p>El mi\u00e9rcoles est\u00e1n siendo convocados las y los dirigentes pelede\u00edstas de las provincias Duarte, Mar\u00eda Trinidad S\u00e1nchez, Monse\u00f1or Nouel y Saman\u00e1.<\/p>\n\n\n\n<p>Para el jueves est\u00e1n convocados los dirigentes de las provincias Dajab\u00f3n, El\u00edas Pi\u00f1a, Montecristi, San Juan, Santiago Rodr\u00edguez y Valverde.&nbsp;&nbsp;<\/p>\n\n\n\n<p>La Comisi\u00f3n de Implementaci\u00f3n de la L\u00ednea Organizativa y Electoral, que organiza los encuentros ha formalizado la convocatoria a los&nbsp;&nbsp;Supervisores del Comit\u00e9 Pol\u00edtico, los Enlaces Provinciales, Municipales y de Distritos Municipales, Presidentes Provinciales, Municipales y de Distritos Municipales de cada provincia.<\/p>\n\n\n\n<p><strong>SECRETARIA DE COMUNICACIONES<\/strong><\/p>\n\n\n\n<p><strong>13 DE MARZO, 2026.-<\/strong><\/p>\n","protected":false},"excerpt":{"rendered":"<p>diariodominicano.com Santo Domingo, R. D., 13 de marzo, 2026.- La Comisi\u00f3n de Implementaci\u00f3n de la L\u00ednea Organizativa y Electoral (LOE) del Partido de la Liberaci\u00f3n Dominicana (PLD)\u00a0program\u00f3 para la pr\u00f3xima semana una serie de encuentros,\u00a0\u00a0bajo el formato taller,\u00a0\u00a0para impulsar la segunda fase de dicho proceso, que es el posicionamiento de las estructuras partidarias\u00a0\u00a0en los recintos [&hellip;]<\/p>\n","protected":false},"author":5,"featured_media":509569,"comment_status":"closed","ping_status":"closed","sticky":false,"template":"","format":"standard","meta":{"footnotes":""},"categories":[23,22],"tags":[175],"class_list":["post-669610","post","type-post","status-publish","format-standard","has-post-thumbnail","hentry","category-internacional","category-politica","tag-pld"],"_links":{"self":[{"href":"https:\/\/diariodominicano.com\/index.php?rest_route=\/wp\/v2\/posts\/669610","targetHints":{"allow":["GET"]}}],"collection":[{"href":"https:\/\/diariodominicano.com\/index.php?rest_route=\/wp\/v2\/posts"}],"about":[{"href":"https:\/\/diariodominicano.com\/index.php?rest_route=\/wp\/v2\/types\/post"}],"author":[{"embeddable":true,"href":"https:\/\/diariodominicano.com\/index.php?rest_route=\/wp\/v2\/users\/5"}],"replies":[{"embeddable":true,"href":"https:\/\/diariodominicano.com\/index.php?rest_route=%2Fwp%2Fv2%2Fcomments&post=669610"}],"version-history":[{"count":1,"href":"https:\/\/diariodominicano.com\/index.php?rest_route=\/wp\/v2\/posts\/669610\/revisions"}],"predecessor-version":[{"id":669611,"href":"https:\/\/diariodominicano.com\/index.php?rest_route=\/wp\/v2\/posts\/669610\/revisions\/669611"}],"wp:featuredmedia":[{"embeddable":true,"href":"https:\/\/diariodominicano.com\/index.php?rest_route=\/wp\/v2\/media\/509569"}],"wp:attachment":[{"href":"https:\/\/diariodominicano.com\/index.php?rest_route=%2Fwp%2Fv2%2Fmedia&parent=669610"}],"wp:term":[{"taxonomy":"category","embeddable":true,"href":"https:\/\/diariodominicano.com\/index.php?rest_route=%2Fwp%2Fv2%2Fcategories&post=669610"},{"taxonomy":"post_tag","embeddable":true,"href":"https:\/\/diariodominicano.com\/index.php?rest_route=%2Fwp%2Fv2%2Ftags&post=669610"}],"curies":[{"name":"wp","href":"https:\/\/api.w.org\/{rel}","templated":true}]}}