{"id":669600,"date":"2026-03-13T14:08:23","date_gmt":"2026-03-13T18:08:23","guid":{"rendered":"https:\/\/diariodominicano.com\/?p=669600"},"modified":"2026-03-18T01:00:47","modified_gmt":"2026-03-18T05:00:47","slug":"canciller-aleman-dice-que-su-pais-no-esta-dispuesto-a-involucrarse-en-la-guerra-contra-iran","status":"publish","type":"post","link":"https:\/\/diariodominicano.com\/?p=669600","title":{"rendered":"Canciller alem\u00e1n dice que su pa\u00eds no est\u00e1 dispuesto a involucrarse en la guerra contra Ir\u00e1n"},"content":{"rendered":"\n<p>diariodominicano.com<\/p>\n\n\n\n<p>BERL\u00cdN, 13 mar (Xinhua) &#8212; El canciller alem\u00e1n, Friedrich Merz, dijo hoy viernes que Alemania no es parte de la guerra contra Ir\u00e1n y que no desea involucrarse en ella. Merz hizo las declaraciones al visitar Noruega, donde ofreci\u00f3 una conferencia de prensa conjunta con el primer ministro noruego, Jonas Gahr Store, inform\u00f3 medios alemanes. <\/p>\n\n\n\n<p>En respuesta a una pregunta sobre si debe establecerse una misi\u00f3n militar internacional para proteger a los buques mercantes en el estrecho de Ormuz, Merz indic\u00f3 que en este momento no hay razones para considerar la protecci\u00f3n militar de las v\u00edas mar\u00edtimas. <\/p>\n\n\n\n<p>Merz dijo que la pregunta sigue siendo cu\u00e1ndo terminar\u00e1 la guerra y qu\u00e9 estrategia se usar\u00e1 para ponerle fin, y se\u00f1al\u00f3 que estas preguntas realmente no han sido respondidas. <\/p>\n\n\n\n<p>Los esfuerzos de Alemania est\u00e1n centrados en poner fin a la guerra, asever\u00f3, y mencion\u00f3 que dicha cuesti\u00f3n tambi\u00e9n est\u00e1 siendo discutida por Berl\u00edn con los Gobiernos de Estados Unidos e Israel.<\/p>\n","protected":false},"excerpt":{"rendered":"<p>diariodominicano.com BERL\u00cdN, 13 mar (Xinhua) &#8212; El canciller alem\u00e1n, Friedrich Merz, dijo hoy viernes que Alemania no es parte de la guerra contra Ir\u00e1n y que no desea involucrarse en ella. Merz hizo las declaraciones al visitar Noruega, donde ofreci\u00f3 una conferencia de prensa conjunta con el primer ministro noruego, Jonas Gahr Store, inform\u00f3 medios [&hellip;]<\/p>\n","protected":false},"author":5,"featured_media":669601,"comment_status":"closed","ping_status":"closed","sticky":false,"template":"","format":"standard","meta":{"footnotes":""},"categories":[23],"tags":[2908],"class_list":["post-669600","post","type-post","status-publish","format-standard","has-post-thumbnail","hentry","category-internacional","tag-iran"],"_links":{"self":[{"href":"https:\/\/diariodominicano.com\/index.php?rest_route=\/wp\/v2\/posts\/669600","targetHints":{"allow":["GET"]}}],"collection":[{"href":"https:\/\/diariodominicano.com\/index.php?rest_route=\/wp\/v2\/posts"}],"about":[{"href":"https:\/\/diariodominicano.com\/index.php?rest_route=\/wp\/v2\/types\/post"}],"author":[{"embeddable":true,"href":"https:\/\/diariodominicano.com\/index.php?rest_route=\/wp\/v2\/users\/5"}],"replies":[{"embeddable":true,"href":"https:\/\/diariodominicano.com\/index.php?rest_route=%2Fwp%2Fv2%2Fcomments&post=669600"}],"version-history":[{"count":2,"href":"https:\/\/diariodominicano.com\/index.php?rest_route=\/wp\/v2\/posts\/669600\/revisions"}],"predecessor-version":[{"id":669765,"href":"https:\/\/diariodominicano.com\/index.php?rest_route=\/wp\/v2\/posts\/669600\/revisions\/669765"}],"wp:featuredmedia":[{"embeddable":true,"href":"https:\/\/diariodominicano.com\/index.php?rest_route=\/wp\/v2\/media\/669601"}],"wp:attachment":[{"href":"https:\/\/diariodominicano.com\/index.php?rest_route=%2Fwp%2Fv2%2Fmedia&parent=669600"}],"wp:term":[{"taxonomy":"category","embeddable":true,"href":"https:\/\/diariodominicano.com\/index.php?rest_route=%2Fwp%2Fv2%2Fcategories&post=669600"},{"taxonomy":"post_tag","embeddable":true,"href":"https:\/\/diariodominicano.com\/index.php?rest_route=%2Fwp%2Fv2%2Ftags&post=669600"}],"curies":[{"name":"wp","href":"https:\/\/api.w.org\/{rel}","templated":true}]}}