{"id":669585,"date":"2026-03-13T08:46:50","date_gmt":"2026-03-13T12:46:50","guid":{"rendered":"https:\/\/diariodominicano.com\/?p=669585"},"modified":"2026-03-14T01:08:43","modified_gmt":"2026-03-14T05:08:43","slug":"contralor-nyc-perdio-el-ano-pasado-38-mil-empleos-en-el-sector-privado-figuran-cientos-de-dominicanos","status":"publish","type":"post","link":"https:\/\/diariodominicano.com\/?p=669585","title":{"rendered":"Contralor: NYC perdi\u00f3 el a\u00f1o pasado 38 mil empleos en el sector privado; figuran cientos de dominicanos"},"content":{"rendered":"\n<p><strong>Por Ram\u00f3n Mercedes<\/strong><\/p>\n\n\n\n<p><strong>NUEVA YORK.-<\/strong>&nbsp;Un informe del contralor de esta ciudad, Mark Levine, sostiene que, durante el \u00faltimo a\u00f1o, en la Gran Manzana se perdieron 38 mil empleos en el sector privado, y, de cara al futuro, la incertidumbre est\u00e1 aumentando.<\/p>\n\n\n\n<p>Entre los empleados del sector privado en la Gran Manzana figuran cientos de dominicanos, seg\u00fan se report\u00f3 extraoficialmente.<\/p>\n\n\n\n<p>Dicho informe surge en un momento en que el mercado laboral tambi\u00e9n muestra se\u00f1ales de desaceleraci\u00f3n, y las agencias de empleo locales afirman que el mercado laboral se ha contra\u00eddo en varios sectores, con m\u00e1s personas compitiendo por menos vacantes.<\/p>\n\n\n\n<p>El presupuesto y los empleos est\u00e1n estrechamente relacionados, ya que NYC depende en gran medida de los impuestos de los trabajadores y las empresas. Cuando la contrataci\u00f3n disminuye, especialmente en industrias con altos salarios, como las finanzas y la tecnolog\u00eda, la ciudad recauda menos ingresos.<\/p>\n\n\n\n<p>El informe del contralor tambi\u00e9n se\u00f1ala otra tendencia preocupante: los j\u00f3venes graduados universitarios ahora enfrentan tasas de desempleo m\u00e1s altas que los trabajadores mayores sin t\u00edtulo. \u00abEn este momento las personas que se grad\u00faan de la universidad no pueden encontrar trabajo\u00bb.<\/p>\n\n\n\n<p>El contralor advierte que, si la contrataci\u00f3n contin\u00faa desaceler\u00e1ndose, la ciudad podr\u00eda recaudar menos ingresos fiscales, lo que dificultar\u00e1 a\u00fan m\u00e1s cerrar el d\u00e9ficit presupuestario proyectado de siete mil millones de d\u00f3lares en los pr\u00f3ximos a\u00f1os.<\/p>\n\n\n\n<p>El contralor de NYC se desempe\u00f1a como director de contabilidad y finanzas, gestionando la salud fiscal de la ciudad, auditando a las agencias y supervisando los fondos de pensiones.<\/p>\n\n\n\n<p>Sus principales responsabilidades incluyen la revisi\u00f3n de contratos municipales, la realizaci\u00f3n de auditor\u00edas, la resoluci\u00f3n de reclamaciones contra la ciudad y el cumplimiento fiscal.<\/p>\n\n\n\n<p>Levine fue concejal por ocho a\u00f1os en el Distrito 7, que abarca los vecindarios desde el Upper West Side hasta Morningside Heights, West Harlem, Manhattan Valley, Manhattanville, Hamilton Heights y parte de Washington Heights. Luego fue presidente del condado de Manhattan.<\/p>\n","protected":false},"excerpt":{"rendered":"<p>Por Ram\u00f3n Mercedes NUEVA YORK.-&nbsp;Un informe del contralor de esta ciudad, Mark Levine, sostiene que, durante el \u00faltimo a\u00f1o, en la Gran Manzana se perdieron 38 mil empleos en el sector privado, y, de cara al futuro, la incertidumbre est\u00e1 aumentando. Entre los empleados del sector privado en la Gran Manzana figuran cientos de dominicanos, [&hellip;]<\/p>\n","protected":false},"author":2,"featured_media":669586,"comment_status":"open","ping_status":"closed","sticky":false,"template":"","format":"standard","meta":{"footnotes":""},"categories":[36,23],"tags":[3891,181],"class_list":["post-669585","post","type-post","status-publish","format-standard","has-post-thumbnail","hentry","category-hombresmujeresycosas","category-internacional","tag-nyc","tag-ramon-mercedes"],"_links":{"self":[{"href":"https:\/\/diariodominicano.com\/index.php?rest_route=\/wp\/v2\/posts\/669585","targetHints":{"allow":["GET"]}}],"collection":[{"href":"https:\/\/diariodominicano.com\/index.php?rest_route=\/wp\/v2\/posts"}],"about":[{"href":"https:\/\/diariodominicano.com\/index.php?rest_route=\/wp\/v2\/types\/post"}],"author":[{"embeddable":true,"href":"https:\/\/diariodominicano.com\/index.php?rest_route=\/wp\/v2\/users\/2"}],"replies":[{"embeddable":true,"href":"https:\/\/diariodominicano.com\/index.php?rest_route=%2Fwp%2Fv2%2Fcomments&post=669585"}],"version-history":[{"count":1,"href":"https:\/\/diariodominicano.com\/index.php?rest_route=\/wp\/v2\/posts\/669585\/revisions"}],"predecessor-version":[{"id":669587,"href":"https:\/\/diariodominicano.com\/index.php?rest_route=\/wp\/v2\/posts\/669585\/revisions\/669587"}],"wp:featuredmedia":[{"embeddable":true,"href":"https:\/\/diariodominicano.com\/index.php?rest_route=\/wp\/v2\/media\/669586"}],"wp:attachment":[{"href":"https:\/\/diariodominicano.com\/index.php?rest_route=%2Fwp%2Fv2%2Fmedia&parent=669585"}],"wp:term":[{"taxonomy":"category","embeddable":true,"href":"https:\/\/diariodominicano.com\/index.php?rest_route=%2Fwp%2Fv2%2Fcategories&post=669585"},{"taxonomy":"post_tag","embeddable":true,"href":"https:\/\/diariodominicano.com\/index.php?rest_route=%2Fwp%2Fv2%2Ftags&post=669585"}],"curies":[{"name":"wp","href":"https:\/\/api.w.org\/{rel}","templated":true}]}}