{"id":669579,"date":"2026-03-13T08:41:33","date_gmt":"2026-03-13T12:41:33","guid":{"rendered":"https:\/\/diariodominicano.com\/?p=669579"},"modified":"2026-03-14T01:12:08","modified_gmt":"2026-03-14T05:12:08","slug":"fbi-y-nypd-atentos-ante-posibles-amenazas-contra-plaza-times-square-nyc-por-conflicto-con-iran","status":"publish","type":"post","link":"https:\/\/diariodominicano.com\/?p=669579","title":{"rendered":"FBI y NYPD atentos ante posibles amenazas contra Plaza Times Square-NYC por conflicto con Ir\u00e1n"},"content":{"rendered":"\n<p><strong>Por Ram\u00f3n Mercedes<\/strong><\/p>\n\n\n\n<p><strong>NUEVA YORK.-<\/strong>&nbsp;El FBI y la polic\u00eda neoyorquina en esta ciudad se mantienen atentos las 24 horas del d\u00eda, los 7 d\u00edas de la semana, portando armas largas en varios lugares \u00edcono de la Gran Manzana, principalmente en la Plaza de Times Square, en Manhattan, ante posibles amenazas derivadas del conflicto b\u00e9lico entre Estados Unidos e Ir\u00e1n.<\/p>\n\n\n\n<p>Las autoridades sostienen que Times Square es un objetivo prioritario para atentados terroristas a nivel mundial, pero, hasta el momento, no hay una amenaza oficial, aseguran.<\/p>\n\n\n\n<p>California es otro objetivo que el FBI considera prioritario para los terroristas.<\/p>\n\n\n\n<p>La Plaza de Times Square, de cinco manzanas a lo largo de Broadway y la S\u00e9ptima Avenida, entre las calles 42 y 47, es la atracci\u00f3n tur\u00edstica m\u00e1s visitada del mundo, atrayendo a 350 mil turistas diariamente, y por donde transitan miles de dominicanos, entre otras etnias. El consulado dominicano se encuentra a escasos metros de ella.<\/p>\n\n\n\n<p>Asimismo, es el centro del Distrito Teatral, un importante centro de la industria del entretenimiento mundial, y el sitio de la ca\u00edda anual de la bola de Nochevieja, atrayendo a m\u00e1s de un mill\u00f3n de visitantes cada 31 de diciembre, entre otras maravillas.<\/p>\n","protected":false},"excerpt":{"rendered":"<p>Por Ram\u00f3n Mercedes NUEVA YORK.-&nbsp;El FBI y la polic\u00eda neoyorquina en esta ciudad se mantienen atentos las 24 horas del d\u00eda, los 7 d\u00edas de la semana, portando armas largas en varios lugares \u00edcono de la Gran Manzana, principalmente en la Plaza de Times Square, en Manhattan, ante posibles amenazas derivadas del conflicto b\u00e9lico entre [&hellip;]<\/p>\n","protected":false},"author":2,"featured_media":669580,"comment_status":"open","ping_status":"closed","sticky":false,"template":"","format":"standard","meta":{"footnotes":""},"categories":[23,27],"tags":[4014,2908,3891,5094,181,172],"class_list":["post-669579","post","type-post","status-publish","format-standard","has-post-thumbnail","hentry","category-internacional","category-portada","tag-fbi","tag-iran","tag-nyc","tag-nypd","tag-ramon-mercedes","tag-times-square"],"_links":{"self":[{"href":"https:\/\/diariodominicano.com\/index.php?rest_route=\/wp\/v2\/posts\/669579","targetHints":{"allow":["GET"]}}],"collection":[{"href":"https:\/\/diariodominicano.com\/index.php?rest_route=\/wp\/v2\/posts"}],"about":[{"href":"https:\/\/diariodominicano.com\/index.php?rest_route=\/wp\/v2\/types\/post"}],"author":[{"embeddable":true,"href":"https:\/\/diariodominicano.com\/index.php?rest_route=\/wp\/v2\/users\/2"}],"replies":[{"embeddable":true,"href":"https:\/\/diariodominicano.com\/index.php?rest_route=%2Fwp%2Fv2%2Fcomments&post=669579"}],"version-history":[{"count":1,"href":"https:\/\/diariodominicano.com\/index.php?rest_route=\/wp\/v2\/posts\/669579\/revisions"}],"predecessor-version":[{"id":669581,"href":"https:\/\/diariodominicano.com\/index.php?rest_route=\/wp\/v2\/posts\/669579\/revisions\/669581"}],"wp:featuredmedia":[{"embeddable":true,"href":"https:\/\/diariodominicano.com\/index.php?rest_route=\/wp\/v2\/media\/669580"}],"wp:attachment":[{"href":"https:\/\/diariodominicano.com\/index.php?rest_route=%2Fwp%2Fv2%2Fmedia&parent=669579"}],"wp:term":[{"taxonomy":"category","embeddable":true,"href":"https:\/\/diariodominicano.com\/index.php?rest_route=%2Fwp%2Fv2%2Fcategories&post=669579"},{"taxonomy":"post_tag","embeddable":true,"href":"https:\/\/diariodominicano.com\/index.php?rest_route=%2Fwp%2Fv2%2Ftags&post=669579"}],"curies":[{"name":"wp","href":"https:\/\/api.w.org\/{rel}","templated":true}]}}