{"id":669569,"date":"2026-03-13T08:33:04","date_gmt":"2026-03-13T12:33:04","guid":{"rendered":"https:\/\/diariodominicano.com\/?p=669569"},"modified":"2026-03-14T00:31:56","modified_gmt":"2026-03-14T04:31:56","slug":"con-la-presencia-del-presidente-luis-abinader-el-patronato-nacional-de-ganaderos-inauguro-la-38-a-feria-agropecuaria-nacional","status":"publish","type":"post","link":"https:\/\/diariodominicano.com\/?p=669569","title":{"rendered":"Con la presencia del\u00a0presidente Luis Abinader, el Patronato Nacional de Ganaderos inaugur\u00f3 la\u00a038.\u00aa Feria Agropecuaria Nacional"},"content":{"rendered":"\n<h3 class=\"wp-block-heading\">La feria contar\u00e1 con la participaci\u00f3n de unas 70 fincas.<\/h3>\n\n\n\n<p>12 de Marzo 2026<\/p>\n\n\n\n<figure class=\"wp-block-image\"><img decoding=\"async\" src=\"https:\/\/platform-cdn.sharethis.com\/img\/sharethis.svg\" alt=\"sharethis sharing button\"\/><\/figure>\n\n\n\n<p>Santo Domingo, RD.- Con la presencia del\u00a0<strong>presidente Luis Abinader<\/strong>, el Patronato Nacional de Ganaderos inaugur\u00f3 la\u00a0<strong>38.\u00aa Feria Agropecuaria Nacional,\u00a0<\/strong>un evento que este a\u00f1o pone especial \u00e9nfasis en la\u00a0<strong>mecanizaci\u00f3n del campo dominicano<\/strong>\u00a0y en el\u00a0<strong>uso de tecnolog\u00edas<\/strong>\u00a0para impulsar la productividad del\u00a0<strong>sector agropecuario.<\/strong>\u00a0<\/p>\n\n\n\n<p>La ceremonia se celebr\u00f3 en la&nbsp;<strong>Ciudad Ganadera Julio Antonio Brache Arzeno,<\/strong>&nbsp;donde, durante 11 d\u00edas, productores, empresas, instituciones y miles de familias dominicanas podr\u00e1n conocer los&nbsp;<strong>avances del sector agropecuario<\/strong>, disfrutar de exhibiciones ganaderas, demostraciones de maquinaria agr\u00edcola y diversas actividades&nbsp;<strong>educativas y recreativas.<\/strong>&nbsp;<\/p>\n\n\n\n<p><strong>Ministro de Agricultura<\/strong>&nbsp;<\/p>\n\n\n\n<p>Durante el acto inaugural, el ministro de Agricultura,&nbsp;<strong>Francisco Oliverio Espaillat,<\/strong>&nbsp;destac\u00f3 que el sector agropecuario aporta alrededor del&nbsp;<strong>4.5 % del PIB<\/strong>&nbsp;y genera m\u00e1s de&nbsp;<strong>365,000 empleos directos<\/strong>&nbsp;y representa cerca del&nbsp;<strong>7 %<\/strong>&nbsp;de la poblaci\u00f3n ocupada del pa\u00eds.&nbsp;<\/p>\n\n\n\n<p>Explic\u00f3 que estos avances tambi\u00e9n han contribuido a mejorar los indicadores de&nbsp;<strong>seguridad alimentaria<\/strong>&nbsp;del pa\u00eds, reduciendo el \u00edndice de desnutrici\u00f3n y hambre de&nbsp;<strong>8.7 %<\/strong>&nbsp;en 2019 a&nbsp;<strong>3.6 %<\/strong>&nbsp;en 2025, con la meta de llevarlo a&nbsp;<strong>2.5 % para el a\u00f1o 2028,<\/strong>&nbsp;en consonancia con el objetivo presidencial de \u201c<strong>Hambre Cero al 2028\u201d.<\/strong>&nbsp;<\/p>\n\n\n\n<p><strong>Presidente del Patronato Nacional de Ganaderos<\/strong>&nbsp;<\/p>\n\n\n\n<p>De su lado, el presidente del Patronato Nacional de Ganaderos,&nbsp;<strong>Jos\u00e9 Manuel Mall\u00e9n,&nbsp;<\/strong>destac\u00f3 la importancia de la feria como el principal espacio para mostrar el potencial productivo del pa\u00eds.&nbsp;<\/p>\n\n\n\n<p><em>\u201cLa Feria Agropecuaria Nacional es la principal vitrina del campo dominicano y un punto de encuentro entre productores, empresarios, instituciones y la sociedad. Aqu\u00ed se exhiben los avances del sector y las oportunidades para continuar fortaleciendo la producci\u00f3n nacional\u201d,<\/em>&nbsp;expres\u00f3 Mall\u00e9n.<\/p>\n\n\n\n<p><strong>Develaci\u00f3n de tarja<\/strong>&nbsp;<\/p>\n\n\n\n<p>Uno de los momentos m\u00e1s significativos de la inauguraci\u00f3n fue la develaci\u00f3n de una tarja en honor al empresario y ganadero dominicano&nbsp;<strong>Julio Antonio Brache Arzeno,<\/strong>&nbsp;cuyo nombre lleva la Ciudad Ganadera, en reconocimiento a su legado y a su contribuci\u00f3n al&nbsp;<strong>desarrollo del sector ganadero nacional.<\/strong>&nbsp;<\/p>\n\n\n\n<p>La edici\u00f3n de este a\u00f1o cuenta adem\u00e1s con&nbsp;<strong>Corea como pa\u00eds invitado,<\/strong>&nbsp;naci\u00f3n reconocida por su liderazgo en&nbsp;<strong>innovaci\u00f3n tecnol\u00f3gica y agricultura inteligente,<\/strong>&nbsp;lo que permitir\u00e1 fortalecer el intercambio de conocimientos y experiencias para la modernizaci\u00f3n del agro dominicano.&nbsp;<\/p>\n\n\n\n<p><strong>Once d\u00edas de feria<\/strong>&nbsp;<\/p>\n\n\n\n<p>Durante los&nbsp;<strong>11 d\u00edas de feria,<\/strong>&nbsp;los visitantes podr\u00e1n disfrutar de&nbsp;<strong>exhibiciones<\/strong>&nbsp;de razas bovinas de alto nivel gen\u00e9tico, demostraciones de&nbsp;<strong>maquinaria agr\u00edcola,<\/strong>&nbsp;muestras de&nbsp;<strong>innovaci\u00f3n tecnol\u00f3gica<\/strong>, actividades educativas, espacios gastron\u00f3micos y presentaciones culturales, as\u00ed como \u00e1reas de recreaci\u00f3n para toda la familia.<\/p>\n\n\n\n<p>En esta edici\u00f3n, la feria contar\u00e1 con la participaci\u00f3n de unas&nbsp;<strong>70 fincas<\/strong>, las cuales presentar\u00e1n una diversa muestra de razas y l\u00edneas de producci\u00f3n. La exhibici\u00f3n ganadera reunir\u00e1 a&nbsp;<strong>515 animales bovinos,<\/strong>&nbsp;destacando 278 ejemplares de aptitud lechera, junto a cerca de&nbsp;<strong>400 caprinos y ovinos.&nbsp;<\/strong><\/p>\n\n\n\n<p>El evento tambi\u00e9n integrar\u00e1 una destacada cartelera ecuestre con&nbsp;<strong>330 caballos&nbsp;<\/strong>que competir\u00e1n en disciplinas como&nbsp;<strong>Paso Hig\u00fceyano, Paso Fino<\/strong>, reining y rodeo infantil, una&nbsp;<strong>oferta integral<\/strong>&nbsp;dise\u00f1ada para atraer a miles de aficionados y familias durante los fines de semana.&nbsp;<\/p>\n\n\n\n<p>La feria tambi\u00e9n contar\u00e1 con la participaci\u00f3n de empresas del&nbsp;<strong>sector agroindustrial,<\/strong>&nbsp;proveedores de insumos e instituciones financieras que ofrecer\u00e1n&nbsp;<strong>facilidades de cr\u00e9dito<\/strong>&nbsp;para la adquisici\u00f3n de maquinaria, equipos y ganado, contribuyendo a impulsar la&nbsp;<strong>mecanizaci\u00f3n y modernizaci\u00f3n<\/strong>&nbsp;del campo.<\/p>\n\n\n\n<p>Con informaci\u00f3n de la Presidencia de la Rep\u00fablica.<\/p>\n","protected":false},"excerpt":{"rendered":"<p>La feria contar\u00e1 con la participaci\u00f3n de unas 70 fincas. 12 de Marzo 2026 Santo Domingo, RD.- Con la presencia del\u00a0presidente Luis Abinader, el Patronato Nacional de Ganaderos inaugur\u00f3 la\u00a038.\u00aa Feria Agropecuaria Nacional,\u00a0un evento que este a\u00f1o pone especial \u00e9nfasis en la\u00a0mecanizaci\u00f3n del campo dominicano\u00a0y en el\u00a0uso de tecnolog\u00edas\u00a0para impulsar la productividad del\u00a0sector agropecuario.\u00a0 La [&hellip;]<\/p>\n","protected":false},"author":2,"featured_media":669570,"comment_status":"open","ping_status":"closed","sticky":false,"template":"","format":"standard","meta":{"footnotes":""},"categories":[20,27],"tags":[5088,1854],"class_list":["post-669569","post","type-post","status-publish","format-standard","has-post-thumbnail","hentry","category-dominicana-hoy","category-portada","tag-patronato-nacional-de-ganaderos","tag-presidente-abinader"],"_links":{"self":[{"href":"https:\/\/diariodominicano.com\/index.php?rest_route=\/wp\/v2\/posts\/669569","targetHints":{"allow":["GET"]}}],"collection":[{"href":"https:\/\/diariodominicano.com\/index.php?rest_route=\/wp\/v2\/posts"}],"about":[{"href":"https:\/\/diariodominicano.com\/index.php?rest_route=\/wp\/v2\/types\/post"}],"author":[{"embeddable":true,"href":"https:\/\/diariodominicano.com\/index.php?rest_route=\/wp\/v2\/users\/2"}],"replies":[{"embeddable":true,"href":"https:\/\/diariodominicano.com\/index.php?rest_route=%2Fwp%2Fv2%2Fcomments&post=669569"}],"version-history":[{"count":1,"href":"https:\/\/diariodominicano.com\/index.php?rest_route=\/wp\/v2\/posts\/669569\/revisions"}],"predecessor-version":[{"id":669571,"href":"https:\/\/diariodominicano.com\/index.php?rest_route=\/wp\/v2\/posts\/669569\/revisions\/669571"}],"wp:featuredmedia":[{"embeddable":true,"href":"https:\/\/diariodominicano.com\/index.php?rest_route=\/wp\/v2\/media\/669570"}],"wp:attachment":[{"href":"https:\/\/diariodominicano.com\/index.php?rest_route=%2Fwp%2Fv2%2Fmedia&parent=669569"}],"wp:term":[{"taxonomy":"category","embeddable":true,"href":"https:\/\/diariodominicano.com\/index.php?rest_route=%2Fwp%2Fv2%2Fcategories&post=669569"},{"taxonomy":"post_tag","embeddable":true,"href":"https:\/\/diariodominicano.com\/index.php?rest_route=%2Fwp%2Fv2%2Ftags&post=669569"}],"curies":[{"name":"wp","href":"https:\/\/api.w.org\/{rel}","templated":true}]}}