{"id":669557,"date":"2026-03-13T08:04:55","date_gmt":"2026-03-13T12:04:55","guid":{"rendered":"https:\/\/diariodominicano.com\/?p=669557"},"modified":"2026-03-14T00:28:57","modified_gmt":"2026-03-14T04:28:57","slug":"presidente-abinader-la-lucha-de-minerva-mirabal-marco-el-inicio-del-camino-hacia-la-verdadera-democracia-en-la-rd","status":"publish","type":"post","link":"https:\/\/diariodominicano.com\/?p=669557","title":{"rendered":"Presidente Abinader afirma la lucha de Minerva Mirabal marc\u00f3 el inicio del camino hacia la verdadera democracia en la RD"},"content":{"rendered":"\n<h3 class=\"wp-block-heading\"><\/h3>\n\n\n\n<p>12 de Marzo 2026 |<\/p>\n\n\n\n<figure class=\"wp-block-image\"><img decoding=\"async\" src=\"https:\/\/platform-cdn.sharethis.com\/img\/sharethis.svg\" alt=\"sharethis sharing button\"\/><\/figure>\n\n\n\n<p><strong>Ojo de Agua, Hermanas Mirabal.\u2013<\/strong>\u00a0<strong>El presidente Luis Abinader\u00a0<\/strong>encabez\u00f3 este jueves los actos conmemorativos del\u00a0<strong>centenario del nacimiento de Minerva Mirabal<\/strong>, donde resalt\u00f3 su\u00a0<strong>liderazgo y valent\u00eda<\/strong>\u00a0frente a la tiran\u00eda, y el\u00a0<strong>legado de libertad<\/strong>\u00a0que dej\u00f3 para la Rep\u00fablica Dominicana y el mundo.<\/p>\n\n\n\n<p>Durante su intervenci\u00f3n, el mandatario manifest\u00f3 que Minerva Mirabal dej\u00f3,&nbsp;<strong>con su lucha y su sacrificio<\/strong>, un legado que trascendi\u00f3 las fronteras de la patria dominicana.&nbsp;<em>\u201cMinerva era inteligente, talentosa, carism\u00e1tica, rebelde y profundamente valiente. Entre su generaci\u00f3n destacaba por un liderazgo natural que nac\u00eda no del poder, sino de la convicci\u00f3n\u201d.<\/em><\/p>\n\n\n\n<p><em>\u201cQuerida Minou. Apreciado Manolito. Distinguidos descendientes de la familia Mirabal Reyes: No es un secreto para nadie que la lucha de Minerva marc\u00f3 el inicio del camino hacia la verdadera democracia en la Rep\u00fablica Dominicana\u201d,<\/em>&nbsp;expres\u00f3 el presidente Abinader.<\/p>\n\n\n\n<p>Previo al inicio del acto solemne, el presidente Abinader, acompa\u00f1ado de la&nbsp;<strong>primera dama Raquel Arbaje<\/strong>; del ministro de Cultura,&nbsp;<strong>Roberto \u00c1ngel Salcedo,<\/strong>&nbsp;y de&nbsp;<strong>Manolo Tav\u00e1rez Mirabal y Minou Tav\u00e1rez Mirabal,<\/strong>&nbsp;deposit\u00f3 una ofrenda floral en honor a Minerva Mirabal en el mausoleo de la&nbsp;<strong>Casa Museo Hermanas Mirabal<\/strong>.<\/p>\n\n\n\n<p>El gobernante record\u00f3 los or\u00edgenes de Minerva Mirabal en Salcedo y el contexto familiar y social que marc\u00f3 su formaci\u00f3n.&nbsp;<em>\u201cHace cien a\u00f1os, un d\u00eda como hoy, 12 de marzo de 1926, naci\u00f3 en esta comunidad de Salcedo nuestra Minerva Mirabal\u201d.<\/em><\/p>\n\n\n\n<p>En ese sentido, indic\u00f3 que en el centenario de su nacimiento se ha decidido recordarla con un&nbsp;<strong>programa de actividades<\/strong>&nbsp;que se desarrollar\u00e1 durante todo un a\u00f1o en el territorio nacional, as\u00ed como en las&nbsp;<strong>embajadas y consulados dominicanos en el exterior<\/strong>, con el prop\u00f3sito de honrar&nbsp;<strong>su vida, su obra, su sacrificio y el legado<\/strong>&nbsp;imperecedero de su ejemplo para las generaciones presentes y futuras.<\/p>\n\n\n\n<p>El mandatario sostuvo que, pese a las persecuciones y torturas sufridas durante el r\u00e9gimen, Minerva nunca renunci\u00f3 a sus ideales ni a su&nbsp;<strong>convicci\u00f3n democr\u00e1tica<\/strong>.&nbsp;<em>\u201cElla tambi\u00e9n conoci\u00f3 el horror de las torturas en las c\u00e1rceles trujillistas. Y, sin embargo, nunca perdi\u00f3 la gallard\u00eda ni la entereza. Nunca perdi\u00f3 la dignidad. Nunca perdi\u00f3 la esperanza. Am\u00f3 la libertad tanto como la filosof\u00eda, el derecho, las letras, las artes y la vida\u201d.<\/em><\/p>\n\n\n\n<p>Apunt\u00f3 que con ese&nbsp;<strong>esp\u00edritu libertario<\/strong>&nbsp;ciment\u00f3 su militancia antitrujillista y, junto con su esposo,&nbsp;<strong>Manuel Aurelio Tav\u00e1rez Justo<\/strong>, particip\u00f3 incansablemente en la lucha contra la dictadura desde el colectivo clandestino&nbsp;<strong>Movimiento Revolucionario 14 de Junio.<\/strong>&nbsp;A\u00f1adi\u00f3 que fue entonces, en las sombras de la clandestinidad, cuando adopt\u00f3 el nombre secreto que la har\u00eda conocida en todo el mundo:&nbsp;<strong>\u201cLa Mariposa\u201d.<\/strong><\/p>\n\n\n\n<p><em>\u201cAquella batalla contra la tiran\u00eda, su lucha por el retorno de la democracia, sus convicciones en favor del Estado de derecho, su rechazo firme a la injusticia, a la opresi\u00f3n y al miedo como instrumento pol\u00edtico, y sobre todo su inmenso valor para sostener esa lucha, terminaron llev\u00e1ndola al sacrificio supremo. Minerva fue asesinada vilmente, junto a sus hermanas Patria Mirabal y Mar\u00eda Teresa Mirabal, aquel fat\u00eddico 25 de noviembre de 1960\u201d,<\/em>&nbsp;manifest\u00f3 el presidente Abinader.<\/p>\n\n\n\n<p>Y agreg\u00f3:&nbsp;<em>\u201cPero la violencia que pretend\u00eda destruirlas no logr\u00f3 borrar su ejemplo. Al contrario: las elev\u00f3 para siempre al templo de los grandes de la patria, al lugar indeleble de la historia y al sitial de quienes viven eternamente en la memoria de los pueblos\u201d.<\/em><\/p>\n\n\n\n<figure class=\"wp-block-image\"><img decoding=\"async\" src=\"https:\/\/presidencia.gob.do\/sites\/default\/files\/inline-images\/WhatsApp%20Image%202026-03-12%20at%201.17.10%20PM%20%281%29.jpeg\" alt=\"\"\/><\/figure>\n\n\n\n<p><strong>Las Mariposas de la libertad. Nuestras Mariposas<\/strong><\/p>\n\n\n\n<p>Indic\u00f3 que, desde entonces, el nombre en clave de Minerva, extendido a sus hermanas&nbsp;<strong>Patria y Mar\u00eda Teresa,<\/strong>&nbsp;las consagr\u00f3 para siempre como:&nbsp;<em>\u201cLas Mariposas. Las Mariposas de la libertad. Las Mariposas de la dignidad. Las Mariposas del mundo. Nuestras Mariposas\u201d.<\/em><\/p>\n\n\n\n<p>El jefe de Estado afirm\u00f3 que el legado de las&nbsp;<strong>Hermanas Mirabal<\/strong>&nbsp;trascendi\u00f3 las fronteras dominicanas y que, gracias a su ejemplo, el mundo reconoci\u00f3 en ellas el&nbsp;<strong>s\u00edmbolo universal<\/strong>&nbsp;de todas las mujeres v\u00edctimas de la violencia, raz\u00f3n por la cual cada&nbsp;<strong>25 de noviembre<\/strong>, fecha de su asesinato, se conmemora el&nbsp;<strong>D\u00eda Internacional de la Eliminaci\u00f3n de la Violencia contra la Mujer<\/strong>.<\/p>\n\n\n\n<p>Asimismo, expuso que el&nbsp;<strong>Estado dominicano<\/strong>, reconociendo su&nbsp;<strong>hero\u00edsmo y sacrificio<\/strong>, ha honrado su memoria designando esta provincia con el nombre de Hermanas Mirabal, para que nunca se olvide su ejemplo.&nbsp;<em>\u201cHoy, incluso en los lugares m\u00e1s remotos del planeta, el nombre de las Hermanas Mirabal es reconocido y respetado. Ellas son, sin duda, la referencia dominicana m\u00e1s universal de nuestra historia\u201d.<\/em><\/p>\n\n\n\n<p>El gobernante record\u00f3 que Minerva Mirabal fue hija de&nbsp;<strong>Enrique Mirabal Fern\u00e1ndez<\/strong>, descendiente de una destacada familia arraigada en las comunidades de Palmar, Jacag\u00fca y Licey, en la provincia&nbsp;<strong>de Santiago<\/strong>. Comerciante y hacendado, Mirabal Fern\u00e1ndez emigr\u00f3 a Salcedo atra\u00eddo por el auge prometedor de esta comunidad, la fertilidad de sus tierras y las oportunidades que ofrec\u00eda el ferrocarril, que conectaba el municipio con los principales puertos del pa\u00eds.<\/p>\n\n\n\n<p>Explic\u00f3 que para entonces Salcedo comenzaba a perfilarse como un pujante enclave nacional, donde la&nbsp;<strong>agropecuaria y el comercio<\/strong>&nbsp;florec\u00edan en medio de una diversidad cosmopolita que acog\u00eda a inmigrantes de distintas nacionalidades. Muchos de ellos, obligados a abandonar sus pa\u00edses por razones pol\u00edticas, trajeron consigo&nbsp;<strong>ideas de libertad, pensamiento liberal y un profundo af\u00e1n de progreso<\/strong>, un esp\u00edritu que, seg\u00fan indic\u00f3, marcar\u00eda para siempre el car\u00e1cter de la comunidad y de su gente.<\/p>\n\n\n\n<p>Asimismo, destac\u00f3 la figura de su madre,&nbsp;<strong>Mercedes Reyes Camilo<\/strong>, nacida en la comunidad de&nbsp;<strong>Ojo de Agua<\/strong>, en este mismo municipio, quien se convirti\u00f3 en esposa y compa\u00f1era de Enrique Mirabal en 1923. Se\u00f1al\u00f3 que de esa uni\u00f3n nacieron sus cuatro hijas:&nbsp;<strong>Ded\u00e9, Patria, Mar\u00eda Teresa y Minerva Mirabal<\/strong>, tres de las cuales ser\u00edan conocidas por la historia y el mundo como Las Mariposas,&nbsp;<strong>s\u00edmbolo de<\/strong>&nbsp;<strong>valent\u00eda y resistencia<\/strong>&nbsp;frente a la dictadura de&nbsp;<strong>Rafael Le\u00f3nidas Trujillo<\/strong>.<\/p>\n\n\n\n<p>El presidente tambi\u00e9n evoc\u00f3 la figura de Enrique Mirabal Fern\u00e1ndez como un hombre de&nbsp;<strong>temple, honor y prestigio<\/strong>, reconocido por su hidalgu\u00eda, pero que tambi\u00e9n fue v\u00edctima de la tiran\u00eda. Record\u00f3 que, por negarse a someterse a los abusos del r\u00e9gimen,&nbsp;<strong>fue encarcelado, despojado de gran parte de sus bienes<\/strong>&nbsp;y sometido al rigor de las c\u00e1rceles trujillistas.<\/p>\n\n\n\n<p>Indic\u00f3 que Mirabal Fern\u00e1ndez falleci\u00f3 en 1953, apenas dos meses despu\u00e9s de haber recuperado la libertad, con su salud profundamente quebrantada por los sufrimientos de la prisi\u00f3n. A partir de entonces, se\u00f1al\u00f3, Minerva, quien compart\u00eda con su padre el mismo&nbsp;<strong>esp\u00edritu de libertad y dignidad<\/strong>, asumi\u00f3 un papel central en la lucha de su familia contra la dictadura, integrando tambi\u00e9n a sus hermanas a los&nbsp;<strong>movimientos clandestinos<\/strong>&nbsp;de la \u00e9poca.<\/p>\n\n\n\n<p>Durante el acto, el mandatario reconoci\u00f3 adem\u00e1s la presencia de algunos de los compa\u00f1eros de lucha de las hermanas Mirabal, hombres y mujeres que padecieron&nbsp;<strong>persecuci\u00f3n, c\u00e1rcel y tortura<\/strong>&nbsp;durante el r\u00e9gimen, pero que lograron sobrevivir a aquella etapa oscura de la historia dominicana.<\/p>\n\n\n\n<figure class=\"wp-block-image\"><img decoding=\"async\" src=\"https:\/\/presidencia.gob.do\/sites\/default\/files\/inline-images\/WhatsApp%20Image%202026-03-12%20at%201.17.10%20PM.jpeg\" alt=\"\"\/><\/figure>\n\n\n\n<p><strong>Avances democr\u00e1ticos alcanzados por el pa\u00eds a lo largo de las d\u00e9cadas<\/strong><\/p>\n\n\n\n<p>En la parte final de su intervenci\u00f3n, el presidente Abinader reflexion\u00f3 sobre&nbsp;<strong>los avances democr\u00e1ticos<\/strong>&nbsp;alcanzados por el pa\u00eds a lo largo de las d\u00e9cadas, se\u00f1alando que, aunque ha habido dificultades y tropiezos, el pueblo dominicano ha sabido levantarse y seguir avanzando.<\/p>\n\n\n\n<p>En ese sentido, afirm\u00f3 que hoy la Rep\u00fablica Dominicana es una democracia sustentada en el&nbsp;<strong>respeto a la Constituci\u00f3n y a las leyes<\/strong>, y destac\u00f3 que el pa\u00eds se presenta ante el mundo como un&nbsp;<strong>ejemplo de superaci\u00f3n y progreso<\/strong>. Asimismo, exhort\u00f3 a continuar trabajando con determinaci\u00f3n para construir el pa\u00eds que sue\u00f1an los dominicanos y el ideal de naci\u00f3n al que aspiran.<\/p>\n\n\n\n<p>El presidente Abinader concluy\u00f3 expresando:&nbsp;<em>\u201cLlenos de gratitud por su sacrificio digamos hoy con orgullo: \u00a1Loor a Minerva Mirabal en el inicio del centenario de su nacimiento! \u00a1Que viva la Rep\u00fablica Dominicana libre, soberana, democr\u00e1tica e independiente!\u201d.<\/em><\/p>\n\n\n\n<figure class=\"wp-block-image\"><img decoding=\"async\" src=\"https:\/\/presidencia.gob.do\/sites\/default\/files\/inline-images\/WhatsApp%20Image%202026-03-12%20at%201.17.09%20PM.jpeg\" alt=\"\"\/><\/figure>\n\n\n\n<p><strong>Agradece respaldo del presidente Abinader a la conmemoraci\u00f3n del centenario de Minerva<\/strong><\/p>\n\n\n\n<p>En nombre de la familia y de la&nbsp;<strong>Fundaci\u00f3n Hermanas Mirabal<\/strong>, Minou Tav\u00e1rez Mirabal, resalt\u00f3 que el Estado dominicano en pleno ejercicio de sus responsabilidades ante una&nbsp;<strong>hero\u00edna nacional<\/strong>&nbsp;ha acogido con acciones y entusiasmo la conmemoraci\u00f3n de los 100 a\u00f1os del natalicio de una de las madres de la patria quisqueyana:&nbsp;<strong>Minerva Argentina Mirabal Reyes.<\/strong><\/p>\n\n\n\n<p><em>\u201cGracias su excelencia, se\u00f1or presidente Luis Abinader, por aprobar el Decreto 117-26 cuyo objetivo ser\u00e1, a partir de hoy, dimensionar la figura de Minerva Mirabal en sus facetas pol\u00edticas, intelectual, art\u00edstica y humana, en tanto que la m\u00e1s conocida mujer dominicana en el plano internacional y sobre todo, gracias por siempre estar abierto ante lo que las Hermanas Mirabal con el paso de los a\u00f1os necesitan para que este presente, malagradecido e individualista, que parece devorarlo y borrarlo todo, no olvide su contribuci\u00f3n a una mejor Rep\u00fablica Dominicana\u201d,&nbsp;<\/em>proclam\u00f3 Tav\u00e1rez Mirabal.<\/p>\n\n\n\n<p>De su lado, la presidenta de la Comisi\u00f3n de Igualdad del Senado de los Estados Unidos Mexicanos,&nbsp;<strong>Martha Luc\u00eda Micher Camarena<\/strong>, resalt\u00f3 el respaldo del presidente Luis Abinader y de la primera dama Raquel Arbaje a la&nbsp;<strong>lucha por la igualdad y contra la violencia hacia las mujeres<\/strong>&nbsp;en la vida p\u00fablica.<\/p>\n\n\n\n<p>Expres\u00f3 que hoy, en el centenario del nacimiento de Minerva Mirabal, les convoca la fuerza de su ejemplo, la potencia de su pensamiento y la vigencia extraordinaria de su legado en este tiempo convulso.&nbsp;<em>\u201cCuando hablamos de Minerva Mirabal no hablamos solamente de una v\u00edctima de la violencia de una dictadura, hablamos de una mujer profundamente pol\u00edtica, hablamos de una militante que entendi\u00f3 muy temprano que la libertad no es un regalo de la historia, sino una conquista de quienes se organizan para cambiarla, hablamos de una mujer que decidi\u00f3 enfrentarse al poder m\u00e1s brutal de su tiempo con las \u00fanicas armas que tienen quienes luchan por la dignidad y esas armas son: la inteligencia, la organizaci\u00f3n, la convicci\u00f3n y el coraje\u201d.<\/em><\/p>\n\n\n\n<p>Durante el acto, la viceministra del Ministerio de Educaci\u00f3n,&nbsp;<strong>Ancell Scheker<\/strong>, anunci\u00f3 el lanzamiento de dos concursos nacionales por el centenario del natalicio de Minerva Mirabal:&nbsp;<strong>\u201cPinta la Igualdad\u201d,<\/strong>&nbsp;dirigido a estudiantes de sexto de primaria y secundaria, y el Concurso Nacional de Ensayo \u201c<strong>Minerva Mirabal: vida, obra, valores y trascendencia\u201d,<\/strong>&nbsp;para estudiantes del nivel secundario.&nbsp;<\/p>\n\n\n\n<p>Finalizado el acto, el presidente Abinader realiz\u00f3 el corte de cinta de la exposici\u00f3n&nbsp;<strong>\u201cHermanas Mirabal: Un Siglo Despu\u00e9s\u201d,<\/strong>&nbsp;que hace un recorrido por el pensamiento de Minerva Mirabal con parte de sus escritos.<\/p>\n\n\n\n<p>Estuvieron presentes la gobernadora de la provincia Hermanas Mirabal,&nbsp;<strong>Lissette Nicasio;<\/strong>&nbsp;el Defensor del Pueblo,&nbsp;<strong>Pablo Ulloa<\/strong>; el presidente de la Comisi\u00f3n Permanente de Efem\u00e9rides Patrias,&nbsp;<strong>Juan Pablo Uribe<\/strong>; la directora general de \u00c9tica e Integridad Gubernamental,&nbsp;<strong>Milagros Ortiz Bosch,<\/strong>&nbsp;y la senadora&nbsp;<strong>Mar\u00eda Mercedes Ortiz.<\/strong><\/p>\n\n\n\n<p>Con informaci\u00f3n de la Presidencia de la Rep\u00fablica.<\/p>\n","protected":false},"excerpt":{"rendered":"<p>12 de Marzo 2026 | Ojo de Agua, Hermanas Mirabal.\u2013\u00a0El presidente Luis Abinader\u00a0encabez\u00f3 este jueves los actos conmemorativos del\u00a0centenario del nacimiento de Minerva Mirabal, donde resalt\u00f3 su\u00a0liderazgo y valent\u00eda\u00a0frente a la tiran\u00eda, y el\u00a0legado de libertad\u00a0que dej\u00f3 para la Rep\u00fablica Dominicana y el mundo. Durante su intervenci\u00f3n, el mandatario manifest\u00f3 que Minerva Mirabal dej\u00f3,&nbsp;con su [&hellip;]<\/p>\n","protected":false},"author":2,"featured_media":669558,"comment_status":"open","ping_status":"closed","sticky":false,"template":"","format":"standard","meta":{"footnotes":""},"categories":[20,26,27],"tags":[5072,4568,3882],"class_list":["post-669557","post","type-post","status-publish","format-standard","has-post-thumbnail","hentry","category-dominicana-hoy","category-efemerides","category-portada","tag-minerva","tag-minerva-mirabal","tag-procuradora-general"],"_links":{"self":[{"href":"https:\/\/diariodominicano.com\/index.php?rest_route=\/wp\/v2\/posts\/669557","targetHints":{"allow":["GET"]}}],"collection":[{"href":"https:\/\/diariodominicano.com\/index.php?rest_route=\/wp\/v2\/posts"}],"about":[{"href":"https:\/\/diariodominicano.com\/index.php?rest_route=\/wp\/v2\/types\/post"}],"author":[{"embeddable":true,"href":"https:\/\/diariodominicano.com\/index.php?rest_route=\/wp\/v2\/users\/2"}],"replies":[{"embeddable":true,"href":"https:\/\/diariodominicano.com\/index.php?rest_route=%2Fwp%2Fv2%2Fcomments&post=669557"}],"version-history":[{"count":2,"href":"https:\/\/diariodominicano.com\/index.php?rest_route=\/wp\/v2\/posts\/669557\/revisions"}],"predecessor-version":[{"id":669560,"href":"https:\/\/diariodominicano.com\/index.php?rest_route=\/wp\/v2\/posts\/669557\/revisions\/669560"}],"wp:featuredmedia":[{"embeddable":true,"href":"https:\/\/diariodominicano.com\/index.php?rest_route=\/wp\/v2\/media\/669558"}],"wp:attachment":[{"href":"https:\/\/diariodominicano.com\/index.php?rest_route=%2Fwp%2Fv2%2Fmedia&parent=669557"}],"wp:term":[{"taxonomy":"category","embeddable":true,"href":"https:\/\/diariodominicano.com\/index.php?rest_route=%2Fwp%2Fv2%2Fcategories&post=669557"},{"taxonomy":"post_tag","embeddable":true,"href":"https:\/\/diariodominicano.com\/index.php?rest_route=%2Fwp%2Fv2%2Ftags&post=669557"}],"curies":[{"name":"wp","href":"https:\/\/api.w.org\/{rel}","templated":true}]}}