{"id":669529,"date":"2026-03-13T02:46:18","date_gmt":"2026-03-13T06:46:18","guid":{"rendered":"https:\/\/diariodominicano.com\/?p=669529"},"modified":"2026-03-13T02:51:44","modified_gmt":"2026-03-13T06:51:44","slug":"procuradora-general-resalta-valor-de-los-equipos-conjuntos-de-investigacion-entre-distintos-paises-para-el-exito-en-la-lucha-contra-el-narcotrafico","status":"publish","type":"post","link":"https:\/\/diariodominicano.com\/?p=669529","title":{"rendered":"Procuradora General resalta valor de los equipos conjuntos de investigaci\u00f3n entre distintos pa\u00edses para el \u00e9xito en la lucha contra el narcotr\u00e1fico"},"content":{"rendered":"\n<p><strong><em><u>Yeni Berenice intervino en un foro de trabajo de autoridades de varios pa\u00edses europeos impulsado por Naciones Unidas, a trav\u00e9s de la UNODC<\/u><\/em><\/strong><\/p>\n\n\n\n<p><strong>SANTO DOMINGO (Rep\u00fablica Dominicana).-&nbsp;La procuradora general de la Rep\u00fablica, Yeni Berenice Reynoso, valor\u00f3 este jueves la cooperaci\u00f3n jur\u00eddica internacional como el \u00fanico camino viable para enfrentar con \u00e9xito el narcotr\u00e1fico, durante un foro de trabajo auspiciado por la Organizaci\u00f3n de las Naciones Unidas (ONU) y en el que Rep\u00fablica Dominicana concurre con autoridades de varios pa\u00edses europeos.<\/strong><\/p>\n\n\n\n<figure class=\"wp-block-image\"><img decoding=\"async\" src=\"https:\/\/diariodominicano.com\/wp-content\/uploads\/2026\/03\/Procuradora-General-resalta-valor-de-los-equipos-conjuntos-de-investigacion-entre-distintos-paises-para-el-exito-en-la-lucha-contra-el-narcotrafico-1024x683.jpg\" alt=\"La imagen actual no tiene texto alternativo. El nombre del archivo es: Procuradora-General-resalta-valor-de-los-equipos-conjuntos-de-investigacion-entre-distintos-paises-para-el-exito-en-la-lucha-contra-el-narcotrafico.jpg\"\/><\/figure>\n\n\n\n<p><strong>\u201cAnte una amenaza sin fronteras, la respuesta del Estado no puede ser local. Es aqu\u00ed donde la cooperaci\u00f3n jur\u00eddica internacional deja de ser un ideal y se convierte en una l\u00ednea de defensa transnacional\u201d, dijo Reynoso, al hacer una intervenci\u00f3n en el evento realizado en un hotel del Distrito Nacional para abordar temas sobre el narcotr\u00e1fico&nbsp; en el marco de la iniciativa colaborativa de la Oficina de las Naciones Unidas contra la Droga y el Delito (UNODC).<\/strong><\/p>\n\n\n\n<p><strong>El foro estuvo encabezado por Mario Hemmerling, coordinador de la UNODC; Alberto Arean Valera, jefe de oficina de esa organizaci\u00f3n en Rep\u00fablica Dominicana, y la embajadora de Alemania en Santo Domingo, Maike Friedrichsen.<\/strong><\/p>\n\n\n\n<p><strong>Integrantes del Ministerio P\u00fablico de las \u00e1reas de investigaci\u00f3n participan en la actividad, que se desarrolla los d\u00edas 12 y 13 de marzo de este 2026, en el marco del proyecto Legal Fast, una iniciativa impulsada por la UNODC para fortalecer la cooperaci\u00f3n judicial penal entre Europa y el Caribe.<\/strong><\/p>\n\n\n\n<p><strong>Alberto Arean Valera dijo que la delincuencia organizada representa una amenaza significativa tanto para la seguridad ciudadana como para la seguridad nacional en todos los estados. En ese sentido, destac\u00f3 que \u201cla cooperaci\u00f3n internacional cobra una gran importancia y se convierte en un elemento esencial\u201d.<\/strong><\/p>\n\n\n\n<p><strong>\u201cHay espacios de mejoras y un largo camino por recorrer para fortalecer la efectividad y la prevenci\u00f3n en la lucha contra la delincuencia organizada transnacional, en particular en los campos de la cooperaci\u00f3n interinstitucional, la cooperaci\u00f3n internacional y la especializaci\u00f3n de unidades policiales y judiciales\u201d, dijo Arean Alera.<\/strong><\/p>\n\n\n\n<p><strong>\u201cEstos conceptos son fundamentales para lograr ser m\u00ednimamente eficaz en la lucha contra estos grupos que se caracterizan por su naturaleza transnacional, opacidad, flexibilidad, capacidad de adaptaci\u00f3n y de recuperaci\u00f3n, as\u00ed como por su movilidad\u201d, dijo.<\/strong><\/p>\n\n\n\n<p><strong>Mientras, la procuradora general record\u00f3 que el narcotr\u00e1fico opera como un generador primario de violencia, que financia el sicariato. \u201cEs imposible que el narcotr\u00e1fico a gran escala no genere estas manifestaciones de violencia, lo hemos visto en cada pa\u00eds que tiene un tema importante de narcotr\u00e1fico\u201d, dijo.<\/strong><\/p>\n\n\n\n<p><strong>\u201cY es que los conflictos entre grupos, los carteles, generan, como una consecuencia indetenible, estos actos de violencia que atentan contra la democracia, la estabilidad econ\u00f3mica y la seguridad ciudadana de todos los pa\u00edses\u201d, a\u00f1adi\u00f3.<\/strong><\/p>\n\n\n\n<p><strong>Tambi\u00e9n, dijo que se trata de un detractor del sistema de salud p\u00fablica, que condena a miles de ciudadanos a la adicci\u00f3n, saturando los sistemas m\u00e9dicos y destruyendo el tejido social en el que se sustenta cualquier sociedad.<\/strong><\/p>\n\n\n\n<p><strong>Refiri\u00f3 que no hay narcotr\u00e1fico a gran escala sin tr\u00e1fico de armas. \u201cLos carteles necesitan protegerse, proteger su ruta, proteger su territorio, proteger su negocio y su ganancia, y siempre entienden que uno de los medios que m\u00e1s les garantiza esa protecci\u00f3n, son las armas\u201d, expuso.<\/strong><\/p>\n\n\n\n<p><strong>Se\u00f1al\u00f3, tambi\u00e9n, que el narcotr\u00e1fico es un motor de corrupci\u00f3n. \u201cNo hay forma de combatir de manera eficiente el narcotr\u00e1fico sin luchar contra la corrupci\u00f3n\u201d.<\/strong><\/p>\n\n\n\n<p><strong>Dijo que cuando un cargamento pasa por un aeropuerto de Rep\u00fablica Dominicana para cualquier pa\u00eds de Europa es porque alguien se corrompe. \u201cDe ah\u00ed que la lucha contra la corrupci\u00f3n para el Ministerio P\u00fablico de la Rep\u00fablica Dominicana tiene que ser indispensable para ser eficiente en la lucha contra todas las manifestaciones de criminalidad organizada\u201d, manifest\u00f3.<\/strong><\/p>\n\n\n\n<p><strong>Durante su exposici\u00f3n, Yeni Berenice, igualmente, dijo, que el narcotr\u00e1fico tambi\u00e9n est\u00e1 asociado a la violencia intrafamiliar y a la violencia juvenil, adem\u00e1s de ser un socio importante de la trata y tr\u00e1fico de personas.<\/strong><\/p>\n\n\n\n<p><strong>\u201cEl caso que nos re\u00fane este d\u00eda tiene que ser apenas el inicio de un nuevo modelo de coordinar. Para Rep\u00fablica Dominicana la cooperaci\u00f3n jur\u00eddica internacional es un factor de primer orden y le he dicho a mi director de cooperaci\u00f3n, el procurador general adjunto Osvaldo Bonilla, que en ning\u00fan caso debemos pasar de un mes para dar una cooperaci\u00f3n\u201d. Ponder\u00f3 la utilizaci\u00f3n de los medios electr\u00f3nicos para el avance del proceso.<\/strong><\/p>\n\n\n\n<p><strong>Destac\u00f3 la necesidad de implementar una nueva ola de cooperaci\u00f3n, que sea eficiente, activa y oportuna, que lleve a un reenfoque total sobre la lucha contra la criminalidad organizada.<\/strong><\/p>\n\n\n\n<p><strong>Valor\u00f3 la propuesta de formar equipos conjuntos de investigaci\u00f3n entre los pa\u00edses, de sincronizar las evidencias del Ministerio P\u00fablico dominicano o de sus agencias de investigaci\u00f3n con las polic\u00edas y fiscal\u00edas de los pa\u00edses de Europa, as\u00ed como de evaluar los mecanismos de extradici\u00f3n y asistencia jur\u00eddica.<\/strong><\/p>\n\n\n\n<p><strong>\u201cNo podemos combatir redes globales con estrategias locales. Si ellos comparten rutas y log\u00edstica, nosotros estamos obligados a compartir inteligencia, evidencia y fuerza operativa. No son m\u00e1s fuertes, no es cierto, no tienen m\u00e1s recursos, tambi\u00e9n es falso, es solo que ellos se coordinan y lo hacen muy bien\u201d, expuso.<\/strong><\/p>\n\n\n\n<p><strong>Al proponer un cambio de estrategia para enfrentar la actividad criminal, se\u00f1al\u00f3 que muchos pa\u00edses se han quedado atrapados en una cooperaci\u00f3n del siglo XIX para enfrentar una criminalidad del siglo XXI, por lo que enfatiz\u00f3 en la necesidad de implementar una nueva ola de cooperaci\u00f3n.<\/strong><\/p>\n\n\n\n<p><strong>Direcci\u00f3n General de Comunicaci\u00f3n, Prensa y RRPP<\/strong><\/p>\n\n\n\n<p><strong>Ministerio P\u00fablico RD<\/strong><\/p>\n\n\n\n<p><strong>Comunicaciones PGR <a href=\"mailto:comunicaciones@pgr.gob.do\">comunicaciones@pgr.gob.do<\/a><\/strong><\/p>\n","protected":false},"excerpt":{"rendered":"<p>Yeni Berenice intervino en un foro de trabajo de autoridades de varios pa\u00edses europeos impulsado por Naciones Unidas, a trav\u00e9s de la UNODC SANTO DOMINGO (Rep\u00fablica Dominicana).-&nbsp;La procuradora general de la Rep\u00fablica, Yeni Berenice Reynoso, valor\u00f3 este jueves la cooperaci\u00f3n jur\u00eddica internacional como el \u00fanico camino viable para enfrentar con \u00e9xito el narcotr\u00e1fico, durante un [&hellip;]<\/p>\n","protected":false},"author":7,"featured_media":669554,"comment_status":"closed","ping_status":"closed","sticky":false,"template":"","format":"standard","meta":{"footnotes":""},"categories":[24],"tags":[171,3882],"class_list":["post-669529","post","type-post","status-publish","format-standard","has-post-thumbnail","hentry","category-justicia-y-derecho","tag-ministerio-publico","tag-procuradora-general"],"_links":{"self":[{"href":"https:\/\/diariodominicano.com\/index.php?rest_route=\/wp\/v2\/posts\/669529","targetHints":{"allow":["GET"]}}],"collection":[{"href":"https:\/\/diariodominicano.com\/index.php?rest_route=\/wp\/v2\/posts"}],"about":[{"href":"https:\/\/diariodominicano.com\/index.php?rest_route=\/wp\/v2\/types\/post"}],"author":[{"embeddable":true,"href":"https:\/\/diariodominicano.com\/index.php?rest_route=\/wp\/v2\/users\/7"}],"replies":[{"embeddable":true,"href":"https:\/\/diariodominicano.com\/index.php?rest_route=%2Fwp%2Fv2%2Fcomments&post=669529"}],"version-history":[{"count":1,"href":"https:\/\/diariodominicano.com\/index.php?rest_route=\/wp\/v2\/posts\/669529\/revisions"}],"predecessor-version":[{"id":669556,"href":"https:\/\/diariodominicano.com\/index.php?rest_route=\/wp\/v2\/posts\/669529\/revisions\/669556"}],"wp:featuredmedia":[{"embeddable":true,"href":"https:\/\/diariodominicano.com\/index.php?rest_route=\/wp\/v2\/media\/669554"}],"wp:attachment":[{"href":"https:\/\/diariodominicano.com\/index.php?rest_route=%2Fwp%2Fv2%2Fmedia&parent=669529"}],"wp:term":[{"taxonomy":"category","embeddable":true,"href":"https:\/\/diariodominicano.com\/index.php?rest_route=%2Fwp%2Fv2%2Fcategories&post=669529"},{"taxonomy":"post_tag","embeddable":true,"href":"https:\/\/diariodominicano.com\/index.php?rest_route=%2Fwp%2Fv2%2Ftags&post=669529"}],"curies":[{"name":"wp","href":"https:\/\/api.w.org\/{rel}","templated":true}]}}