{"id":669526,"date":"2026-03-13T02:03:39","date_gmt":"2026-03-13T06:03:39","guid":{"rendered":"https:\/\/diariodominicano.com\/?p=669526"},"modified":"2026-03-13T02:03:48","modified_gmt":"2026-03-13T06:03:48","slug":"prision-para-mujer-imputada-de-maltratar-nina-en-centro-de-cuidado-infantil-de-sde","status":"publish","type":"post","link":"https:\/\/diariodominicano.com\/?p=669526","title":{"rendered":"Prisi\u00f3n para mujer imputada de maltratar ni\u00f1a en centro de cuidado infantil de SDE"},"content":{"rendered":"\n<p><strong>SANTO DOMINGO (Rep\u00fablica Dominicana).-&nbsp;Al analizar las evidencias aportadas por el Ministerio P\u00fablico, un tribunal impuso tres meses de prisi\u00f3n preventiva a la joven imputada de maltratar a una ni\u00f1a de dos a\u00f1os de edad en un centro de cuidado infantil donde laboraba como profesora, localizado en la calle Costa Rica, del sector Alma Rosa I, en el municipio Santo Domingo Este.<\/strong><\/p>\n\n\n\n<p><strong>La Oficina Judicial de Servicios de Atenci\u00f3n Permanente de Santo Domingo Este impuso la medida de coerci\u00f3n a Yamelsy Matos Beltr\u00e9, de 25 a\u00f1os de edad, quien deber\u00e1 cumplirla en el Centro de Correcci\u00f3n y Rehabilitaci\u00f3n Najayo Mujeres, en la provincia San Crist\u00f3bal.<\/strong><\/p>\n\n\n\n<p><strong>El Ministerio P\u00fablico inform\u00f3 que, aunque la v\u00edctima haya desistido, continuar\u00e1 con el proceso judicial de oficio debido a la gravedad del caso que involucra a una v\u00edctima en estado de vulnerabilidad por su edad y por existir pruebas suficientes que les vinculan al grave hecho.<\/strong><\/p>\n\n\n\n<p><strong>La solicitud de medida de coerci\u00f3n indica que los hechos ocurrieron el pasado 5 de marzo. Se\u00f1ala que la imputada agredi\u00f3 f\u00edsicamente a la v\u00edctima cuando la alimentaba mientras la ni\u00f1a se encontraba bajo su cuidado en dicho centro.<\/strong><\/p>\n\n\n\n<p><strong>Las investigaciones del caso iniciaron tras la difusi\u00f3n de un v\u00eddeo a trav\u00e9s de las redes sociales, donde se observa a la docente cometer la agresi\u00f3n. Mientras era perseguida por el caso, la imputada se entreg\u00f3 la noche del domingo ante la Unidad de Atenci\u00f3n Integral a V\u00edctimas de Violencia de G\u00e9nero, Intrafamiliar y Delitos Sexuales de Santo Domingo Este, donde se ejecut\u00f3 su arresto.<\/strong><\/p>\n\n\n\n<p><strong>El Ministerio P\u00fablico ha otorgado al caso la calificaci\u00f3n jur\u00eddica de violaci\u00f3n a los art\u00edculos 309 del C\u00f3digo Penal dominicano, modificado por la Ley 24-97 sobre Violencia de G\u00e9nero e Intrafamiliar y los art\u00edculos 12, 13, 14, 15, 16, 17, 18&nbsp;\u0443&nbsp;396, literales a, b), de la Ley 136-03, que crea el C\u00f3digo para la Protecci\u00f3n y los Derechos Fundamentales de Ni\u00f1os, Ni\u00f1as y Adolescentes.<\/strong><\/p>\n\n\n\n<p><strong>La solicitud de medida de coerci\u00f3n fue sustentada por la fiscal Ayeisa Cede\u00f1o con diferentes pruebas testimoniales, periciales, procesales, documentales y audiovisuales, incluyendo el v\u00eddeo difundido por las redes sociales.<\/strong><\/p>\n\n\n\n<p><strong>El Ministerio P\u00fablico estuvo representado en la audiencia por el fiscal litigante Tito \u00d3seas Gonz\u00e1lez, quien estableci\u00f3 la vinculaci\u00f3n de la imputada con el caso ante el juez Leomar Cruz.<\/strong><\/p>\n\n\n\n<p><strong>Direcci\u00f3n General de Comunicaci\u00f3n, Prensa y RRPP<\/strong><\/p>\n\n\n\n<p><strong>Ministerio P\u00fablico RD<\/strong><\/p>\n\n\n\n<p><strong>Comunicaciones PGR <a href=\"mailto:comunicaciones@pgr.gob.do\">comunicaciones@pgr.gob.do<\/a><\/strong><\/p>\n","protected":false},"excerpt":{"rendered":"<p>SANTO DOMINGO (Rep\u00fablica Dominicana).-&nbsp;Al analizar las evidencias aportadas por el Ministerio P\u00fablico, un tribunal impuso tres meses de prisi\u00f3n preventiva a la joven imputada de maltratar a una ni\u00f1a de dos a\u00f1os de edad en un centro de cuidado infantil donde laboraba como profesora, localizado en la calle Costa Rica, del sector Alma Rosa I, [&hellip;]<\/p>\n","protected":false},"author":7,"featured_media":620351,"comment_status":"closed","ping_status":"closed","sticky":false,"template":"","format":"standard","meta":{"footnotes":""},"categories":[24],"tags":[171,4058],"class_list":["post-669526","post","type-post","status-publish","format-standard","has-post-thumbnail","hentry","category-justicia-y-derecho","tag-ministerio-publico","tag-sde"],"_links":{"self":[{"href":"https:\/\/diariodominicano.com\/index.php?rest_route=\/wp\/v2\/posts\/669526","targetHints":{"allow":["GET"]}}],"collection":[{"href":"https:\/\/diariodominicano.com\/index.php?rest_route=\/wp\/v2\/posts"}],"about":[{"href":"https:\/\/diariodominicano.com\/index.php?rest_route=\/wp\/v2\/types\/post"}],"author":[{"embeddable":true,"href":"https:\/\/diariodominicano.com\/index.php?rest_route=\/wp\/v2\/users\/7"}],"replies":[{"embeddable":true,"href":"https:\/\/diariodominicano.com\/index.php?rest_route=%2Fwp%2Fv2%2Fcomments&post=669526"}],"version-history":[{"count":1,"href":"https:\/\/diariodominicano.com\/index.php?rest_route=\/wp\/v2\/posts\/669526\/revisions"}],"predecessor-version":[{"id":669543,"href":"https:\/\/diariodominicano.com\/index.php?rest_route=\/wp\/v2\/posts\/669526\/revisions\/669543"}],"wp:featuredmedia":[{"embeddable":true,"href":"https:\/\/diariodominicano.com\/index.php?rest_route=\/wp\/v2\/media\/620351"}],"wp:attachment":[{"href":"https:\/\/diariodominicano.com\/index.php?rest_route=%2Fwp%2Fv2%2Fmedia&parent=669526"}],"wp:term":[{"taxonomy":"category","embeddable":true,"href":"https:\/\/diariodominicano.com\/index.php?rest_route=%2Fwp%2Fv2%2Fcategories&post=669526"},{"taxonomy":"post_tag","embeddable":true,"href":"https:\/\/diariodominicano.com\/index.php?rest_route=%2Fwp%2Fv2%2Ftags&post=669526"}],"curies":[{"name":"wp","href":"https:\/\/api.w.org\/{rel}","templated":true}]}}