{"id":669524,"date":"2026-03-13T01:17:22","date_gmt":"2026-03-13T05:17:22","guid":{"rendered":"https:\/\/diariodominicano.com\/?p=669524"},"modified":"2026-03-13T01:17:38","modified_gmt":"2026-03-13T05:17:38","slug":"seguros-reservas-junto-a-corredores-de-seguros-celebra-su-vigesimo-cuarto-aniversario","status":"publish","type":"post","link":"https:\/\/diariodominicano.com\/?p=669524","title":{"rendered":"Seguros Reservas junto a corredores de seguros celebra su vig\u00e9simo cuarto aniversario\u00a0"},"content":{"rendered":"\n<p>La actividad permiti\u00f3 reconocer a los corredores que alcanzaron las metas de producci\u00f3n en 2025 y fortalecer los lazos con este importante canal de intermediaci\u00f3n.<\/p>\n\n\n\n<p><strong>Santo Domingo, Rep\u00fablica Dominicana<\/strong>.- Seguros Reservas celebr\u00f3 un c\u00f3ctel conmemorativo con motivo de su 24\u00b0 aniversario, en un encuentro que reuni\u00f3 a corredores de seguros, destacados reaseguradores, ejecutivos de la instituci\u00f3n, miembros del Consejo de Administraci\u00f3n y de su casa matriz, el Banco de Reservas, para celebrar los logros alcanzados.&nbsp;<\/p>\n\n\n\n<p>En la actividad fueron reconocidos los corredores que superaron las metas de producci\u00f3n el pasado a\u00f1o, destacando su compromiso, desempe\u00f1o y contribuci\u00f3n al crecimiento sostenido de la empresa. El encuentro tambi\u00e9n sirvi\u00f3 como espacio para reafirmar la estrecha relaci\u00f3n que Seguros Reservas mantiene con los intermediarios que forman parte fundamental de su red comercial.<\/p>\n\n\n\n<figure class=\"wp-block-gallery has-nested-images columns-default is-cropped wp-block-gallery-1 is-layout-flex wp-block-gallery-is-layout-flex\">\n<figure class=\"wp-block-image size-large\"><img loading=\"lazy\" decoding=\"async\" width=\"1024\" height=\"683\" data-id=\"669537\" src=\"https:\/\/diariodominicano.com\/wp-content\/uploads\/2026\/03\/Julio-Cesar-Valentin-superintendente-de-Seguros-y-Eduardo-Sanz-Lovaton-ministro-del-MICM-en-el-coctel-con-motivo-del-24.o-aniversario-de-Seguros-Reservas-1024x683.jpg\" alt=\"\" class=\"wp-image-669537\" srcset=\"https:\/\/diariodominicano.com\/wp-content\/uploads\/2026\/03\/Julio-Cesar-Valentin-superintendente-de-Seguros-y-Eduardo-Sanz-Lovaton-ministro-del-MICM-en-el-coctel-con-motivo-del-24.o-aniversario-de-Seguros-Reservas-1024x683.jpg 1024w, https:\/\/diariodominicano.com\/wp-content\/uploads\/2026\/03\/Julio-Cesar-Valentin-superintendente-de-Seguros-y-Eduardo-Sanz-Lovaton-ministro-del-MICM-en-el-coctel-con-motivo-del-24.o-aniversario-de-Seguros-Reservas-300x200.jpg 300w, https:\/\/diariodominicano.com\/wp-content\/uploads\/2026\/03\/Julio-Cesar-Valentin-superintendente-de-Seguros-y-Eduardo-Sanz-Lovaton-ministro-del-MICM-en-el-coctel-con-motivo-del-24.o-aniversario-de-Seguros-Reservas-768x512.jpg 768w, https:\/\/diariodominicano.com\/wp-content\/uploads\/2026\/03\/Julio-Cesar-Valentin-superintendente-de-Seguros-y-Eduardo-Sanz-Lovaton-ministro-del-MICM-en-el-coctel-con-motivo-del-24.o-aniversario-de-Seguros-Reservas-816x544.jpg 816w, https:\/\/diariodominicano.com\/wp-content\/uploads\/2026\/03\/Julio-Cesar-Valentin-superintendente-de-Seguros-y-Eduardo-Sanz-Lovaton-ministro-del-MICM-en-el-coctel-con-motivo-del-24.o-aniversario-de-Seguros-Reservas.jpg 1200w\" sizes=\"auto, (max-width: 1024px) 100vw, 1024px\" \/><figcaption class=\"wp-element-caption\">Julio C\u00e9sar Valent\u00edn, superintendente de Seguros; y Eduardo Sanz Lovat\u00f3n, ministro del MICM, en el coctel con motivo del 24.o aniversario de Seguros Reservas <\/figcaption><\/figure>\n<\/figure>\n\n\n\n<p>Durante el encuentro, el vicepresidente ejecutivo de Seguros Reservas, <strong>Luis Valdez Veras<\/strong>, expres\u00f3 la enorme satisfacci\u00f3n que representa formar parte de una instituci\u00f3n respaldada por un equipo de profesionales que est\u00e1n dejando una huella significativa en la industria aseguradora dominicana.<\/p>\n\n\n\n<p>Valdez Veras reconoci\u00f3 la labor de los corredores de seguros, resaltando que no son simplemente un canal m\u00e1s dentro del negocio asegurador, sino asesores estrat\u00e9gicos de los clientes. En ese sentido, destac\u00f3 que los corredores interpretan necesidades, explican condiciones y acompa\u00f1an decisiones que impactan directamente el patrimonio y la tranquilidad de personas y empresas.<\/p>\n\n\n\n<figure class=\"wp-block-gallery has-nested-images columns-default is-cropped wp-block-gallery-2 is-layout-flex wp-block-gallery-is-layout-flex\">\n<figure class=\"wp-block-image size-large\"><img loading=\"lazy\" decoding=\"async\" width=\"1024\" height=\"574\" data-id=\"669536\" src=\"https:\/\/diariodominicano.com\/wp-content\/uploads\/2026\/03\/Juan-Mustafa-vicepresidente-ejecutivo-senior-de-Empresas-Subsidiarias-Reservas-Luis-Valdez-Veras-vicepresidente-ejecutivo-de-Seguros-Reservas-1024x574.jpg\" alt=\"\" class=\"wp-image-669536\" srcset=\"https:\/\/diariodominicano.com\/wp-content\/uploads\/2026\/03\/Juan-Mustafa-vicepresidente-ejecutivo-senior-de-Empresas-Subsidiarias-Reservas-Luis-Valdez-Veras-vicepresidente-ejecutivo-de-Seguros-Reservas-1024x574.jpg 1024w, https:\/\/diariodominicano.com\/wp-content\/uploads\/2026\/03\/Juan-Mustafa-vicepresidente-ejecutivo-senior-de-Empresas-Subsidiarias-Reservas-Luis-Valdez-Veras-vicepresidente-ejecutivo-de-Seguros-Reservas-300x168.jpg 300w, https:\/\/diariodominicano.com\/wp-content\/uploads\/2026\/03\/Juan-Mustafa-vicepresidente-ejecutivo-senior-de-Empresas-Subsidiarias-Reservas-Luis-Valdez-Veras-vicepresidente-ejecutivo-de-Seguros-Reservas-768x431.jpg 768w, https:\/\/diariodominicano.com\/wp-content\/uploads\/2026\/03\/Juan-Mustafa-vicepresidente-ejecutivo-senior-de-Empresas-Subsidiarias-Reservas-Luis-Valdez-Veras-vicepresidente-ejecutivo-de-Seguros-Reservas-816x458.jpg 816w, https:\/\/diariodominicano.com\/wp-content\/uploads\/2026\/03\/Juan-Mustafa-vicepresidente-ejecutivo-senior-de-Empresas-Subsidiarias-Reservas-Luis-Valdez-Veras-vicepresidente-ejecutivo-de-Seguros-Reservas.jpg 1200w\" sizes=\"auto, (max-width: 1024px) 100vw, 1024px\" \/><figcaption class=\"wp-element-caption\">Juan Mustaf\u00e1, vicepresidente ejecutivo senior de Empresas Subsidiarias Reservas; Luis Valdez Veras, vicepresidente ejecutivo de Seguros Reservas; Leonardo Aguilera, presidente ejecutivo de Banreservas; Julio C\u00e9sar Valent\u00edn, superintendente de Seguros; e Ysidro Garc\u00eda, vicepresidente ejecutivo senior de Negocios, en el coctel con motivo del 24.o aniversario de Seguros Reservas. <\/figcaption><\/figure>\n<\/figure>\n\n\n\n<p>De su lado, el superintendente de Seguros, <strong>Julio C\u00e9sar Valent\u00edn<\/strong>, se dirigi\u00f3 a los presentes para felicitar la amplia trayectoria de Seguros Reservas, resaltando su crecimiento sostenido y su contribuci\u00f3n al fortalecimiento del sector. Durante sus palabras, destac\u00f3 adem\u00e1s la solidez que exhibe actualmente la industria aseguradora dominicana.&nbsp;<\/p>\n\n\n\n<figure class=\"wp-block-gallery has-nested-images columns-default is-cropped wp-block-gallery-3 is-layout-flex wp-block-gallery-is-layout-flex\">\n<figure class=\"wp-block-image size-large\"><img loading=\"lazy\" decoding=\"async\" width=\"1024\" height=\"683\" data-id=\"669534\" src=\"https:\/\/diariodominicano.com\/wp-content\/uploads\/2026\/03\/Nelson-Arroyo-pasado-vicepresidente-de-Seguros-Reservas-Ana-Pou-vicepresidenta-ejecutiva-senior-Capital-Humano-1024x683.jpg\" alt=\"\" class=\"wp-image-669534\" srcset=\"https:\/\/diariodominicano.com\/wp-content\/uploads\/2026\/03\/Nelson-Arroyo-pasado-vicepresidente-de-Seguros-Reservas-Ana-Pou-vicepresidenta-ejecutiva-senior-Capital-Humano-1024x683.jpg 1024w, https:\/\/diariodominicano.com\/wp-content\/uploads\/2026\/03\/Nelson-Arroyo-pasado-vicepresidente-de-Seguros-Reservas-Ana-Pou-vicepresidenta-ejecutiva-senior-Capital-Humano-300x200.jpg 300w, https:\/\/diariodominicano.com\/wp-content\/uploads\/2026\/03\/Nelson-Arroyo-pasado-vicepresidente-de-Seguros-Reservas-Ana-Pou-vicepresidenta-ejecutiva-senior-Capital-Humano-768x512.jpg 768w, https:\/\/diariodominicano.com\/wp-content\/uploads\/2026\/03\/Nelson-Arroyo-pasado-vicepresidente-de-Seguros-Reservas-Ana-Pou-vicepresidenta-ejecutiva-senior-Capital-Humano-816x544.jpg 816w, https:\/\/diariodominicano.com\/wp-content\/uploads\/2026\/03\/Nelson-Arroyo-pasado-vicepresidente-de-Seguros-Reservas-Ana-Pou-vicepresidenta-ejecutiva-senior-Capital-Humano.jpg 1200w\" sizes=\"auto, (max-width: 1024px) 100vw, 1024px\" \/><figcaption class=\"wp-element-caption\">Nelson Arroyo, pasado vicepresidente de Seguros Reservas; Ana Pou, vicepresidenta ejecutiva senior Capital Humano, Tecnolog\u00eda y Operaciones Banreservas; y Juan Mustaf\u00e1, vicepresidente ejecutivo senior de Empresas Subsidiarias, en el coctel con motivo del 24.o aniversario de Seguros Reservas <\/figcaption><\/figure>\n<\/figure>\n\n\n\n<p>Por su parte, el <strong>doctor Leonardo Aguilera<\/strong>, presidente del Consejo de Administraci\u00f3n de Seguros Reservas y presidente Ejecutivo del Banco de Reservas de la Rep\u00fablica Dominicana, expres\u00f3 el orgullo de contar dentro de la gran familia Reservas con esta importante filial, resaltando el significativo aporte que ha realizado durante m\u00e1s de dos d\u00e9cadas para promover el bienestar, la protecci\u00f3n patrimonial y la tranquilidad de miles de familias dominicanas.<\/p>\n\n\n\n<p>La celebraci\u00f3n del 24\u00b0 aniversario reafirma el compromiso de Seguros Reservas con el desarrollo del sector asegurador dominicano, la excelencia en el servicio y el fortalecimiento de alianzas estrat\u00e9gicas que contin\u00faan impulsando su crecimiento y su posicionamiento en el mercado.<\/p>\n\n\n\n<p><strong>Acerca de Seguros Reservas<\/strong><\/p>\n\n\n\n<p>Seguros Reservas es una empresa que cuenta con 24 a\u00f1os de gesti\u00f3n y funcionamiento en el sector asegurador. El comportamiento de sus principales indicadores la consolidan como la segunda compa\u00f1\u00eda de seguros del mercado por volumen de primas, resultado de una trayectoria sostenida, una cartera diversificada y una gesti\u00f3n prudente del riesgo, orientada a la protecci\u00f3n de los intereses de los asegurados, intermediarios y aliados estrat\u00e9gicos.<\/p>\n\n\n\n<p>La empresa cuenta con dos calificaciones de riesgo otorgadas por firmas especializadas de prestigio internacional, las cuales eval\u00faan su capacidad financiera, solvencia y desempe\u00f1o t\u00e9cnico. Estas evaluaciones independientes respaldan la fortaleza patrimonial y la adecuada administraci\u00f3n de sus compromisos:&nbsp;<\/p>\n\n\n\n<ul class=\"wp-block-list\">\n<li><strong>Calificaci\u00f3n de riesgo A- Excellent otorgada por AM Best<\/strong>, firma internacional l\u00edder en la evaluaci\u00f3n de aseguradoras a nivel global, reconocida por su enfoque t\u00e9cnico en la solidez financiera, desempe\u00f1o operativo y capacidad de cumplimiento de obligaciones con los asegurados.<\/li>\n\n\n\n<li><strong>Calificaci\u00f3n de riesgo AAA emitida por Feller Rate<\/strong>, agencia clasificadora con amplia trayectoria en Am\u00e9rica Latina, especializada en el an\u00e1lisis independiente de riesgo crediticio y financiero de instituciones del sector asegurador y financiero.<\/li>\n<\/ul>\n\n\n\n<p>Entre las principales fortalezas financieras y operativas de la empresa al cierre de 2025, se destacan:<\/p>\n\n\n\n<ul class=\"wp-block-list\">\n<li>Crecimiento sostenido de las primas suscritas al cierre de diciembre de 2025, por RD$27,482 millones evidenciando una evoluci\u00f3n positiva de su cartera.<\/li>\n\n\n\n<li>\u00cdndice de solvencia de 3.1, que supera los requerimientos regulatorios vigentes de un 1.<\/li>\n\n\n\n<li>Utilidades netas por RD$2,679 millones, las m\u00e1s altas en los \u00faltimos a\u00f1os.<\/li>\n\n\n\n<li>Resultados t\u00e9cnicos y financieros favorables, sustentados en una gesti\u00f3n eficiente y disciplinada.<\/li>\n\n\n\n<li>Crecimiento interanual positivo, en l\u00ednea con los objetivos estrat\u00e9gicos de la organizaci\u00f3n.\u00a0<\/li>\n\n\n\n<li>Pol\u00edtica de inversiones prudente, orientada a la seguridad, liquidez y rentabilidad, conforme a la Ley 146-02 sobre Seguros y Fianzas en la Rep\u00fablica Dominicana y a las disposiciones de la Superintendencia de Seguros.<\/li>\n<\/ul>\n\n\n\n<p>Seguros Reservas se consolida como una empresa cercana, confiable y comprometida con el bienestar de la gente y el desarrollo del pa\u00eds.<\/p>\n\n\n\n<p>Buz\u00f3n Gerencia de Medios de Comunicaci\u00f3n <a href=\"mailto:buzoninformefinancie@banreservas.com\">buzoninformefinancie@banreservas.com<\/a><\/p>\n","protected":false},"excerpt":{"rendered":"<p>La actividad permiti\u00f3 reconocer a los corredores que alcanzaron las metas de producci\u00f3n en 2025 y fortalecer los lazos con este importante canal de intermediaci\u00f3n. Santo Domingo, Rep\u00fablica Dominicana.- Seguros Reservas celebr\u00f3 un c\u00f3ctel conmemorativo con motivo de su 24\u00b0 aniversario, en un encuentro que reuni\u00f3 a corredores de seguros, destacados reaseguradores, ejecutivos de la [&hellip;]<\/p>\n","protected":false},"author":7,"featured_media":669535,"comment_status":"closed","ping_status":"closed","sticky":false,"template":"","format":"standard","meta":{"footnotes":""},"categories":[36],"tags":[1903],"class_list":["post-669524","post","type-post","status-publish","format-standard","has-post-thumbnail","hentry","category-hombresmujeresycosas","tag-seguros-reservas"],"_links":{"self":[{"href":"https:\/\/diariodominicano.com\/index.php?rest_route=\/wp\/v2\/posts\/669524","targetHints":{"allow":["GET"]}}],"collection":[{"href":"https:\/\/diariodominicano.com\/index.php?rest_route=\/wp\/v2\/posts"}],"about":[{"href":"https:\/\/diariodominicano.com\/index.php?rest_route=\/wp\/v2\/types\/post"}],"author":[{"embeddable":true,"href":"https:\/\/diariodominicano.com\/index.php?rest_route=\/wp\/v2\/users\/7"}],"replies":[{"embeddable":true,"href":"https:\/\/diariodominicano.com\/index.php?rest_route=%2Fwp%2Fv2%2Fcomments&post=669524"}],"version-history":[{"count":1,"href":"https:\/\/diariodominicano.com\/index.php?rest_route=\/wp\/v2\/posts\/669524\/revisions"}],"predecessor-version":[{"id":669538,"href":"https:\/\/diariodominicano.com\/index.php?rest_route=\/wp\/v2\/posts\/669524\/revisions\/669538"}],"wp:featuredmedia":[{"embeddable":true,"href":"https:\/\/diariodominicano.com\/index.php?rest_route=\/wp\/v2\/media\/669535"}],"wp:attachment":[{"href":"https:\/\/diariodominicano.com\/index.php?rest_route=%2Fwp%2Fv2%2Fmedia&parent=669524"}],"wp:term":[{"taxonomy":"category","embeddable":true,"href":"https:\/\/diariodominicano.com\/index.php?rest_route=%2Fwp%2Fv2%2Fcategories&post=669524"},{"taxonomy":"post_tag","embeddable":true,"href":"https:\/\/diariodominicano.com\/index.php?rest_route=%2Fwp%2Fv2%2Ftags&post=669524"}],"curies":[{"name":"wp","href":"https:\/\/api.w.org\/{rel}","templated":true}]}}