{"id":669481,"date":"2026-03-12T16:57:54","date_gmt":"2026-03-12T20:57:54","guid":{"rendered":"https:\/\/diariodominicano.com\/?p=669481"},"modified":"2026-03-12T16:57:58","modified_gmt":"2026-03-12T20:57:58","slug":"banco-popular-presenta-campana-institucional-la-economia-de-la-bondad","status":"publish","type":"post","link":"https:\/\/diariodominicano.com\/?p=669481","title":{"rendered":"Banco Popular presenta campa\u00f1a institucional \u201cLa econom\u00eda de la bondad"},"content":{"rendered":"\n<p>Invita a reconocer los actos cotidianos de altruismo y amabilidad como motor de progreso colectivo<\/p>\n\n\n\n<p>Santo Domingo, D.N. \u2013 El Banco Popular Dominicano present\u00f3 su nueva campa\u00f1a institucional \u201cLa econom\u00eda de la bondad\u201d, en la que rescata la idea de que el verdadero progreso de un pa\u00eds nace de los actos de altruismo y amabilidad cotidianos de su gente, gestos simples que fortalecen la confianza, construyen comunidad y generan un impacto que trasciende m\u00e1s all\u00e1 de lo econ\u00f3mico.<\/p>\n\n\n\n<p>La campa\u00f1a parte de una verdad arraigada en la identidad dominicana de que el esfuerzo colectivo es clave para el progreso. En ese acompa\u00f1amiento mutuo, en los buenos tratos, en la mano que apoya y en la acci\u00f3n solidaria que se multiplica, reside una fuerza transformadora capaz de mover al pa\u00eds hacia adelante.<\/p>\n\n\n\n<figure class=\"wp-block-gallery has-nested-images columns-default is-cropped wp-block-gallery-1 is-layout-flex wp-block-gallery-is-layout-flex\">\n<figure class=\"wp-block-image size-large\"><img loading=\"lazy\" decoding=\"async\" width=\"1024\" height=\"683\" data-id=\"669497\" src=\"https:\/\/diariodominicano.com\/wp-content\/uploads\/2026\/03\/Escena-de-La-economia-de-la-bondad-campana-que-rescata-la-idea-de-que-el-verdadero-progreso-de-un-pais-nace-de-los-actos-de-altruismo-1024x683.jpg\" alt=\"\" class=\"wp-image-669497\" srcset=\"https:\/\/diariodominicano.com\/wp-content\/uploads\/2026\/03\/Escena-de-La-economia-de-la-bondad-campana-que-rescata-la-idea-de-que-el-verdadero-progreso-de-un-pais-nace-de-los-actos-de-altruismo-1024x683.jpg 1024w, https:\/\/diariodominicano.com\/wp-content\/uploads\/2026\/03\/Escena-de-La-economia-de-la-bondad-campana-que-rescata-la-idea-de-que-el-verdadero-progreso-de-un-pais-nace-de-los-actos-de-altruismo-300x200.jpg 300w, https:\/\/diariodominicano.com\/wp-content\/uploads\/2026\/03\/Escena-de-La-economia-de-la-bondad-campana-que-rescata-la-idea-de-que-el-verdadero-progreso-de-un-pais-nace-de-los-actos-de-altruismo-768x512.jpg 768w, https:\/\/diariodominicano.com\/wp-content\/uploads\/2026\/03\/Escena-de-La-economia-de-la-bondad-campana-que-rescata-la-idea-de-que-el-verdadero-progreso-de-un-pais-nace-de-los-actos-de-altruismo-816x544.jpg 816w, https:\/\/diariodominicano.com\/wp-content\/uploads\/2026\/03\/Escena-de-La-economia-de-la-bondad-campana-que-rescata-la-idea-de-que-el-verdadero-progreso-de-un-pais-nace-de-los-actos-de-altruismo.jpg 1200w\" sizes=\"auto, (max-width: 1024px) 100vw, 1024px\" \/><figcaption class=\"wp-element-caption\">Escena de \u201cLa econom\u00eda de la bondad\u201d, campa\u00f1a que rescata la idea de que el verdadero progreso de un pa\u00eds nace de los actos de altruismo <\/figcaption><\/figure>\n<\/figure>\n\n\n\n<p>Con \u201cLa econom\u00eda de la bondad\u201d, el Banco Popular reafirma su visi\u00f3n de una banca responsable, que entiende que el crecimiento sostenible no solo se mide en cifras, sino tambi\u00e9n en la capacidad de inspirar acciones que eleven la calidad de vida de las personas y fortalezcan el futuro compartido de la naci\u00f3n.<\/p>\n\n\n\n<figure class=\"wp-block-gallery has-nested-images columns-default is-cropped wp-block-gallery-2 is-layout-flex wp-block-gallery-is-layout-flex\">\n<figure class=\"wp-block-image size-large\"><img loading=\"lazy\" decoding=\"async\" width=\"1024\" height=\"683\" data-id=\"669496\" src=\"https:\/\/diariodominicano.com\/wp-content\/uploads\/2026\/03\/Escena-de-la-campana-La-economia-de-la-bondad-la-cual-celebra-una-verdad-arraigada-en-la-identidad-dominicana-de-que-el-esfuerzo-colectivo-es-clave-para-el-progreso-1024x683.jpg\" alt=\"\" class=\"wp-image-669496\" srcset=\"https:\/\/diariodominicano.com\/wp-content\/uploads\/2026\/03\/Escena-de-la-campana-La-economia-de-la-bondad-la-cual-celebra-una-verdad-arraigada-en-la-identidad-dominicana-de-que-el-esfuerzo-colectivo-es-clave-para-el-progreso-1024x683.jpg 1024w, https:\/\/diariodominicano.com\/wp-content\/uploads\/2026\/03\/Escena-de-la-campana-La-economia-de-la-bondad-la-cual-celebra-una-verdad-arraigada-en-la-identidad-dominicana-de-que-el-esfuerzo-colectivo-es-clave-para-el-progreso-300x200.jpg 300w, https:\/\/diariodominicano.com\/wp-content\/uploads\/2026\/03\/Escena-de-la-campana-La-economia-de-la-bondad-la-cual-celebra-una-verdad-arraigada-en-la-identidad-dominicana-de-que-el-esfuerzo-colectivo-es-clave-para-el-progreso-768x512.jpg 768w, https:\/\/diariodominicano.com\/wp-content\/uploads\/2026\/03\/Escena-de-la-campana-La-economia-de-la-bondad-la-cual-celebra-una-verdad-arraigada-en-la-identidad-dominicana-de-que-el-esfuerzo-colectivo-es-clave-para-el-progreso-816x544.jpg 816w, https:\/\/diariodominicano.com\/wp-content\/uploads\/2026\/03\/Escena-de-la-campana-La-economia-de-la-bondad-la-cual-celebra-una-verdad-arraigada-en-la-identidad-dominicana-de-que-el-esfuerzo-colectivo-es-clave-para-el-progreso.jpg 1200w\" sizes=\"auto, (max-width: 1024px) 100vw, 1024px\" \/><figcaption class=\"wp-element-caption\">Escena de la campa\u00f1a \u201cLa econom\u00eda de la bondad\u201d, la cual celebra una verdad arraigada en la identidad dominicana de que el esfuerzo colectivo es clave para el progreso <\/figcaption><\/figure>\n<\/figure>\n\n\n\n<p>Capital invisible<\/p>\n\n\n\n<p>A trav\u00e9s de una narrativa audiovisual cercana y emotiva, que cuenta con la voz del cantante Luis Armando Rivera, el comercial muestra c\u00f3mo esos actos diarios de empat\u00eda y afabilidad constituyen un capital invisible que dinamiza la sociedad, alimenta la esperanza y fortalece el tejido social. Desde esta perspectiva, el valor de la cooperaci\u00f3n redit\u00faa confianza, impulsa oportunidades y crea valor compartido.<\/p>\n\n\n\n<p>En este contexto, el Banco Popular se posiciona como ese actor que, desde hace m\u00e1s de 62 a\u00f1os, acompa\u00f1a de forma constante el bienestar com\u00fan y el desarrollo sostenible de la sociedad dominicana, celebrando el poder de la benevolencia que surge de manera natural en el dominicano.<\/p>\n\n\n\n<p>\u201cLos momentos desafiantes son los que ponen a prueba la fortaleza de una sociedad. En el Popular creemos que la resiliencia de la Rep\u00fablica Dominicana y de nuestra gente se construye desde lo cotidiano: desde la solidaridad, la amabilidad, la compasi\u00f3n, la confianza, la generosidad y la capacidad de acompa\u00f1arnos unos a otros. Todo eso nos moldea y nos hace fuertes, fomenta un entorno colaborativo y motoriza al pa\u00eds\u201d, dijo el presidente ejecutivo del Banco Popular, se\u00f1or Christopher Paniagua.<\/p>\n\n\n\n<p>Activo estrat\u00e9gico y ventaja competitiva<\/p>\n\n\n\n<p>Lejos de limitarse a una corriente acad\u00e9mica o una teor\u00eda econ\u00f3mica establecida, esta visi\u00f3n cultural busca reorientar la actividad econ\u00f3mica hacia valores como la empat\u00eda, la cooperaci\u00f3n y el bienestar colectivo, y propone que la solidaridad y la amabilidad pueden convertirse en activos estrat\u00e9gicos y fuentes de ventaja competitiva para un pa\u00eds.<\/p>\n\n\n\n<p>Al promover una l\u00f3gica donde las relaciones humanas y el compromiso social son centrales, se impulsa un modelo de desarrollo inclusivo y sostenible, en el que la colaboraci\u00f3n cotidiana entre ciudadanos, empresas e instituciones se convierte en motor de transformaci\u00f3n social y progreso compartido.<\/p>\n\n\n\n<p>Despliegue multicanal<\/p>\n\n\n\n<p>El comercial \u201cLa econom\u00eda de la bondad\u201d tendr\u00e1 presencia en televisi\u00f3n, radio, medios impresos, plataformas digitales, cine y publicidad exterior, acompa\u00f1ada de un manifiesto que recoge la esencia creativa de la iniciativa.<\/p>\n\n\n\n<p>La campa\u00f1a fue desarrollada por la agencia Liquid y producida por Kokaleka Film &amp; Post, con el acompa\u00f1amiento de la Vicepresidencia Ejecutiva de Comunicaciones Corporativas, Reputaci\u00f3n y Banca Responsable del Popular.<\/p>\n\n\n\n<p>Vicepresidencia Ejecutiva<br>Comunicaciones Corporativas, Reputaci\u00f3n y Banca Responsable<br>Grupo Popular, S. A.<\/p>\n\n\n\n<p>Rainier Antonio Maldonado Tapia <a href=\"mailto:rmaldonado@bpd.com.do\">rmaldonado@bpd.com.do<\/a><\/p>\n","protected":false},"excerpt":{"rendered":"<p>Invita a reconocer los actos cotidianos de altruismo y amabilidad como motor de progreso colectivo Santo Domingo, D.N. \u2013 El Banco Popular Dominicano present\u00f3 su nueva campa\u00f1a institucional \u201cLa econom\u00eda de la bondad\u201d, en la que rescata la idea de que el verdadero progreso de un pa\u00eds nace de los actos de altruismo y amabilidad [&hellip;]<\/p>\n","protected":false},"author":7,"featured_media":669495,"comment_status":"closed","ping_status":"closed","sticky":false,"template":"","format":"standard","meta":{"footnotes":""},"categories":[18],"tags":[666],"class_list":["post-669481","post","type-post","status-publish","format-standard","has-post-thumbnail","hentry","category-economia","tag-banco-popular-dominicano"],"_links":{"self":[{"href":"https:\/\/diariodominicano.com\/index.php?rest_route=\/wp\/v2\/posts\/669481","targetHints":{"allow":["GET"]}}],"collection":[{"href":"https:\/\/diariodominicano.com\/index.php?rest_route=\/wp\/v2\/posts"}],"about":[{"href":"https:\/\/diariodominicano.com\/index.php?rest_route=\/wp\/v2\/types\/post"}],"author":[{"embeddable":true,"href":"https:\/\/diariodominicano.com\/index.php?rest_route=\/wp\/v2\/users\/7"}],"replies":[{"embeddable":true,"href":"https:\/\/diariodominicano.com\/index.php?rest_route=%2Fwp%2Fv2%2Fcomments&post=669481"}],"version-history":[{"count":1,"href":"https:\/\/diariodominicano.com\/index.php?rest_route=\/wp\/v2\/posts\/669481\/revisions"}],"predecessor-version":[{"id":669498,"href":"https:\/\/diariodominicano.com\/index.php?rest_route=\/wp\/v2\/posts\/669481\/revisions\/669498"}],"wp:featuredmedia":[{"embeddable":true,"href":"https:\/\/diariodominicano.com\/index.php?rest_route=\/wp\/v2\/media\/669495"}],"wp:attachment":[{"href":"https:\/\/diariodominicano.com\/index.php?rest_route=%2Fwp%2Fv2%2Fmedia&parent=669481"}],"wp:term":[{"taxonomy":"category","embeddable":true,"href":"https:\/\/diariodominicano.com\/index.php?rest_route=%2Fwp%2Fv2%2Fcategories&post=669481"},{"taxonomy":"post_tag","embeddable":true,"href":"https:\/\/diariodominicano.com\/index.php?rest_route=%2Fwp%2Fv2%2Ftags&post=669481"}],"curies":[{"name":"wp","href":"https:\/\/api.w.org\/{rel}","templated":true}]}}