{"id":669471,"date":"2026-03-12T03:19:44","date_gmt":"2026-03-12T07:19:44","guid":{"rendered":"https:\/\/diariodominicano.com\/?p=669471"},"modified":"2026-03-12T19:57:36","modified_gmt":"2026-03-12T23:57:36","slug":"presidente-abinader-viajo-a-republica-dominicana-luego-de-participar-en-investidura-del-presidente-chileno-jose-antonio-kast","status":"publish","type":"post","link":"https:\/\/diariodominicano.com\/?p=669471","title":{"rendered":"Presidente Abinader viaj\u00f3 a Rep\u00fablica Dominicana luego de participar en investidura del presidente chile, Jos\u00e9 Antonio Kast"},"content":{"rendered":"\n<p>Tambi\u00e9n se reuni\u00f3 con representantes de la comunidad dominicana en Chile.<\/p>\n\n\n\n<p>11 de Marzo 2026 <\/p>\n\n\n\n<p>Santiago de Chile.-&nbsp;<strong>El presidente Luis Abinader&nbsp;<\/strong>viaj\u00f3 de&nbsp;<strong>regreso<\/strong>&nbsp;hacia la Rep\u00fablica Dominicana tras participar en los actos oficiales de&nbsp;<strong>investidura de Jos\u00e9 Antonio Kast Rist<\/strong>&nbsp;como presidente de la Rep\u00fablica de Chile, realizados este mi\u00e9rcoles&nbsp;<strong>11 de marzo en Valpara\u00edso.<\/strong><\/p>\n\n\n\n<p>El mandatario dominicano sali\u00f3 a las 6:35 p. m. (hora local) junto a la primera dama,&nbsp;<strong>Raquel Arbaje<\/strong>, y el ministro de Relaciones Exteriores,&nbsp;<strong>Roberto \u00c1lvarez<\/strong>.<\/p>\n\n\n\n<p>Tambi\u00e9n acompa\u00f1aron al jefe de Estado,&nbsp;<strong>Mercedes Pichardo<\/strong>, asistente personal del mandatario, y el general&nbsp;<strong>Jimmy Arias<\/strong>, director del Cuerpo Especializado de Seguridad Presidencial (Cusep).<\/p>\n\n\n\n<p>Durante su estad\u00eda en la Naci\u00f3n sudamericana, el presidente Abinader&nbsp;<strong>visit\u00f3 al presidente saliente Gabriel Boric Font<\/strong>, en el Palacio de La Moneda (casa de gobierno de Chile) para ofrecerle el&nbsp;<strong>saludo protocolar<\/strong>&nbsp;junto a los&nbsp;<strong>otros jefes de Estado y\/o Gobierno&nbsp;<\/strong>que asistieron a la toma de posesi\u00f3n.<\/p>\n\n\n\n<p>En la ma\u00f1ana del mi\u00e9rcoles sostuvo un&nbsp;<strong>encuentro con l\u00edderes de la comunidad dominicana en Chile<\/strong>, a quienes inst\u00f3 a aprovechar las oportunidades que le ofrece ese pa\u00eds y a mantener el&nbsp;<strong>nombre de la Rep\u00fablica Dominicana en alto.<\/strong><\/p>\n\n\n\n<p>Luego se traslad\u00f3 a la sede del Congreso Nacional chileno, en Valpara\u00edso, para participar de la solemne ceremonia de&nbsp;<strong>transmisi\u00f3n del mando presidencial y toma de juramento al nuevo Gabinete Presidencial.<\/strong><\/p>\n\n\n\n<p>El presidente Abinader acudi\u00f3 al&nbsp;<strong>almuerzo&nbsp;<\/strong>ofrecido por el presidente Kast y la primera dama,&nbsp;<strong>Mar\u00eda P\u00eda Adriasola<\/strong>, en el Palacio Presidencial de Cerro Castillo, en Vi\u00f1a del Mar,&nbsp;<strong>en honor a los jefes de Estado y Gobierno e invitados especiales.<\/strong><\/p>\n\n\n\n<p>Como gesto de&nbsp;<strong>agradecimiento<\/strong>, antes de abordar la aeronave para retornar a Santo Domingo, el presidente Abinader invit\u00f3 a posar para una&nbsp;<strong>foto de despedida a los oficiales de seguridad<\/strong>&nbsp;que le fueron asignados por el Gobierno de Chile durante su estad\u00eda de dos d\u00edas.<\/p>\n\n\n\n<p>A su salida por el Aeropuerto Arturo Merino Ben\u00edtez de Santiago, despidieron al mandatario el embajador de la Rep\u00fablica Dominicana en Chile,&nbsp;<strong>Juan Coh\u00e9n<\/strong>, y el ministro consejero,&nbsp;<strong>Joel Jonathan Delgado.<\/strong><\/p>\n\n\n\n<p>Con informaci\u00f3n de la Presidencia de la Rep\u00fabica.<\/p>\n","protected":false},"excerpt":{"rendered":"<p>Tambi\u00e9n se reuni\u00f3 con representantes de la comunidad dominicana en Chile. 11 de Marzo 2026 Santiago de Chile.-&nbsp;El presidente Luis Abinader&nbsp;viaj\u00f3 de&nbsp;regreso&nbsp;hacia la Rep\u00fablica Dominicana tras participar en los actos oficiales de&nbsp;investidura de Jos\u00e9 Antonio Kast Rist&nbsp;como presidente de la Rep\u00fablica de Chile, realizados este mi\u00e9rcoles&nbsp;11 de marzo en Valpara\u00edso. El mandatario dominicano sali\u00f3 a [&hellip;]<\/p>\n","protected":false},"author":2,"featured_media":669472,"comment_status":"closed","ping_status":"closed","sticky":false,"template":"","format":"standard","meta":{"footnotes":""},"categories":[20,26,27],"tags":[2849,4073,1854],"class_list":["post-669471","post","type-post","status-publish","format-standard","has-post-thumbnail","hentry","category-dominicana-hoy","category-efemerides","category-portada","tag-chile","tag-jose-antonio-kast","tag-presidente-abinader"],"_links":{"self":[{"href":"https:\/\/diariodominicano.com\/index.php?rest_route=\/wp\/v2\/posts\/669471","targetHints":{"allow":["GET"]}}],"collection":[{"href":"https:\/\/diariodominicano.com\/index.php?rest_route=\/wp\/v2\/posts"}],"about":[{"href":"https:\/\/diariodominicano.com\/index.php?rest_route=\/wp\/v2\/types\/post"}],"author":[{"embeddable":true,"href":"https:\/\/diariodominicano.com\/index.php?rest_route=\/wp\/v2\/users\/2"}],"replies":[{"embeddable":true,"href":"https:\/\/diariodominicano.com\/index.php?rest_route=%2Fwp%2Fv2%2Fcomments&post=669471"}],"version-history":[{"count":3,"href":"https:\/\/diariodominicano.com\/index.php?rest_route=\/wp\/v2\/posts\/669471\/revisions"}],"predecessor-version":[{"id":669523,"href":"https:\/\/diariodominicano.com\/index.php?rest_route=\/wp\/v2\/posts\/669471\/revisions\/669523"}],"wp:featuredmedia":[{"embeddable":true,"href":"https:\/\/diariodominicano.com\/index.php?rest_route=\/wp\/v2\/media\/669472"}],"wp:attachment":[{"href":"https:\/\/diariodominicano.com\/index.php?rest_route=%2Fwp%2Fv2%2Fmedia&parent=669471"}],"wp:term":[{"taxonomy":"category","embeddable":true,"href":"https:\/\/diariodominicano.com\/index.php?rest_route=%2Fwp%2Fv2%2Fcategories&post=669471"},{"taxonomy":"post_tag","embeddable":true,"href":"https:\/\/diariodominicano.com\/index.php?rest_route=%2Fwp%2Fv2%2Ftags&post=669471"}],"curies":[{"name":"wp","href":"https:\/\/api.w.org\/{rel}","templated":true}]}}