{"id":669464,"date":"2026-03-12T03:06:56","date_gmt":"2026-03-12T07:06:56","guid":{"rendered":"https:\/\/diariodominicano.com\/?p=669464"},"modified":"2026-03-12T03:07:00","modified_gmt":"2026-03-12T07:07:00","slug":"presidente-abinader-ofrece-saludo-protocolar-a-su-homologo-de-chile-gabriel-boric","status":"publish","type":"post","link":"https:\/\/diariodominicano.com\/?p=669464","title":{"rendered":"Presidente Abinader ofrece saludo protocolar a su hom\u00f3logo de Chile, Gabriel Boric"},"content":{"rendered":"\n<h3 class=\"wp-block-heading\"><\/h3>\n\n\n\n<p>10 de Marzo 2026 | 21:59<\/p>\n\n\n\n<figure class=\"wp-block-image\"><img decoding=\"async\" src=\"https:\/\/platform-cdn.sharethis.com\/img\/sharethis.svg\" alt=\"sharethis sharing button\"\/><\/figure>\n\n\n\n<p>Santiago de Chile.-&nbsp;<strong>El presidente Luis Abinader&nbsp;<\/strong>present\u00f3 su&nbsp;<strong>saludo protocolar<\/strong>&nbsp;a su hom\u00f3logo de Chile,&nbsp;<strong>Gabriel Boric<\/strong>, en el Palacio de La Moneda, la casa de gobierno chilena.<\/p>\n\n\n\n<p>El gobernante dominicano lleg\u00f3 a las 6:30 p. m. (hora local) al Aeropuerto Arturo Merino Ben\u00edtez, de Santiago, para asistir en compa\u00f1\u00eda de otros jefes de Estado y\/o de Gobierno a la&nbsp;<strong>investidura de Jos\u00e9 Antonio Kast&nbsp;<\/strong>como presidente de la naci\u00f3n sudamericana este&nbsp;<strong>11 de marzo.<\/strong><\/p>\n\n\n\n<p>Para la ocasi\u00f3n acompa\u00f1an al jefe de Estado dominicano la primera dama,&nbsp;<strong>Raquel Arbaje<\/strong>; su hija,&nbsp;<strong>Adriana Abinader Arbaje,<\/strong>&nbsp;y el ministro de Relaciones Exteriores,&nbsp;<strong>Roberto \u00c1lvarez.<\/strong><\/p>\n\n\n\n<p>El mandatario dominicano forma parte de los jefes de Estado o de Gobierno que, junto con el&nbsp;<strong>rey Felipe VI de Espa\u00f1a<\/strong>, participan en los actos preparados para la&nbsp;<strong>toma de posesi\u00f3n del electo gobernante chileno<\/strong>, quien suceder\u00e1 al actual mandatario en el cargo.<\/p>\n\n\n\n<p><strong>Actividades oficiales para este mi\u00e9rcoles<\/strong><\/p>\n\n\n\n<p>Para este mi\u00e9rcoles 11, el mandatario dominicano y su comitiva oficial participar\u00e1n en la solemne ceremonia de<strong>&nbsp;transmisi\u00f3n del mando presidencial y toma de juramento al nuevo Gabinete Presidencial,&nbsp;<\/strong>en el Sal\u00f3n de Honor del Congreso Nacional de Chile, en Valpara\u00edso.<\/p>\n\n\n\n<p>Luego, asistir\u00e1n al&nbsp;<strong>almuerzo<\/strong>&nbsp;ofrecido por el investido presidente,&nbsp;<strong>Jos\u00e9 Antonio Kast Rist,<\/strong>&nbsp;y la primera dama,&nbsp;<strong>Mar\u00eda P\u00eda Adriasola de Kast<\/strong>, en honor a los&nbsp;jefes de Estado y de Gobierno, vicepresidentes y\/o primeros ministros e invitados especiales presentes en la investidura, el cual tendr\u00e1 lugar en el Palacio Cerro Castillo, Vi\u00f1a del Mar.<\/p>\n\n\n\n<p>Concluidas las actividades oficiales,&nbsp;<strong>el presidente Abinader tiene programado viajar a la Rep\u00fablica Dominicana este mismo 11 de marzo.<\/strong>&nbsp;<\/p>\n\n\n\n<p>Con informaci\u00f3n de la Presidencia de la Rep\u00fablica.<\/p>\n","protected":false},"excerpt":{"rendered":"<p>10 de Marzo 2026 | 21:59 Santiago de Chile.-&nbsp;El presidente Luis Abinader&nbsp;present\u00f3 su&nbsp;saludo protocolar&nbsp;a su hom\u00f3logo de Chile,&nbsp;Gabriel Boric, en el Palacio de La Moneda, la casa de gobierno chilena. El gobernante dominicano lleg\u00f3 a las 6:30 p. m. (hora local) al Aeropuerto Arturo Merino Ben\u00edtez, de Santiago, para asistir en compa\u00f1\u00eda de otros jefes [&hellip;]<\/p>\n","protected":false},"author":2,"featured_media":669465,"comment_status":"open","ping_status":"closed","sticky":false,"template":"","format":"standard","meta":{"footnotes":""},"categories":[20],"tags":[5063],"class_list":["post-669464","post","type-post","status-publish","format-standard","has-post-thumbnail","hentry","category-dominicana-hoy","tag-abinader-en-chile"],"_links":{"self":[{"href":"https:\/\/diariodominicano.com\/index.php?rest_route=\/wp\/v2\/posts\/669464","targetHints":{"allow":["GET"]}}],"collection":[{"href":"https:\/\/diariodominicano.com\/index.php?rest_route=\/wp\/v2\/posts"}],"about":[{"href":"https:\/\/diariodominicano.com\/index.php?rest_route=\/wp\/v2\/types\/post"}],"author":[{"embeddable":true,"href":"https:\/\/diariodominicano.com\/index.php?rest_route=\/wp\/v2\/users\/2"}],"replies":[{"embeddable":true,"href":"https:\/\/diariodominicano.com\/index.php?rest_route=%2Fwp%2Fv2%2Fcomments&post=669464"}],"version-history":[{"count":1,"href":"https:\/\/diariodominicano.com\/index.php?rest_route=\/wp\/v2\/posts\/669464\/revisions"}],"predecessor-version":[{"id":669466,"href":"https:\/\/diariodominicano.com\/index.php?rest_route=\/wp\/v2\/posts\/669464\/revisions\/669466"}],"wp:featuredmedia":[{"embeddable":true,"href":"https:\/\/diariodominicano.com\/index.php?rest_route=\/wp\/v2\/media\/669465"}],"wp:attachment":[{"href":"https:\/\/diariodominicano.com\/index.php?rest_route=%2Fwp%2Fv2%2Fmedia&parent=669464"}],"wp:term":[{"taxonomy":"category","embeddable":true,"href":"https:\/\/diariodominicano.com\/index.php?rest_route=%2Fwp%2Fv2%2Fcategories&post=669464"},{"taxonomy":"post_tag","embeddable":true,"href":"https:\/\/diariodominicano.com\/index.php?rest_route=%2Fwp%2Fv2%2Ftags&post=669464"}],"curies":[{"name":"wp","href":"https:\/\/api.w.org\/{rel}","templated":true}]}}