{"id":669461,"date":"2026-03-12T03:03:13","date_gmt":"2026-03-12T07:03:13","guid":{"rendered":"https:\/\/diariodominicano.com\/?p=669461"},"modified":"2026-03-12T19:56:47","modified_gmt":"2026-03-12T23:56:47","slug":"presidente-abinader-participo-en-la-investidura-de-su-homologo-chileno-jose-antonio-kast","status":"publish","type":"post","link":"https:\/\/diariodominicano.com\/?p=669461","title":{"rendered":"Presidente Abinader particip\u00f3 en la investidura de su hom\u00f3logo chileno Jos\u00e9 Antonio Kast"},"content":{"rendered":"\n<h3 class=\"wp-block-heading\">El mandatario estuvo junto a la primera dama, Raquel Arbaje y comparti\u00f3 con presidentes, al igual que con el rey Felipe VI.<\/h3>\n\n\n\n<p>11 de Marzo 2026 | 18:21<\/p>\n\n\n\n<figure class=\"wp-block-image\"><img decoding=\"async\" src=\"https:\/\/platform-cdn.sharethis.com\/img\/facebook.svg\" alt=\"facebook sharing button\"\/><\/figure>\n\n\n\n<figure class=\"wp-block-image\"><img decoding=\"async\" src=\"https:\/\/platform-cdn.sharethis.com\/img\/sharethis.svg\" alt=\"sharethis sharing button\"\/><\/figure>\n\n\n\n<p>Santiago de Chile.-&nbsp;<strong>El presidente Luis Abinader<\/strong>&nbsp;particip\u00f3 en los actos oficiales de&nbsp;<strong>investidura de Jos\u00e9 Antonio Kast Rist<\/strong>&nbsp;como&nbsp;<strong>presidente de la Rep\u00fablica de Chile<\/strong>&nbsp;este mi\u00e9rcoles 11 en el Sal\u00f3n de Honor del Congreso Nacional, en&nbsp;<strong>Valpara\u00edso<\/strong>.<\/p>\n\n\n\n<p>El jefe de Estado dominicano, la primera dama&nbsp;<strong>Raquel Arbaje<\/strong>, su hija&nbsp;<strong>Adriana Abinader Arbaje<\/strong>&nbsp;y el ministro de Relaciones Exteriores,&nbsp;<strong>Roberto \u00c1lvarez<\/strong>, llegaron al Congreso Nacional Chileno donde les recibi\u00f3 una&nbsp;<strong>comisi\u00f3n de senadores y diputados<\/strong>&nbsp;del pa\u00eds sudamericano.<\/p>\n\n\n\n<p>Tambi\u00e9n particip\u00f3 como invitado especial el ministro de Vivienda y Edificaciones,&nbsp;<strong>V\u00edctor \u201cIto\u201d Bison\u00f3.<\/strong><\/p>\n\n\n\n<p>Tras los&nbsp;<strong>honores de estilo<\/strong>, el gobernante dominicano y su comitiva ingresaron al Sal\u00f3n de Honor, donde se produjo la investidura de Kast.<\/p>\n\n\n\n<p>Luego, asistieron al&nbsp;<strong>almuerzo<\/strong>&nbsp;ofrecido por el gobernante y la primera dama,&nbsp;<strong>Mar\u00eda P\u00eda Adriasola de Kast<\/strong>, en honor de los jefes de Estado y de Gobierno, vicepresidentes y\/o primeros ministros e invitados especiales a la investidura, el cual tuvo lugar en el Palacio Cerro Castillo, en Vi\u00f1a del Mar.<\/p>\n\n\n\n<p>Durante estas actividades, el presidente Abinader&nbsp;<strong>salud\u00f3 al rey Felipe VI de Espa\u00f1a,&nbsp;<\/strong>as\u00ed como a otros jefes de Estado y\/o de Gobierno que participaron de los actos de investidura del nuevo presidente de Chile.<\/p>\n\n\n\n<p>Concluidas las actividades oficiales, el mandatario&nbsp;<strong>viajar\u00e1 a la Rep\u00fablica Dominicana este 11 de marzo<\/strong>&nbsp;para reintegrarse a sus obligaciones de Estado.<\/p>\n\n\n\n<p>Con informaci\u00f3n de la Presidencia de la Rep\u00fablica.<\/p>\n","protected":false},"excerpt":{"rendered":"<p>El mandatario estuvo junto a la primera dama, Raquel Arbaje y comparti\u00f3 con presidentes, al igual que con el rey Felipe VI. 11 de Marzo 2026 | 18:21 Santiago de Chile.-&nbsp;El presidente Luis Abinader&nbsp;particip\u00f3 en los actos oficiales de&nbsp;investidura de Jos\u00e9 Antonio Kast Rist&nbsp;como&nbsp;presidente de la Rep\u00fablica de Chile&nbsp;este mi\u00e9rcoles 11 en el Sal\u00f3n de [&hellip;]<\/p>\n","protected":false},"author":2,"featured_media":669462,"comment_status":"open","ping_status":"closed","sticky":false,"template":"","format":"standard","meta":{"footnotes":""},"categories":[20],"tags":[4073,1854],"class_list":["post-669461","post","type-post","status-publish","format-standard","has-post-thumbnail","hentry","category-dominicana-hoy","tag-jose-antonio-kast","tag-presidente-abinader"],"_links":{"self":[{"href":"https:\/\/diariodominicano.com\/index.php?rest_route=\/wp\/v2\/posts\/669461","targetHints":{"allow":["GET"]}}],"collection":[{"href":"https:\/\/diariodominicano.com\/index.php?rest_route=\/wp\/v2\/posts"}],"about":[{"href":"https:\/\/diariodominicano.com\/index.php?rest_route=\/wp\/v2\/types\/post"}],"author":[{"embeddable":true,"href":"https:\/\/diariodominicano.com\/index.php?rest_route=\/wp\/v2\/users\/2"}],"replies":[{"embeddable":true,"href":"https:\/\/diariodominicano.com\/index.php?rest_route=%2Fwp%2Fv2%2Fcomments&post=669461"}],"version-history":[{"count":1,"href":"https:\/\/diariodominicano.com\/index.php?rest_route=\/wp\/v2\/posts\/669461\/revisions"}],"predecessor-version":[{"id":669463,"href":"https:\/\/diariodominicano.com\/index.php?rest_route=\/wp\/v2\/posts\/669461\/revisions\/669463"}],"wp:featuredmedia":[{"embeddable":true,"href":"https:\/\/diariodominicano.com\/index.php?rest_route=\/wp\/v2\/media\/669462"}],"wp:attachment":[{"href":"https:\/\/diariodominicano.com\/index.php?rest_route=%2Fwp%2Fv2%2Fmedia&parent=669461"}],"wp:term":[{"taxonomy":"category","embeddable":true,"href":"https:\/\/diariodominicano.com\/index.php?rest_route=%2Fwp%2Fv2%2Fcategories&post=669461"},{"taxonomy":"post_tag","embeddable":true,"href":"https:\/\/diariodominicano.com\/index.php?rest_route=%2Fwp%2Fv2%2Ftags&post=669461"}],"curies":[{"name":"wp","href":"https:\/\/api.w.org\/{rel}","templated":true}]}}