{"id":669446,"date":"2026-03-12T02:47:26","date_gmt":"2026-03-12T06:47:26","guid":{"rendered":"https:\/\/diariodominicano.com\/?p=669446"},"modified":"2026-03-12T02:52:09","modified_gmt":"2026-03-12T06:52:09","slug":"los-expresidentes-de-la-camara-de-diputados-radhames-camacho-y-lucia-medina-reciben-su-nueva-cedula-de-identidad-y-electoral","status":"publish","type":"post","link":"https:\/\/diariodominicano.com\/?p=669446","title":{"rendered":"Los expresidentes de la C\u00e1mara de Diputados, Radham\u00e9s Camacho y Luc\u00eda Medina, reciben su nueva c\u00e9dula de identidad y electoral"},"content":{"rendered":"\n<p>Los ex presidentes de la C\u00e1mara de Diputados, Radham\u00e9s Camacho y Lucia Medina, coincidieron en resaltar la calidad de la nueva C\u00e9dula de Identidad y Electoral, documento que presenta importantes avances en materia de seguridad con relaci\u00f3n al documento anterior. &nbsp;&nbsp;<\/p>\n\n\n\n<figure class=\"wp-block-image size-large\"><img loading=\"lazy\" decoding=\"async\" width=\"683\" height=\"1024\" src=\"https:\/\/diariodominicano.com\/wp-content\/uploads\/2026\/03\/Camacho-y-Lucila-222-683x1024.jpeg\" alt=\"\" class=\"wp-image-669453\" srcset=\"https:\/\/diariodominicano.com\/wp-content\/uploads\/2026\/03\/Camacho-y-Lucila-222-683x1024.jpeg 683w, https:\/\/diariodominicano.com\/wp-content\/uploads\/2026\/03\/Camacho-y-Lucila-222-200x300.jpeg 200w, https:\/\/diariodominicano.com\/wp-content\/uploads\/2026\/03\/Camacho-y-Lucila-222-768x1152.jpeg 768w, https:\/\/diariodominicano.com\/wp-content\/uploads\/2026\/03\/Camacho-y-Lucila-222-1024x1536.jpeg 1024w, https:\/\/diariodominicano.com\/wp-content\/uploads\/2026\/03\/Camacho-y-Lucila-222-816x1224.jpeg 816w, https:\/\/diariodominicano.com\/wp-content\/uploads\/2026\/03\/Camacho-y-Lucila-222.jpeg 1066w\" sizes=\"auto, (max-width: 683px) 100vw, 683px\" \/><\/figure>\n\n\n\n<p>Ambos, miembros del Comit\u00e9 Pol\u00edtico del Partido de la Liberaci\u00f3n Dominicana (PLD), asistieron a la sede nacional de la Junta Central Electoral respondiendo a la invitaci\u00f3n del Pleno de dicho organismo para renovar el documento de identidad y electoral.<\/p>\n\n\n\n<p>Calificaron de bien organizada la &nbsp;&nbsp;iniciativa impulsada por la Junta Central Electoral (JCE) para facilitar la obtenci\u00f3n de la nueva c\u00e9dula de identidad y electoral.<\/p>\n\n\n\n<p>\u201cExhortamos a la ciudadan\u00eda a participar de manera masiva en el proceso de renovaci\u00f3n de la c\u00e9dula en la fecha que le corresponda, tal y como promueve la Junta en los mensajes de radio, televisi\u00f3n y redes sociales\u201d, explicaron al recibir el nuevo documento.<\/p>\n\n\n\n<p>Los magistrados Dolores Fern\u00e1ndez y Shamir Izza, miembros del Pleno, fueron comisionados por dicho \u00f3rgano para recibir a los ex presidentes de la c\u00e1mara baja y facilitar la renovaci\u00f3n de su c\u00e9dula.<\/p>\n\n\n\n<p>Edgar Mej\u00eda, esposo de Luc\u00eda (Yomaira) Medina, acompa\u00f1\u00f3 a su esposa y a Radham\u00e9s Camacho en la obtenci\u00f3n de la nueva c\u00e9dula.<\/p>\n\n\n\n<p><strong>SECRETAR\u00cdA DE COMUNICACIONES<\/strong><\/p>\n\n\n\n<p><strong>11 DE MARZO DE 2026<\/strong><\/p>\n","protected":false},"excerpt":{"rendered":"<p>Los ex presidentes de la C\u00e1mara de Diputados, Radham\u00e9s Camacho y Lucia Medina, coincidieron en resaltar la calidad de la nueva C\u00e9dula de Identidad y Electoral, documento que presenta importantes avances en materia de seguridad con relaci\u00f3n al documento anterior. &nbsp;&nbsp; Ambos, miembros del Comit\u00e9 Pol\u00edtico del Partido de la Liberaci\u00f3n Dominicana (PLD), asistieron a [&hellip;]<\/p>\n","protected":false},"author":2,"featured_media":669447,"comment_status":"open","ping_status":"closed","sticky":false,"template":"","format":"standard","meta":{"footnotes":""},"categories":[22],"tags":[5062,522],"class_list":["post-669446","post","type-post","status-publish","format-standard","has-post-thumbnail","hentry","category-politica","tag-cedula-2","tag-jce"],"_links":{"self":[{"href":"https:\/\/diariodominicano.com\/index.php?rest_route=\/wp\/v2\/posts\/669446","targetHints":{"allow":["GET"]}}],"collection":[{"href":"https:\/\/diariodominicano.com\/index.php?rest_route=\/wp\/v2\/posts"}],"about":[{"href":"https:\/\/diariodominicano.com\/index.php?rest_route=\/wp\/v2\/types\/post"}],"author":[{"embeddable":true,"href":"https:\/\/diariodominicano.com\/index.php?rest_route=\/wp\/v2\/users\/2"}],"replies":[{"embeddable":true,"href":"https:\/\/diariodominicano.com\/index.php?rest_route=%2Fwp%2Fv2%2Fcomments&post=669446"}],"version-history":[{"count":2,"href":"https:\/\/diariodominicano.com\/index.php?rest_route=\/wp\/v2\/posts\/669446\/revisions"}],"predecessor-version":[{"id":669454,"href":"https:\/\/diariodominicano.com\/index.php?rest_route=\/wp\/v2\/posts\/669446\/revisions\/669454"}],"wp:featuredmedia":[{"embeddable":true,"href":"https:\/\/diariodominicano.com\/index.php?rest_route=\/wp\/v2\/media\/669447"}],"wp:attachment":[{"href":"https:\/\/diariodominicano.com\/index.php?rest_route=%2Fwp%2Fv2%2Fmedia&parent=669446"}],"wp:term":[{"taxonomy":"category","embeddable":true,"href":"https:\/\/diariodominicano.com\/index.php?rest_route=%2Fwp%2Fv2%2Fcategories&post=669446"},{"taxonomy":"post_tag","embeddable":true,"href":"https:\/\/diariodominicano.com\/index.php?rest_route=%2Fwp%2Fv2%2Ftags&post=669446"}],"curies":[{"name":"wp","href":"https:\/\/api.w.org\/{rel}","templated":true}]}}