{"id":669405,"date":"2026-03-12T01:52:42","date_gmt":"2026-03-12T05:52:42","guid":{"rendered":"https:\/\/diariodominicano.com\/?p=669405"},"modified":"2026-03-12T01:56:40","modified_gmt":"2026-03-12T05:56:40","slug":"luis-jose-german-asume-su-primer-unipersonal-con-todas-las-cosas-maravillosas","status":"publish","type":"post","link":"https:\/\/diariodominicano.com\/?p=669405","title":{"rendered":"Luis Jos\u00e9 Germ\u00e1n asume su primer unipersonal con\u00a0Todas las cosas maravillosas"},"content":{"rendered":"\n<p><em>La Compa\u00f1\u00eda de Teatro Nin\u00ed Germ\u00e1n presenta la aclamada obra de Duncan Macmillan, que llegar\u00e1 a Escenario 360 a partir del 22 de mayo<\/em><\/p>\n\n\n\n<p>La reconocida obra del dramaturgo brit\u00e1nico Duncan Macmillan llega a Escenario 360 a partir del 22 de mayo<\/p>\n\n\n\n<p><strong>Santo Domingo.<\/strong>&nbsp;La aclamada obra&nbsp;<em>Todas las cosas maravillosas<\/em>, considerada una de las piezas m\u00e1s sensibles de las tablas contempor\u00e1neas, llega a la escena dominicana con Luis Jos\u00e9 Germ\u00e1n en su primer unipersonal. La puesta en escena, producida por la Compa\u00f1\u00eda de Teatro Nin\u00ed Germ\u00e1n, presenta un montaje cercano que invita a reflexionar sobre la vida, la empat\u00eda y la salud mental.<\/p>\n\n\n\n<p>La producci\u00f3n tendr\u00e1 su estreno el 22 de mayo en Escenario 360, marcando un nuevo cap\u00edtulo en la trayectoria esc\u00e9nica del actor, quien suma m\u00e1s de dos d\u00e9cadas de trabajo en el teatro, el cine y la televisi\u00f3n dominicana.<\/p>\n\n\n\n<p>El mon\u00f3logo&nbsp;<em>Todas las cosas maravillosas<\/em>, escrito por el dramaturgo brit\u00e1nico Duncan Macmillan junto al actor y comediante Jonny Donahoe, ha alcanzado reconocimiento internacional por su formato cercano y por la relaci\u00f3n directa que establece con el p\u00fablico.<\/p>\n\n\n\n<p>La obra narra la historia de un ni\u00f1o que, al descubrir que su madre atraviesa un episodio de depresi\u00f3n, comienza a escribir una lista de todas aquellas razones por las que vale la pena vivir. Con el paso de los a\u00f1os, esa lista, aparentemente sencilla, se convierte en una forma profunda de comprender el mundo, los afectos y las fragilidades que atraviesan la experiencia humana.<\/p>\n\n\n\n<p>En los \u00faltimos a\u00f1os, la Compa\u00f1\u00eda de Teatro Nin\u00ed Germ\u00e1n se ha caracterizado por producir comedias que exploran distintas situaciones de la vida cotidiana, desde los enredos de pareja hasta temas vinculados con la salud mental. En esta ocasi\u00f3n, la obra aborda la depresi\u00f3n desde una mirada sensible y cercana, mostrando no solo c\u00f3mo afecta a quien la padece, sino tambi\u00e9n la forma en que impacta a quienes forman parte de su entorno.<\/p>\n\n\n\n<p>\u201cEsta pieza tiene varios a\u00f1os dando vueltas en nuestra cabeza. Desde que la vimos fuera del pa\u00eds supimos que, en alg\u00fan momento, formar\u00eda parte del repertorio que quer\u00edamos compartir con el p\u00fablico. Solo est\u00e1bamos esperando la ocasi\u00f3n adecuada para llevarla a escena\u201d, comenta Luly Rocha, productora general del montaje.<\/p>\n\n\n\n<p>Por su parte, Luis Jos\u00e9 Germ\u00e1n destaca el papel del arte como espacio de di\u00e1logo y sensibilidad social. \u201cDebemos aprender a hablar de salud mental con mayor apertura, romper los tab\u00faes que todav\u00eda existen en nuestra sociedad y entender que muchas de estas situaciones tienen soluci\u00f3n. Pero tambi\u00e9n reconocer que quienes no las padecemos podemos acompa\u00f1ar con empat\u00eda y respeto a quienes s\u00ed las atraviesan\u201d, afirma.<\/p>\n\n\n\n<p>A trav\u00e9s de una narrativa que combina humor, ternura y profundidad emocional, la obra invita a reflexionar sobre la importancia de acompa\u00f1ar y hablar abiertamente sobre aquello que muchas veces permanece en silencio. La puesta propone adem\u00e1s una experiencia esc\u00e9nica cercana y emotiva, en la que el p\u00fablico se convierte en parte esencial de la historia.<\/p>\n\n\n\n<p>Con esta iniciativa esc\u00e9nica, Luis Jos\u00e9 Germ\u00e1n asume uno de los retos m\u00e1s \u00edntimos de su carrera: sostener en solitario una historia que recuerda al p\u00fablico que incluso en los momentos m\u00e1s dif\u00edciles siempre existen peque\u00f1as razones, a veces inesperadas, para seguir adelante.<\/p>\n\n\n\n<p>Las boletas ya est\u00e1n disponibles en Uepa Tickets, Supermercados Nacional y Jumbo.<\/p>\n\n\n\n<p>Henry Coradin<\/p>\n\n\n\n<p><a target=\"_blank\" href=\"mailto:henrycoradinrelacionespublicas@gmail.com\" rel=\"noreferrer noopener\">henrycoradinrelacionespublicas@gmail.com<\/a><\/p>\n","protected":false},"excerpt":{"rendered":"<p>La Compa\u00f1\u00eda de Teatro Nin\u00ed Germ\u00e1n presenta la aclamada obra de Duncan Macmillan, que llegar\u00e1 a Escenario 360 a partir del 22 de mayo La reconocida obra del dramaturgo brit\u00e1nico Duncan Macmillan llega a Escenario 360 a partir del 22 de mayo Santo Domingo.&nbsp;La aclamada obra&nbsp;Todas las cosas maravillosas, considerada una de las piezas m\u00e1s [&hellip;]<\/p>\n","protected":false},"author":2,"featured_media":669406,"comment_status":"open","ping_status":"closed","sticky":false,"template":"","format":"standard","meta":{"footnotes":""},"categories":[21,25],"tags":[5056],"class_list":["post-669405","post","type-post","status-publish","format-standard","has-post-thumbnail","hentry","category-cultura","category-gente","tag-luis-jose-german"],"_links":{"self":[{"href":"https:\/\/diariodominicano.com\/index.php?rest_route=\/wp\/v2\/posts\/669405","targetHints":{"allow":["GET"]}}],"collection":[{"href":"https:\/\/diariodominicano.com\/index.php?rest_route=\/wp\/v2\/posts"}],"about":[{"href":"https:\/\/diariodominicano.com\/index.php?rest_route=\/wp\/v2\/types\/post"}],"author":[{"embeddable":true,"href":"https:\/\/diariodominicano.com\/index.php?rest_route=\/wp\/v2\/users\/2"}],"replies":[{"embeddable":true,"href":"https:\/\/diariodominicano.com\/index.php?rest_route=%2Fwp%2Fv2%2Fcomments&post=669405"}],"version-history":[{"count":2,"href":"https:\/\/diariodominicano.com\/index.php?rest_route=\/wp\/v2\/posts\/669405\/revisions"}],"predecessor-version":[{"id":669409,"href":"https:\/\/diariodominicano.com\/index.php?rest_route=\/wp\/v2\/posts\/669405\/revisions\/669409"}],"wp:featuredmedia":[{"embeddable":true,"href":"https:\/\/diariodominicano.com\/index.php?rest_route=\/wp\/v2\/media\/669406"}],"wp:attachment":[{"href":"https:\/\/diariodominicano.com\/index.php?rest_route=%2Fwp%2Fv2%2Fmedia&parent=669405"}],"wp:term":[{"taxonomy":"category","embeddable":true,"href":"https:\/\/diariodominicano.com\/index.php?rest_route=%2Fwp%2Fv2%2Fcategories&post=669405"},{"taxonomy":"post_tag","embeddable":true,"href":"https:\/\/diariodominicano.com\/index.php?rest_route=%2Fwp%2Fv2%2Ftags&post=669405"}],"curies":[{"name":"wp","href":"https:\/\/api.w.org\/{rel}","templated":true}]}}