{"id":669343,"date":"2026-03-12T00:00:30","date_gmt":"2026-03-12T04:00:30","guid":{"rendered":"https:\/\/diariodominicano.com\/?p=669343"},"modified":"2026-03-12T00:02:36","modified_gmt":"2026-03-12T04:02:36","slug":"contexto-actual-de-la-evolucion-politica-del-frente-amplio-1-2","status":"publish","type":"post","link":"https:\/\/diariodominicano.com\/?p=669343","title":{"rendered":"Contexto actual de la evoluci\u00f3n pol\u00edtica del Frente Amplio 1\/2"},"content":{"rendered":"\n<p><strong>Por Juan Carlos Espinal<\/strong><\/p>\n\n\n\n<p><strong>El Frente Amplio es un partido pol\u00edtico de izquierdas, fundado el 14 de junio de 1992, originalmente como Movimiento Independiente de Unidad Capitale\u00f1a (MIUCA).<\/strong><\/p>\n\n\n\n<p><strong>Su objetivo es \u00abcrear una sociedad m\u00e1s justa y equitativa, con un enfoque en la democracia participativa, la justicia social y la lucha contra la corrupci\u00f3n\u00bb.<\/strong><\/p>\n\n\n\n<p><strong>En 1994, el MIUCA particip\u00f3 en las elecciones presidenciales con el padre Antonio Reynoso como candidato.<\/strong><\/p>\n\n\n\n<p><strong>En 2009, el MIUCA se uni\u00f3 a otras fuerzas de izquierda para formar la coalici\u00f3n Acci\u00f3n por el Cambio.<\/strong><\/p>\n\n\n\n<p><strong>En 2011, el partido cambi\u00f3 su nombre a Frente Amplio y eligi\u00f3 a Juli\u00e1n Serulle como su presidente.<\/strong><\/p>\n\n\n\n<p><strong>En 2014, el Frente Amplio se uni\u00f3 a otros partidos para formar la Convergencia para Un Mejor Pa\u00eds, con Fidel Santana como candidato presidencial para 2016.<\/strong><\/p>\n\n\n\n<p><strong>Seg\u00fan la presidenta de Frente Amplio Mar\u00eda Teresa Cabrera el partido se define como \u00abun partido progresista, socialista, patri\u00f3tico, democr\u00e1tico y popular\u00bb.<\/strong><\/p>\n\n\n\n<p><strong>De acuerdo a su vice presidente Jesus Diaz Moran \u201csus objetivos incluyen promover la democracia participativa y la justicia social; luchar contra la corrupci\u00f3n y la desigualdad; defender los derechos de los sectores populares y los movimientos sociales\u201d.<\/strong><\/p>\n\n\n\n<p><strong>En las elecciones presidenciales de 2020, el candidato del Frente Amplio, Juan Cohen, obtuvo un total de 3,537 votos, lo que represent\u00f3 un 0.08% del total de votos emitidos.<\/strong><\/p>\n\n\n\n<p><strong>El Frente Amplio en la Rep\u00fablica Dominicana ha formado alianzas municipales con varios partidos pol\u00edticos.<\/strong><\/p>\n\n\n\n<p><strong>En las elecciones municipales de 2024, el Frente Amplio se ali\u00f3 con el Partido Revolucionario Moderno (PRM) en algunas localidades, apoyando la candidatura de Luis Abinader.<\/strong><\/p>\n\n\n\n<p><strong>Algunas de las alianzas municipales del Frente Amplio incluyen alianza con el PRM.<\/strong><\/p>\n\n\n\n<p><strong>El Frente Amplio se uni\u00f3 al PRM en algunas demarcaciones, junto con otros 21 partidos pol\u00edticos.<\/strong><\/p>\n\n\n\n<p><strong>El Frente Amplio en la Rep\u00fablica Dominicana cuenta con varios diputados, entre ellos Juan Dionicio Rodr\u00edguez Restituyo, renunciante Diputado nacional y ex presidente del partido.<\/strong><\/p>\n\n\n\n<p><strong>Nidio Encarnaci\u00f3n en Santiago de los Caballeros, Diputado por la provincia de San Juan; Franklin Ram\u00edrez de los Santos, Diputado por la provincia de San Juan.<\/strong><\/p>\n\n\n\n<p><strong>El Frente Amplio tambi\u00e9n ha formado alianzas con otros partidos pol\u00edticos, como Dominicanos por el Cambio, para conformar un bloque de diputados en la C\u00e1mara de Diputados.<\/strong><\/p>\n\n\n\n<p><strong>El partido Frente Amplio se opone a la eliminaci\u00f3n de las candidaturas independientes, consider\u00e1ndolo un retroceso democr\u00e1tico.<\/strong><\/p>\n\n\n\n<p><strong>Argumentan que esto restringir\u00eda la participaci\u00f3n ciudadana y beneficiar\u00eda a los partidos tradicionales.<\/strong><\/p>\n\n\n\n<p><strong>Critican el modelo econ\u00f3mico actual, afirmando que la deuda crece mientras el pa\u00eds se estanca. Proponen una reforma fiscal progresiva, combate a la evasi\u00f3n y diversificaci\u00f3n productiva.<\/strong><\/p>\n\n\n\n<p><strong>Se oponen a acuerdos que permitan la presencia militar extranjera en territorio dominicano, consider\u00e1ndolo una amenaza a la soberan\u00eda nacional.<\/strong><\/p>\n\n\n\n<p><strong>Piden mejoras en la calidad de la educaci\u00f3n y el acceso a la salud, destacando la importancia de la inversi\u00f3n en estos sectores.<\/strong><\/p>\n\n\n\n<p><strong>Exigen mayor transparencia en la gesti\u00f3n p\u00fablica y el uso de la deuda, as\u00ed como medidas efectivas contra la corrupci\u00f3n.<\/strong><\/p>\n\n\n\n<p><strong>El Frente Amplio promueve la igualdad y la equidad en la sociedad.<\/strong><\/p>\n\n\n\n<p><strong>Exige la rendici\u00f3n de cuentas y la lucha contra la corrupci\u00f3n.<\/strong><\/p>\n\n\n\n<p><strong>Fomenta la participaci\u00f3n ciudadana en la toma de decisiones.<\/strong><\/p>\n\n\n\n<p><strong>Defiende el acceso a servicios de calidad para todos.<\/strong><\/p>\n\n\n\n<p><strong>Se opone a la injerencia extranjera en asuntos internos.<\/strong><\/p>\n\n\n\n<p><strong>Propone un modelo econ\u00f3mico m\u00e1s justo y equitativo.<\/strong><\/p>\n\n\n\n<p><strong>El Frente Amplio se enfrenta a varios retos de cara a las elecciones de 2028.<\/strong><\/p>\n\n\n\n<p><strong>El partido ha advertido sobre \u00abel crecimiento de la deuda y el estancamiento del pa\u00eds, lo que podr\u00eda afectar su credibilidad y capacidad para atraer votantes\u00bb.<\/strong><\/p>\n\n\n\n<p><strong>El Frente Amplio ha estado analizando los retos actuales de la democracia en el pa\u00eds, lo que sugiere que est\u00e1n trabajando para abordar temas importantes para ampliar una alianza con la ciudadan\u00eda.<\/strong><\/p>\n\n\n\n<p><strong>La organizaci\u00f3n pol\u00edtica opositora sugiere ampliar las relaciones con los movimientos sociales incorporados, los partidos pol\u00edticos progresistas y la sociedad civil organizada.<\/strong><\/p>\n\n\n\n<p><strong>Llama a la ciudadan\u00eda a prepararse para las elecciones del a\u00f1o 2028 enfoc\u00e1ndose en abordar los desaf\u00edos econ\u00f3micos y democr\u00e1ticos del pa\u00eds.<\/strong><\/p>\n\n\n\n<p><strong>Maria Teresa Cabrera Ulloa Juan Carlos Espinal RedSocial RedSocial Redsocial Codi Red Social Codi Soy Frente Amplio Max Puig Opci\u00f3n Democr\u00e1tica Movimiento Izquierda Unida -MI<\/strong><\/p>\n","protected":false},"excerpt":{"rendered":"<p>Por Juan Carlos Espinal El Frente Amplio es un partido pol\u00edtico de izquierdas, fundado el 14 de junio de 1992, originalmente como Movimiento Independiente de Unidad Capitale\u00f1a (MIUCA). Su objetivo es \u00abcrear una sociedad m\u00e1s justa y equitativa, con un enfoque en la democracia participativa, la justicia social y la lucha contra la corrupci\u00f3n\u00bb. En [&hellip;]<\/p>\n","protected":false},"author":7,"featured_media":521400,"comment_status":"closed","ping_status":"closed","sticky":false,"template":"","format":"standard","meta":{"footnotes":""},"categories":[19],"tags":[366],"class_list":["post-669343","post","type-post","status-publish","format-standard","has-post-thumbnail","hentry","category-mi-voz","tag-juan-carlos-espinal"],"_links":{"self":[{"href":"https:\/\/diariodominicano.com\/index.php?rest_route=\/wp\/v2\/posts\/669343","targetHints":{"allow":["GET"]}}],"collection":[{"href":"https:\/\/diariodominicano.com\/index.php?rest_route=\/wp\/v2\/posts"}],"about":[{"href":"https:\/\/diariodominicano.com\/index.php?rest_route=\/wp\/v2\/types\/post"}],"author":[{"embeddable":true,"href":"https:\/\/diariodominicano.com\/index.php?rest_route=\/wp\/v2\/users\/7"}],"replies":[{"embeddable":true,"href":"https:\/\/diariodominicano.com\/index.php?rest_route=%2Fwp%2Fv2%2Fcomments&post=669343"}],"version-history":[{"count":1,"href":"https:\/\/diariodominicano.com\/index.php?rest_route=\/wp\/v2\/posts\/669343\/revisions"}],"predecessor-version":[{"id":669347,"href":"https:\/\/diariodominicano.com\/index.php?rest_route=\/wp\/v2\/posts\/669343\/revisions\/669347"}],"wp:featuredmedia":[{"embeddable":true,"href":"https:\/\/diariodominicano.com\/index.php?rest_route=\/wp\/v2\/media\/521400"}],"wp:attachment":[{"href":"https:\/\/diariodominicano.com\/index.php?rest_route=%2Fwp%2Fv2%2Fmedia&parent=669343"}],"wp:term":[{"taxonomy":"category","embeddable":true,"href":"https:\/\/diariodominicano.com\/index.php?rest_route=%2Fwp%2Fv2%2Fcategories&post=669343"},{"taxonomy":"post_tag","embeddable":true,"href":"https:\/\/diariodominicano.com\/index.php?rest_route=%2Fwp%2Fv2%2Ftags&post=669343"}],"curies":[{"name":"wp","href":"https:\/\/api.w.org\/{rel}","templated":true}]}}