{"id":669322,"date":"2026-03-11T18:10:38","date_gmt":"2026-03-11T22:10:38","guid":{"rendered":"https:\/\/diariodominicano.com\/?p=669322"},"modified":"2026-03-11T18:10:41","modified_gmt":"2026-03-11T22:10:41","slug":"senador-julito-fulcar-compartira-el-exito-del-plan-estrategico-de-peravia-en-encuentro-especial-en-san-juan-de-la-maguana","status":"publish","type":"post","link":"https:\/\/diariodominicano.com\/?p=669322","title":{"rendered":"Senador Julito Fulcar compartir\u00e1 el \u00e9xito del Plan Estrat\u00e9gico de Peravia en encuentro especial en San Juan de la Maguana"},"content":{"rendered":"\n<p>Peravia, R.D.-En un esfuerzo por fortalecer la planificaci\u00f3n territorial y el desarrollo regional, el Senador por Peravia, Julito Fulcar Encarnaci\u00f3n, encabezar\u00e1 este jueves un encuentro especial en la provincia de San Juan de la Maguana, para exponer los logros y metodolog\u00edas del Plan de Desarrollo Estrat\u00e9gico y Sostenible de la provincia Peravia 2025-2050.<\/p>\n\n\n\n<p>El legislador estar\u00e1 acompa\u00f1ado por una comitiva t\u00e9cnica integrada por Juan Carlos Guzm\u00e1n, Francis P\u00e9rez y Flady Cordero, quienes han sido piezas claves en la articulaci\u00f3n de proyectos de impacto para la provincia Peravia.<\/p>\n\n\n\n<p>La actividad, a desarrollarse este jueves 12 en el Sal\u00f3n del Colegio Padre Guido, de San Juan de la Maguana, tiene como objetivo principal servir de gu\u00eda y referente para la implementaci\u00f3n del Plan de Desarrollo Estrat\u00e9gico y Sostenible de esa provincia del sur lejano.<\/p>\n\n\n\n<p>El Senador Fulcar detallar\u00e1 c\u00f3mo la unidad de los sectores productivos, sociales y pol\u00edticos de Peravia, ha logrado establecer una hoja de ruta clara para el crecimiento econ\u00f3mico y la sostenibilidad de su provincia.<\/p>\n\n\n\n<p>La convocatoria est\u00e1 liderada por destacadas figuras de la provincia, entre ellos Mons. Tom\u00e1s Alejo Concepci\u00f3n, Obispo de la Di\u00f3cesis de San Juan; la Dra. Ana Mar\u00eda Castillo, Gobernadora Provincial; y el Mtro. Alberto Ram\u00edrez Cabral, Rector Nacional de la Universidad UFHEC.<\/p>\n\n\n\n<p>Este encuentro representa un hito en la colaboraci\u00f3n interprovincial, buscando replicar el modelo de \u00e9xito de Peravia, para impulsar el potencial agr\u00edcola, educativo y social de la provincia de San Juan de la Maguana, \u201cEl Granero del Sur\u00bb.<\/p>\n","protected":false},"excerpt":{"rendered":"<p>Peravia, R.D.-En un esfuerzo por fortalecer la planificaci\u00f3n territorial y el desarrollo regional, el Senador por Peravia, Julito Fulcar Encarnaci\u00f3n, encabezar\u00e1 este jueves un encuentro especial en la provincia de San Juan de la Maguana, para exponer los logros y metodolog\u00edas del Plan de Desarrollo Estrat\u00e9gico y Sostenible de la provincia Peravia 2025-2050. El legislador [&hellip;]<\/p>\n","protected":false},"author":7,"featured_media":669341,"comment_status":"closed","ping_status":"closed","sticky":false,"template":"","format":"standard","meta":{"footnotes":""},"categories":[36],"tags":[2510,1356,2359],"class_list":["post-669322","post","type-post","status-publish","format-standard","has-post-thumbnail","hentry","category-hombresmujeresycosas","tag-julito-fulcar","tag-san-juan-de-la-maguana","tag-senado"],"_links":{"self":[{"href":"https:\/\/diariodominicano.com\/index.php?rest_route=\/wp\/v2\/posts\/669322","targetHints":{"allow":["GET"]}}],"collection":[{"href":"https:\/\/diariodominicano.com\/index.php?rest_route=\/wp\/v2\/posts"}],"about":[{"href":"https:\/\/diariodominicano.com\/index.php?rest_route=\/wp\/v2\/types\/post"}],"author":[{"embeddable":true,"href":"https:\/\/diariodominicano.com\/index.php?rest_route=\/wp\/v2\/users\/7"}],"replies":[{"embeddable":true,"href":"https:\/\/diariodominicano.com\/index.php?rest_route=%2Fwp%2Fv2%2Fcomments&post=669322"}],"version-history":[{"count":1,"href":"https:\/\/diariodominicano.com\/index.php?rest_route=\/wp\/v2\/posts\/669322\/revisions"}],"predecessor-version":[{"id":669342,"href":"https:\/\/diariodominicano.com\/index.php?rest_route=\/wp\/v2\/posts\/669322\/revisions\/669342"}],"wp:featuredmedia":[{"embeddable":true,"href":"https:\/\/diariodominicano.com\/index.php?rest_route=\/wp\/v2\/media\/669341"}],"wp:attachment":[{"href":"https:\/\/diariodominicano.com\/index.php?rest_route=%2Fwp%2Fv2%2Fmedia&parent=669322"}],"wp:term":[{"taxonomy":"category","embeddable":true,"href":"https:\/\/diariodominicano.com\/index.php?rest_route=%2Fwp%2Fv2%2Fcategories&post=669322"},{"taxonomy":"post_tag","embeddable":true,"href":"https:\/\/diariodominicano.com\/index.php?rest_route=%2Fwp%2Fv2%2Ftags&post=669322"}],"curies":[{"name":"wp","href":"https:\/\/api.w.org\/{rel}","templated":true}]}}