{"id":669318,"date":"2026-03-11T15:31:28","date_gmt":"2026-03-11T19:31:28","guid":{"rendered":"https:\/\/diariodominicano.com\/?p=669318"},"modified":"2026-03-11T15:31:32","modified_gmt":"2026-03-11T19:31:32","slug":"crisis-del-sistema-electrico","status":"publish","type":"post","link":"https:\/\/diariodominicano.com\/?p=669318","title":{"rendered":"Crisis del sistema el\u00e9ctrico"},"content":{"rendered":"\n<p><strong><em>El Partido de la Liberaci\u00f3n Dominicana (PLD) advierte el deterioro del sector y llama a soluciones estructurales.<\/em><\/strong><\/p>\n\n\n\n<p><strong>La Secretar\u00eda de Energ\u00eda y Minas del Partido de la Liberaci\u00f3n Dominicana (PLD) reitera su preocupaci\u00f3n por el deterioro progresivo del sistema el\u00e9ctrico nacional y ratifica su compromiso de seguir defendiendo los intereses del pueblo dominicano frente a los problemas que afectan el servicio de energ\u00eda.<\/strong><\/p>\n\n\n\n<p><strong>Diversos acontecimientos registrados en los \u00faltimos meses han encendido las alarmas sobre la situaci\u00f3n del sector, que enfrenta dificultades t\u00e9cnicas, financieras y administrativas que impactan directamente a la poblaci\u00f3n.<\/strong><\/p>\n\n\n\n<p><strong>\u201cLos hechos recientes no responden a incidentes aislados, sino a un patr\u00f3n que evidencia debilidades estructurales en la planificaci\u00f3n, el mantenimiento de la infraestructura y la gesti\u00f3n del sector el\u00e9ctrico\u201d, dice el \u00f3rgano especializado del PLD en un documento que analiza las debilidades del sector.<\/strong><\/p>\n\n\n\n<p><strong>Dentro del acontecimiento que han encendido las alarmas, el PLD cita, el apag\u00f3n general que dej\u00f3 a todo el pa\u00eds sin energ\u00eda el\u00e9ctrica recientemente, cita tambi\u00e9n a la empresa distribuidora Empresa Distribuidora de Electricidad del Este (EDEESTE), que, seg\u00fan denuncias, m\u00e1s de 42 mil clientes habr\u00edan recibido facturas alteradas.<\/strong><\/p>\n\n\n\n<p><strong>Denuncia el PLD que en la Oficina de Protecci\u00f3n al Consumidor de Electricidad (PROTECOM) se acumulan cerca de 50 mil reclamaciones sin soluci\u00f3n efectiva.<\/strong><\/p>\n\n\n\n<p><strong>\u201cOtro tema que ha generado cuestionamientos es la instalaci\u00f3n de barcazas el\u00e9ctricas en la zona de Los Negros, en la provincia de Azua. Cr\u00edticos de la medida se\u00f1alan que se trata de generaci\u00f3n costosa, dependiente de combustibles f\u00f3siles importados y ubicada en una zona ambientalmente sensible.<\/strong><\/p>\n\n\n\n<p><strong>Comunidades cercanas han expresado preocupaci\u00f3n por los posibles impactos en el medio ambiente, la salud y la econom\u00eda local\u201d, se lee en el documento con la firma de Martin Matos, titular de Energ\u00eda y Minas.<\/strong><\/p>\n\n\n\n<p><strong>Las finanzas en el sector el\u00e9ctrico tambi\u00e9n se incluyen en el listado de dificultades: \u201cLos gastos operativos de las empresas distribuidoras han aumentado en los \u00faltimos a\u00f1os, mientras que las p\u00e9rdidas del sistema pasaron de alrededor de 27% en 2019 a cerca de 43% en 2025. Al mismo tiempo, el subsidio el\u00e9ctrico se ha multiplicado significativamente, alcanzando niveles hist\u00f3ricos\u201d.<\/strong><\/p>\n\n\n\n<p><strong>Sobre el Decreto 517-25, mediante el cual el gobierno declar\u00f3 en emergencia el sector el\u00e9ctrico, el PLD considera que esta medida&nbsp;evidencia la gravedad de la situaci\u00f3n y plantea interrogantes sobre la planificaci\u00f3n energ\u00e9tica de largo plazo.<\/strong><\/p>\n\n\n\n<p><strong>Frente a este panorama, el Partido de la Liberaci\u00f3n Dominicana reitera que continuar\u00e1 del lado del pueblo dominicano, defendiendo el derecho de los ciudadanos a un servicio el\u00e9ctrico estable, transparente y con tarifas justas.<\/strong><\/p>\n\n\n\n<p><strong>\u201cEsta Secretar\u00eda continuar\u00e1 se\u00f1alando las fallas del sistema y proponiendo soluciones que permitan garantizar un servicio el\u00e9ctrico eficiente, siempre con el objetivo de proteger los intereses del pueblo dominicano\u201d, concluye el documento.<\/strong><\/p>\n\n\n\n<p><strong>SECRETAR\u00cdA DE COMUNICACIONES<\/strong><\/p>\n","protected":false},"excerpt":{"rendered":"<p>El Partido de la Liberaci\u00f3n Dominicana (PLD) advierte el deterioro del sector y llama a soluciones estructurales. La Secretar\u00eda de Energ\u00eda y Minas del Partido de la Liberaci\u00f3n Dominicana (PLD) reitera su preocupaci\u00f3n por el deterioro progresivo del sistema el\u00e9ctrico nacional y ratifica su compromiso de seguir defendiendo los intereses del pueblo dominicano frente a [&hellip;]<\/p>\n","protected":false},"author":7,"featured_media":587113,"comment_status":"closed","ping_status":"closed","sticky":false,"template":"","format":"standard","meta":{"footnotes":""},"categories":[22],"tags":[4803,175],"class_list":["post-669318","post","type-post","status-publish","format-standard","has-post-thumbnail","hentry","category-politica","tag-martin-matos","tag-pld"],"_links":{"self":[{"href":"https:\/\/diariodominicano.com\/index.php?rest_route=\/wp\/v2\/posts\/669318","targetHints":{"allow":["GET"]}}],"collection":[{"href":"https:\/\/diariodominicano.com\/index.php?rest_route=\/wp\/v2\/posts"}],"about":[{"href":"https:\/\/diariodominicano.com\/index.php?rest_route=\/wp\/v2\/types\/post"}],"author":[{"embeddable":true,"href":"https:\/\/diariodominicano.com\/index.php?rest_route=\/wp\/v2\/users\/7"}],"replies":[{"embeddable":true,"href":"https:\/\/diariodominicano.com\/index.php?rest_route=%2Fwp%2Fv2%2Fcomments&post=669318"}],"version-history":[{"count":1,"href":"https:\/\/diariodominicano.com\/index.php?rest_route=\/wp\/v2\/posts\/669318\/revisions"}],"predecessor-version":[{"id":669327,"href":"https:\/\/diariodominicano.com\/index.php?rest_route=\/wp\/v2\/posts\/669318\/revisions\/669327"}],"wp:featuredmedia":[{"embeddable":true,"href":"https:\/\/diariodominicano.com\/index.php?rest_route=\/wp\/v2\/media\/587113"}],"wp:attachment":[{"href":"https:\/\/diariodominicano.com\/index.php?rest_route=%2Fwp%2Fv2%2Fmedia&parent=669318"}],"wp:term":[{"taxonomy":"category","embeddable":true,"href":"https:\/\/diariodominicano.com\/index.php?rest_route=%2Fwp%2Fv2%2Fcategories&post=669318"},{"taxonomy":"post_tag","embeddable":true,"href":"https:\/\/diariodominicano.com\/index.php?rest_route=%2Fwp%2Fv2%2Ftags&post=669318"}],"curies":[{"name":"wp","href":"https:\/\/api.w.org\/{rel}","templated":true}]}}