{"id":669310,"date":"2026-03-11T13:49:50","date_gmt":"2026-03-11T17:49:50","guid":{"rendered":"https:\/\/diariodominicano.com\/?p=669310"},"modified":"2026-03-11T13:49:53","modified_gmt":"2026-03-11T17:49:53","slug":"hombre-debera-cumplir-15-anos-de-prision-por-matar-a-otro-en-san-cristobal","status":"publish","type":"post","link":"https:\/\/diariodominicano.com\/?p=669310","title":{"rendered":"Hombre deber\u00e1 cumplir 15 a\u00f1os de prisi\u00f3n por matar a otro en San Crist\u00f3bal"},"content":{"rendered":"\n<p><strong>SANTO DOMINGO (Rep\u00fablica Dominicana).-<\/strong>&nbsp;A partir de las pruebas aportadas por el Ministerio P\u00fablico, un tribunal de San Crist\u00f3bal conden\u00f3 a 15 a\u00f1os de prisi\u00f3n a un hombre que mat\u00f3 a otro luego de que le reclamara por incumplir con el pago de una motocicleta que adquiri\u00f3 en un negocio donde la v\u00edctima trabajaba, en el municipio Yaguate de esa provincia.<\/p>\n\n\n\n<p>F\u00e9lix Manuel Tene (Manilo) fue condenado por causarle la muerte a causa de heridas de arma blanca a Manuel Porfirio Castillo Guzm\u00e1n, cuyo deceso se produjo en un hospital de San Crist\u00f3bal.<\/p>\n\n\n\n<p>El expediente acusatorio relata que el procesado atac\u00f3 a la v\u00edctima con un cuchillo, caus\u00e1ndole seis heridas en distintas partes del cuerpo, seg\u00fan consta en el acta de levantamiento de cad\u00e1ver.<\/p>\n\n\n\n<p>El hecho ocurri\u00f3 alrededor de las 2:00 de la madrugada del 30 de diciembre de 2023 en momentos en que ambos conversaban en un negocio de venta de bebidas alcoh\u00f3licas del indicado municipio. El procesado se molest\u00f3 porque el ahora occiso le reclam\u00f3 que le entregara la motocicleta o que se pusiera al d\u00eda con los pagos.<\/p>\n\n\n\n<p>Al d\u00eda siguiente de cometer el homicidio, el 31 de diciembre de 2023, Tene fue arrestado con orden judicial en la misma provincia San Crist\u00f3bal.<\/p>\n\n\n\n<p>La investigaci\u00f3n del caso fue realizada por la fiscalizadora Juana Francisca Mont\u00e1s y el fiscal litigante Fernelis Rodr\u00edguez tuvo a cargo la litigaci\u00f3n en representaci\u00f3n del Ministerio P\u00fablico.<\/p>\n\n\n\n<p>Despu\u00e9s de evaluar las pruebas, los jueces Rosa Edalia Mateo, Ana In\u00e9s Susana y Loida Amador, del Tribunal Colegiado de San Crist\u00f3bal, dictaron la sentencia condenatoria al establecer que el procesado viol\u00f3 los art\u00edculos 295 y 304, p\u00e1rrafo II, del C\u00f3digo Penal dominicano.<\/p>\n\n\n\n<p>Los jueces ordenaron el cumplimiento de la sentencia en el Centro de Correcci\u00f3n y Rehabilitaci\u00f3n (CCR) Najayo Hombres, en San Crist\u00f3bal.<\/p>\n\n\n\n<p><strong>Direcci\u00f3n General de Comunicaci\u00f3n, Prensa y RRPP<\/strong><\/p>\n\n\n\n<p><strong>Ministerio P\u00fablico RD<\/strong><\/p>\n\n\n\n<p>Comunicaciones PGR <a href=\"mailto:comunicaciones@pgr.gob.do\">comunicaciones@pgr.gob.do<\/a><\/p>\n","protected":false},"excerpt":{"rendered":"<p>SANTO DOMINGO (Rep\u00fablica Dominicana).-&nbsp;A partir de las pruebas aportadas por el Ministerio P\u00fablico, un tribunal de San Crist\u00f3bal conden\u00f3 a 15 a\u00f1os de prisi\u00f3n a un hombre que mat\u00f3 a otro luego de que le reclamara por incumplir con el pago de una motocicleta que adquiri\u00f3 en un negocio donde la v\u00edctima trabajaba, en el [&hellip;]<\/p>\n","protected":false},"author":7,"featured_media":517350,"comment_status":"closed","ping_status":"closed","sticky":false,"template":"","format":"standard","meta":{"footnotes":""},"categories":[24],"tags":[171],"class_list":["post-669310","post","type-post","status-publish","format-standard","has-post-thumbnail","hentry","category-justicia-y-derecho","tag-ministerio-publico"],"_links":{"self":[{"href":"https:\/\/diariodominicano.com\/index.php?rest_route=\/wp\/v2\/posts\/669310","targetHints":{"allow":["GET"]}}],"collection":[{"href":"https:\/\/diariodominicano.com\/index.php?rest_route=\/wp\/v2\/posts"}],"about":[{"href":"https:\/\/diariodominicano.com\/index.php?rest_route=\/wp\/v2\/types\/post"}],"author":[{"embeddable":true,"href":"https:\/\/diariodominicano.com\/index.php?rest_route=\/wp\/v2\/users\/7"}],"replies":[{"embeddable":true,"href":"https:\/\/diariodominicano.com\/index.php?rest_route=%2Fwp%2Fv2%2Fcomments&post=669310"}],"version-history":[{"count":1,"href":"https:\/\/diariodominicano.com\/index.php?rest_route=\/wp\/v2\/posts\/669310\/revisions"}],"predecessor-version":[{"id":669314,"href":"https:\/\/diariodominicano.com\/index.php?rest_route=\/wp\/v2\/posts\/669310\/revisions\/669314"}],"wp:featuredmedia":[{"embeddable":true,"href":"https:\/\/diariodominicano.com\/index.php?rest_route=\/wp\/v2\/media\/517350"}],"wp:attachment":[{"href":"https:\/\/diariodominicano.com\/index.php?rest_route=%2Fwp%2Fv2%2Fmedia&parent=669310"}],"wp:term":[{"taxonomy":"category","embeddable":true,"href":"https:\/\/diariodominicano.com\/index.php?rest_route=%2Fwp%2Fv2%2Fcategories&post=669310"},{"taxonomy":"post_tag","embeddable":true,"href":"https:\/\/diariodominicano.com\/index.php?rest_route=%2Fwp%2Fv2%2Ftags&post=669310"}],"curies":[{"name":"wp","href":"https:\/\/api.w.org\/{rel}","templated":true}]}}