{"id":669284,"date":"2026-03-11T10:34:49","date_gmt":"2026-03-11T14:34:49","guid":{"rendered":"https:\/\/diariodominicano.com\/?p=669284"},"modified":"2026-03-12T01:54:14","modified_gmt":"2026-03-12T05:54:14","slug":"putin-y-presidente-de-eau-piden-desescalada-regional-durante-conversacion-telefonica","status":"publish","type":"post","link":"https:\/\/diariodominicano.com\/?p=669284","title":{"rendered":"Putin y presidente de EAU piden desescalada regional durante conversaci\u00f3n telef\u00f3nica"},"content":{"rendered":"\n<p>diariodominicano.com <\/p>\n\n\n\n<p><strong>spanish.news.cn|&nbsp;<\/strong><\/p>\n\n\n\n<p>ABU DABI, 11 mar (Xinhua) &#8212; El presidente de Rusia, Vladimir Putin, y el presidente de Emiratos \u00c1rabes Unidos (EAU), el jeque Mohamed bin Zayed Al Nahyan, conversaron por tel\u00e9fono hoy mi\u00e9rcoles para discutir la escalada de la situaci\u00f3n en Medio Oriente, y pidieron medidas diplom\u00e1ticas para reducir las tensiones regionales.<\/p>\n\n\n\n<p>Los l\u00edderes analizaron los acontecimientos recientes e hicieron hincapi\u00e9 en la necesidad de detener de inmediato la escalada, inform\u00f3 la Agencia de Noticias de los Emiratos (WAM). Tambi\u00e9n subrayaron que debe priorizarse el di\u00e1logo significativo y la diplomacia para abordar las cuestiones pendientes, al mismo tiempo que se preserva la seguridad y se evitan nuevas crisis.<\/p>\n\n\n\n<p>La conversaci\u00f3n tuvo lugar mientras se reportaban explosiones sobre Dub\u00e1i, donde los residentes locales escucharon estallidos relacionados con los sistemas de defensa antia\u00e9rea ante una amenaza de misiles. Las autoridades confirmaron en X que los sonidos fueron resultado de las exitosas operaciones de interceptaci\u00f3n.<\/p>\n\n\n\n<p>El reciente incremento de las tensiones tuvo lugar despu\u00e9s de los ataques conjuntos estadounidense-israel\u00edes contra Teher\u00e1n y otras ciudades iran\u00edes el 28 de febrero, a causa de los cuales murieron el l\u00edder supremo de Ir\u00e1n, Ali Khamenei, comandantes militares de alto rango y civiles. Desde entonces, Ir\u00e1n ha llevado a cabo m\u00faltiples ataques con misiles y drones contra activos estadounidenses e israel\u00edes en toda la regi\u00f3n.<\/p>\n","protected":false},"excerpt":{"rendered":"<p>diariodominicano.com spanish.news.cn|&nbsp; ABU DABI, 11 mar (Xinhua) &#8212; El presidente de Rusia, Vladimir Putin, y el presidente de Emiratos \u00c1rabes Unidos (EAU), el jeque Mohamed bin Zayed Al Nahyan, conversaron por tel\u00e9fono hoy mi\u00e9rcoles para discutir la escalada de la situaci\u00f3n en Medio Oriente, y pidieron medidas diplom\u00e1ticas para reducir las tensiones regionales. Los l\u00edderes [&hellip;]<\/p>\n","protected":false},"author":5,"featured_media":669285,"comment_status":"closed","ping_status":"closed","sticky":false,"template":"","format":"standard","meta":{"footnotes":""},"categories":[23,27],"tags":[4077,3557],"class_list":["post-669284","post","type-post","status-publish","format-standard","has-post-thumbnail","hentry","category-internacional","category-portada","tag-eau","tag-putin"],"_links":{"self":[{"href":"https:\/\/diariodominicano.com\/index.php?rest_route=\/wp\/v2\/posts\/669284","targetHints":{"allow":["GET"]}}],"collection":[{"href":"https:\/\/diariodominicano.com\/index.php?rest_route=\/wp\/v2\/posts"}],"about":[{"href":"https:\/\/diariodominicano.com\/index.php?rest_route=\/wp\/v2\/types\/post"}],"author":[{"embeddable":true,"href":"https:\/\/diariodominicano.com\/index.php?rest_route=\/wp\/v2\/users\/5"}],"replies":[{"embeddable":true,"href":"https:\/\/diariodominicano.com\/index.php?rest_route=%2Fwp%2Fv2%2Fcomments&post=669284"}],"version-history":[{"count":2,"href":"https:\/\/diariodominicano.com\/index.php?rest_route=\/wp\/v2\/posts\/669284\/revisions"}],"predecessor-version":[{"id":669408,"href":"https:\/\/diariodominicano.com\/index.php?rest_route=\/wp\/v2\/posts\/669284\/revisions\/669408"}],"wp:featuredmedia":[{"embeddable":true,"href":"https:\/\/diariodominicano.com\/index.php?rest_route=\/wp\/v2\/media\/669285"}],"wp:attachment":[{"href":"https:\/\/diariodominicano.com\/index.php?rest_route=%2Fwp%2Fv2%2Fmedia&parent=669284"}],"wp:term":[{"taxonomy":"category","embeddable":true,"href":"https:\/\/diariodominicano.com\/index.php?rest_route=%2Fwp%2Fv2%2Fcategories&post=669284"},{"taxonomy":"post_tag","embeddable":true,"href":"https:\/\/diariodominicano.com\/index.php?rest_route=%2Fwp%2Fv2%2Ftags&post=669284"}],"curies":[{"name":"wp","href":"https:\/\/api.w.org\/{rel}","templated":true}]}}