{"id":669268,"date":"2026-03-11T02:03:55","date_gmt":"2026-03-11T06:03:55","guid":{"rendered":"https:\/\/diariodominicano.com\/?p=669268"},"modified":"2026-03-11T02:03:58","modified_gmt":"2026-03-11T06:03:58","slug":"crece-el-apoyo-a-los-agronomos-ahora-se-suman-las-centrales-obreras-y-campesinas","status":"publish","type":"post","link":"https:\/\/diariodominicano.com\/?p=669268","title":{"rendered":"Crece el apoyo a los agr\u00f3nomos: ahora se suman las centrales obreras y campesinas"},"content":{"rendered":"\n<p>Gabriel del R\u00edo, por la CASC, y Luciano Robles, por FEDELAC, expresaron su apoyo y solidaridad con la ANPA<\/p>\n\n\n\n<p>Santo Domingo.\u2013 El presidente de la Asociaci\u00f3n Nacional de Profesionales Agropecuarios (ANPA), Tito Hern\u00e1ndez, inform\u00f3 que contin\u00faa creciendo el respaldo del liderazgo social y gremial del pa\u00eds a la lucha que desarrollan los profesionales agropecuarios en demanda de mejores condiciones de vida y trabajo.<\/p>\n\n\n\n<p>En esta ocasi\u00f3n, Gabriel del R\u00edo, presidente de la Confederaci\u00f3n Aut\u00f3noma Sindical Clasista (CASC), y Luciano Robles, dirigente de la Federaci\u00f3n Agraria de Ligas Cristianas (FEDELAC), expresaron su apoyo y solidaridad con las demandas que impulsa la ANPA en favor de los agr\u00f3nomos dominicanos.<\/p>\n\n\n\n<p>Durante el encuentro, ambos dirigentes coincidieron en resaltar la importancia del trabajo que realizan los profesionales agropecuarios para garantizar la producci\u00f3n de alimentos y la seguridad alimentaria del pueblo dominicano.<\/p>\n\n\n\n<p>Asimismo, Gabriel del R\u00edo y Luciano Robles destacaron la necesidad de continuar impulsando la Reforma Agraria, se\u00f1alando que el fortalecimiento del campo dominicano y el bienestar de los productores y t\u00e9cnicos del sector deben seguir siendo una prioridad nacional.<\/p>\n\n\n\n<p>El presidente de la ANPA, Tito Hern\u00e1ndez, agradeci\u00f3 el respaldo recibido por parte de las organizaciones sindicales y campesinas, y expres\u00f3 que el gremio continuar\u00e1 ampliando sus contactos con el liderazgo pol\u00edtico, social y gremial del pa\u00eds, con el prop\u00f3sito de seguir consolidando un amplio movimiento de apoyo a las demandas de los profesionales agropecuarios.<\/p>\n\n\n\n<p>Hern\u00e1ndez reiter\u00f3 que los agr\u00f3nomos dominicanos trabajan d\u00eda a d\u00eda para garantizar la seguridad alimentaria de la naci\u00f3n, por lo que aspiran a lograr pensiones dignas, mejores condiciones de trabajo, nuevos nombramientos y respeto a la dignidad del profesional agropecuario.<\/p>\n\n\n\n<p>En el encuentro participaron por la ANPA Juan Francisco Caraballo, Julio C\u00e9sar F\u00e9liz, Juan Alejo, Jos\u00e9 Abad, C\u00e1ndida Reyes, Manuel Vel\u00e1squez y Br\u00edgido Hierro, miembros del Comit\u00e9 Ejecutivo Nacional (CEN), as\u00ed como Basilio de la Rosa, presidente de la Delegaci\u00f3n del Distrito Nacional, junto a Luz del Carmen Mart\u00ednez y Luis Beato, dirigentes del Distrito Nacional, entre otros representantes del gremio.<\/p>\n","protected":false},"excerpt":{"rendered":"<p>Gabriel del R\u00edo, por la CASC, y Luciano Robles, por FEDELAC, expresaron su apoyo y solidaridad con la ANPA Santo Domingo.\u2013 El presidente de la Asociaci\u00f3n Nacional de Profesionales Agropecuarios (ANPA), Tito Hern\u00e1ndez, inform\u00f3 que contin\u00faa creciendo el respaldo del liderazgo social y gremial del pa\u00eds a la lucha que desarrollan los profesionales agropecuarios en [&hellip;]<\/p>\n","protected":false},"author":7,"featured_media":669269,"comment_status":"closed","ping_status":"closed","sticky":false,"template":"","format":"standard","meta":{"footnotes":""},"categories":[36],"tags":[4072,2807,5048],"class_list":["post-669268","post","type-post","status-publish","format-standard","has-post-thumbnail","hentry","category-hombresmujeresycosas","tag-asociacion-nacional-de-profesionales-agropecuarios-anpa","tag-casc","tag-fedelac"],"_links":{"self":[{"href":"https:\/\/diariodominicano.com\/index.php?rest_route=\/wp\/v2\/posts\/669268","targetHints":{"allow":["GET"]}}],"collection":[{"href":"https:\/\/diariodominicano.com\/index.php?rest_route=\/wp\/v2\/posts"}],"about":[{"href":"https:\/\/diariodominicano.com\/index.php?rest_route=\/wp\/v2\/types\/post"}],"author":[{"embeddable":true,"href":"https:\/\/diariodominicano.com\/index.php?rest_route=\/wp\/v2\/users\/7"}],"replies":[{"embeddable":true,"href":"https:\/\/diariodominicano.com\/index.php?rest_route=%2Fwp%2Fv2%2Fcomments&post=669268"}],"version-history":[{"count":1,"href":"https:\/\/diariodominicano.com\/index.php?rest_route=\/wp\/v2\/posts\/669268\/revisions"}],"predecessor-version":[{"id":669270,"href":"https:\/\/diariodominicano.com\/index.php?rest_route=\/wp\/v2\/posts\/669268\/revisions\/669270"}],"wp:featuredmedia":[{"embeddable":true,"href":"https:\/\/diariodominicano.com\/index.php?rest_route=\/wp\/v2\/media\/669269"}],"wp:attachment":[{"href":"https:\/\/diariodominicano.com\/index.php?rest_route=%2Fwp%2Fv2%2Fmedia&parent=669268"}],"wp:term":[{"taxonomy":"category","embeddable":true,"href":"https:\/\/diariodominicano.com\/index.php?rest_route=%2Fwp%2Fv2%2Fcategories&post=669268"},{"taxonomy":"post_tag","embeddable":true,"href":"https:\/\/diariodominicano.com\/index.php?rest_route=%2Fwp%2Fv2%2Ftags&post=669268"}],"curies":[{"name":"wp","href":"https:\/\/api.w.org\/{rel}","templated":true}]}}