{"id":669263,"date":"2026-03-11T02:07:40","date_gmt":"2026-03-11T06:07:40","guid":{"rendered":"https:\/\/diariodominicano.com\/?p=669263"},"modified":"2026-03-11T02:07:42","modified_gmt":"2026-03-11T06:07:42","slug":"luis-el-gallo-destaca-exitos-de-presidente-abinader-en-la-cumbre-escudo-de-las-americas","status":"publish","type":"post","link":"https:\/\/diariodominicano.com\/?p=669263","title":{"rendered":"Luis \u201cEl Gallo\u201d destaca \u00e9xitos de presidente Abinader en la cumbre \u201cEscudo de las Am\u00e9ricas\u201d"},"content":{"rendered":"\n<p><strong>El presidente de la Uni\u00f3n Dem\u00f3crata Cristiana -UDC-, Luis Acosta Moreta, Luis \u201cEl Gallo\u201d, consider\u00f3 hoy que el presidente Luis Abinader consigui\u00f3 importantes conquistas y futuros intercambios comerciales, a&nbsp; ra\u00edz de su participaci\u00f3n en la cumbre Escudo de la Am\u00e9ricas, convocada por el presidente norteamericano Donald Trump.<\/strong><\/p>\n\n\n\n<p><strong>El presidente Abinader demuestra al firmar La Carta de Doral que es un conocedor de los problemas nacionales y las repercusiones de la pol\u00edtica econ\u00f3mica local y de c\u00f3mo se puede beneficiar al pa\u00eds con los acuerdos internacionales.<\/strong><\/p>\n\n\n\n<p><strong>Los presidentes participantes en la cumbre tendr\u00e1n mayores oportunidades de intercambio comercial con los Estados Unidos, y las mercanc\u00edas&nbsp; llegar\u00e1n con aranceles bajos, que les permitir\u00e1n seguir haciendo buenos negocios.<\/strong><\/p>\n\n\n\n<p><strong>&nbsp;Tambi\u00e9n resalt\u00f3 que sin una pol\u00edtica de aislamiento, el presidente Abinader logr\u00f3 avances econ\u00f3micos con otros pa\u00edses que participaron en&nbsp; la reuni\u00f3n, con los encuentros bilaterales que sostuvo con varios presidentes.<\/strong><\/p>\n\n\n\n<p><strong>Dijo que el mandatario est\u00e1 interesado en llevar adelante una clara pol\u00edtica de desarrollo y social, contando con el pleno respaldo de los norteamericanos, y del presidente Trump.<\/strong><\/p>\n\n\n\n<p><strong>Manifest\u00f3 que a pesar de los problemas econ\u00f3micos que puede estar pasando el pa\u00eds, en algunos renglones productivos, hay&nbsp; la plena confianza en el presidente Abinader y sus esfuerzos para materializar el desarrollo nacional.<\/strong><\/p>\n\n\n\n<p><strong>Pidi\u00f3 la unidad de todos los dominicanos en los programas delineados por Abinader para acabar con el hambre, la marginalidad y la exclusi\u00f3n social.<\/strong><\/p>\n\n\n\n<p><strong>Afirmo que es hora de abandonar programas mezquinos y que el esfuerzo colectivo vaya dirigido con un solo prop\u00f3sito que es&nbsp; el desarrollo nacional.<\/strong><\/p>\n\n\n\n<p><strong>El compromiso de la UDC es que se mejoren la condiciones de vida de los marginados nacionales, y que miles de dominicanos salgan de la pobreza y tengan su comida segura.<\/strong><\/p>\n\n\n\n<p><strong>En este mejoramiento de los niveles de vida del pa\u00eds estamos trabajando hombro con hombro con el presidente Abinader, llevando orientaci\u00f3n y asistencia social a todos los grupos marginados del pa\u00eds.<\/strong><\/p>\n","protected":false},"excerpt":{"rendered":"<p>El presidente de la Uni\u00f3n Dem\u00f3crata Cristiana -UDC-, Luis Acosta Moreta, Luis \u201cEl Gallo\u201d, consider\u00f3 hoy que el presidente Luis Abinader consigui\u00f3 importantes conquistas y futuros intercambios comerciales, a&nbsp; ra\u00edz de su participaci\u00f3n en la cumbre Escudo de la Am\u00e9ricas, convocada por el presidente norteamericano Donald Trump. El presidente Abinader demuestra al firmar La Carta [&hellip;]<\/p>\n","protected":false},"author":7,"featured_media":565391,"comment_status":"closed","ping_status":"closed","sticky":false,"template":"","format":"standard","meta":{"footnotes":""},"categories":[19],"tags":[114],"class_list":["post-669263","post","type-post","status-publish","format-standard","has-post-thumbnail","hentry","category-mi-voz","tag-luis-el-gallo"],"_links":{"self":[{"href":"https:\/\/diariodominicano.com\/index.php?rest_route=\/wp\/v2\/posts\/669263","targetHints":{"allow":["GET"]}}],"collection":[{"href":"https:\/\/diariodominicano.com\/index.php?rest_route=\/wp\/v2\/posts"}],"about":[{"href":"https:\/\/diariodominicano.com\/index.php?rest_route=\/wp\/v2\/types\/post"}],"author":[{"embeddable":true,"href":"https:\/\/diariodominicano.com\/index.php?rest_route=\/wp\/v2\/users\/7"}],"replies":[{"embeddable":true,"href":"https:\/\/diariodominicano.com\/index.php?rest_route=%2Fwp%2Fv2%2Fcomments&post=669263"}],"version-history":[{"count":1,"href":"https:\/\/diariodominicano.com\/index.php?rest_route=\/wp\/v2\/posts\/669263\/revisions"}],"predecessor-version":[{"id":669271,"href":"https:\/\/diariodominicano.com\/index.php?rest_route=\/wp\/v2\/posts\/669263\/revisions\/669271"}],"wp:featuredmedia":[{"embeddable":true,"href":"https:\/\/diariodominicano.com\/index.php?rest_route=\/wp\/v2\/media\/565391"}],"wp:attachment":[{"href":"https:\/\/diariodominicano.com\/index.php?rest_route=%2Fwp%2Fv2%2Fmedia&parent=669263"}],"wp:term":[{"taxonomy":"category","embeddable":true,"href":"https:\/\/diariodominicano.com\/index.php?rest_route=%2Fwp%2Fv2%2Fcategories&post=669263"},{"taxonomy":"post_tag","embeddable":true,"href":"https:\/\/diariodominicano.com\/index.php?rest_route=%2Fwp%2Fv2%2Ftags&post=669263"}],"curies":[{"name":"wp","href":"https:\/\/api.w.org\/{rel}","templated":true}]}}