{"id":669253,"date":"2026-03-11T01:02:59","date_gmt":"2026-03-11T05:02:59","guid":{"rendered":"https:\/\/diariodominicano.com\/?p=669253"},"modified":"2026-03-12T02:16:45","modified_gmt":"2026-03-12T06:16:45","slug":"erdogan-exhorta-a-ucrania-a-continuar-conversaciones-de-paz-a-pesar-de-ataques-eeuu-israel-contra-iran","status":"publish","type":"post","link":"https:\/\/diariodominicano.com\/?p=669253","title":{"rendered":"Erdogan exhorta a Ucrania a continuar conversaciones de paz a pesar de ataques EEUU-Israel contra Ir\u00e1n"},"content":{"rendered":"\n<p><em>spanish.news.cn<\/em>|<em>&nbsp;2026-03-11 01:39:45<\/em>|<\/p>\n\n\n\n<p>Por Crist\u00f3bal Ch\u00e1vez Bravo<\/p>\n\n\n\n<p>SANTIAGO, 10 mar (Xinhua) &#8212; El presidente chileno, Gabriel Boric, terminar\u00e1 su per\u00edodo de Gobierno este 11 de marzo y ser\u00e1 recordado como un impulsor de relevantes reformas, as\u00ed como un estabilizador econ\u00f3mico tras la pandemia, aunque sin canalizar todas las expectativas sociales que gener\u00f3 su elecci\u00f3n, plantearon expertos consultados por Xinhua.<\/p>\n\n\n\n<p>Boric asumi\u00f3 el poder en marzo de 2022 con 36 a\u00f1os y se transform\u00f3 en el mandatario m\u00e1s joven en la historia del pa\u00eds sudamericano, luego de llegar con un conglomerado pol\u00edtico integrado tambi\u00e9n por j\u00f3venes.<\/p>\n\n\n\n<p>Para el doctor en temas de Am\u00e9rica Latina contempor\u00e1nea, Gonzalo \u00c1lvarez Fuentes, este Gobierno, que ma\u00f1ana mi\u00e9rcoles le pasar\u00e1 el mando al opositor de Boric, Jos\u00e9 Antonio Kast, deja reformas sociales relevantes que necesitaron acuerdos pol\u00edticos importantes.<\/p>\n\n\n\n<p>\u00abLa reforma al sistema de pensiones, la reducci\u00f3n de la jornada laboral y las modernizaciones en la salud p\u00fablica muestran la capacidad que tuvo el Gobierno para generar grandes acuerdos, lo que posiciona al Gobierno de Boric en su rol de pol\u00edtico pragm\u00e1tico y con visi\u00f3n de Estado\u00bb, coment\u00f3 a Xinhua el acad\u00e9mico de la Universidad de Tarapac\u00e1.<\/p>\n\n\n\n<p>\u00c1lvarez Fuentes, no obstante, mencion\u00f3 el fracaso del proceso constituyente que el presidente chileno apoy\u00f3 y que era el sost\u00e9n de su programa de Gobierno.<\/p>\n\n\n\n<p>El entrevistado, sin embargo, destac\u00f3 el manejo macroecon\u00f3mico responsable que se hizo, al \u00abhaber mantenido una postura clara y consistente en materia internacional, sobre todo en cuestiones relativas a los derechos humanos, derecho internacional, multilateralismo y democracia\u00bb.<\/p>\n\n\n\n<p>Por su parte, el polit\u00f3logo Mario Herrera agreg\u00f3 que este Gobierno \u00abprobablemente ser\u00e1 recordado en la historia como el momento de quiebre de las dos coaliciones (centro-izquierda y derecha) que se alternaron el poder desde el retorno a la democracia en 1990\u00bb.<\/p>\n\n\n\n<p>El doctor en estudios americanos coment\u00f3 a Xinhua que en lo social fue un Gobierno que avanz\u00f3 \u00abmayormente en t\u00e9rminos de estabilizaci\u00f3n econ\u00f3mica pospandemia y en derechos laborales, pero con una deuda presente en lo social\u00bb.<\/p>\n\n\n\n<p>Para Herrera, los mayores aciertos de la administraci\u00f3n de Boric est\u00e1n relacionados con la agenda sectorial, en particular salud y trabajo.<\/p>\n\n\n\n<p>En tanto, la economista Andrea Bentancor profundiz\u00f3 a Xinhua que el Gobierno de Boric entrega una econom\u00eda estabilizada, tras el \u00abshock\u00bb inflacionario pospandemia, \u00abpero con un crecimiento econ\u00f3mico modesto y cifras fiscales estresadas que limitan el margen de maniobra a la pol\u00edtica p\u00fablica\u00bb.<\/p>\n\n\n\n<p>La acad\u00e9mica de la Universidad de Talca destac\u00f3 que en materia de inflaci\u00f3n, el resultado es positivo porque se baj\u00f3 desde el m\u00e1ximo de 14,1 por ciento en agosto de 2022, al 3 por ciento proyectado para el primer trimestre de este a\u00f1o.<\/p>\n\n\n\n<p>La doctora en econom\u00eda aplicada y agropecuaria matiz\u00f3, no obstante, que el crecimiento econ\u00f3mico durante 2022-2025 fue inferior al 2 por ciento al a\u00f1o en promedio, \u00ablo que si bien se considera insuficiente dista de una recesi\u00f3n\u00bb.<\/p>\n\n\n\n<p>\u00abEl mayor acierto y un hito hist\u00f3rico, fue la aprobaci\u00f3n de la reforma previsional. Se trata del mayor cambio al sistema en 43 a\u00f1os, reincorporando aportes patronales despu\u00e9s de que el sistema estuviera basado exclusivamente en capitalizaci\u00f3n individual desde 1981 (durante la dictadura de Augusto Pinochet, 1973-1990) y en un aporte del Estado focalizado desde 2008\u00bb, coment\u00f3. Fin<\/p>\n\n\n\n<p><a href=\"https:\/\/www.facebook.com\/sharer\/sharer.php?u=https:\/\/spanish.xinhuanet.com\/20260311\/f7dc187fbfe946fe8b15d503e219fa6c\/c.html\" target=\"_blank\" rel=\"noreferrer noopener\"><\/a>&nbsp;<a href=\"https:\/\/twitter.com\/intent\/tweet?text=Especial:%20Boric%20deja%20Presidencia%20chilena%20con%20importantes%20reformas,%20plantean%20expertos&amp;url=https:\/\/spanish.xinhuanet.com\/20260311\/f7dc187fbfe946fe8b15d503e219fa6c\/c.html\" target=\"_blank\" rel=\"noreferrer noopener\"><\/a>&nbsp;<a target=\"_blank\" href=\"https:\/\/service.weibo.com\/share\/share.php?title=Especial:%20Boric%20deja%20Presidencia%20chilena%20con%20importantes%20reformas,%20plantean%20expertos&amp;url=https:\/\/spanish.xinhuanet.com\/20260311\/f7dc187fbfe946fe8b15d503e219fa6c\/c.html\" rel=\"noreferrer noopener\"><\/a>&nbsp;<a><\/a><\/p>\n\n\n\n<figure class=\"wp-block-image\"><img decoding=\"async\" src=\"https:\/\/imgs.news.cn\/res\/xhwimg\/spanish\/20170522\/img\/jc-xfa.png\" alt=\"\"\/><\/figure>\n","protected":false},"excerpt":{"rendered":"<p>spanish.news.cn|&nbsp;2026-03-11 01:39:45| Por Crist\u00f3bal Ch\u00e1vez Bravo SANTIAGO, 10 mar (Xinhua) &#8212; El presidente chileno, Gabriel Boric, terminar\u00e1 su per\u00edodo de Gobierno este 11 de marzo y ser\u00e1 recordado como un impulsor de relevantes reformas, as\u00ed como un estabilizador econ\u00f3mico tras la pandemia, aunque sin canalizar todas las expectativas sociales que gener\u00f3 su elecci\u00f3n, plantearon expertos [&hellip;]<\/p>\n","protected":false},"author":2,"featured_media":615594,"comment_status":"open","ping_status":"closed","sticky":false,"template":"","format":"standard","meta":{"footnotes":""},"categories":[23],"tags":[3955,1867],"class_list":["post-669253","post","type-post","status-publish","format-standard","has-post-thumbnail","hentry","category-internacional","tag-eeuu","tag-ucrania"],"_links":{"self":[{"href":"https:\/\/diariodominicano.com\/index.php?rest_route=\/wp\/v2\/posts\/669253","targetHints":{"allow":["GET"]}}],"collection":[{"href":"https:\/\/diariodominicano.com\/index.php?rest_route=\/wp\/v2\/posts"}],"about":[{"href":"https:\/\/diariodominicano.com\/index.php?rest_route=\/wp\/v2\/types\/post"}],"author":[{"embeddable":true,"href":"https:\/\/diariodominicano.com\/index.php?rest_route=\/wp\/v2\/users\/2"}],"replies":[{"embeddable":true,"href":"https:\/\/diariodominicano.com\/index.php?rest_route=%2Fwp%2Fv2%2Fcomments&post=669253"}],"version-history":[{"count":2,"href":"https:\/\/diariodominicano.com\/index.php?rest_route=\/wp\/v2\/posts\/669253\/revisions"}],"predecessor-version":[{"id":669419,"href":"https:\/\/diariodominicano.com\/index.php?rest_route=\/wp\/v2\/posts\/669253\/revisions\/669419"}],"wp:featuredmedia":[{"embeddable":true,"href":"https:\/\/diariodominicano.com\/index.php?rest_route=\/wp\/v2\/media\/615594"}],"wp:attachment":[{"href":"https:\/\/diariodominicano.com\/index.php?rest_route=%2Fwp%2Fv2%2Fmedia&parent=669253"}],"wp:term":[{"taxonomy":"category","embeddable":true,"href":"https:\/\/diariodominicano.com\/index.php?rest_route=%2Fwp%2Fv2%2Fcategories&post=669253"},{"taxonomy":"post_tag","embeddable":true,"href":"https:\/\/diariodominicano.com\/index.php?rest_route=%2Fwp%2Fv2%2Ftags&post=669253"}],"curies":[{"name":"wp","href":"https:\/\/api.w.org\/{rel}","templated":true}]}}