{"id":669250,"date":"2026-03-11T00:53:00","date_gmt":"2026-03-11T04:53:00","guid":{"rendered":"https:\/\/diariodominicano.com\/?p=669250"},"modified":"2026-03-12T01:55:38","modified_gmt":"2026-03-12T05:55:38","slug":"entra-en-vigor-la-ley-local-122-que-despenaliza-a-los-vendedores-ambulantes-en-nyc-existen-cientos-de-dominicanos","status":"publish","type":"post","link":"https:\/\/diariodominicano.com\/?p=669250","title":{"rendered":"Entra en vigor la Ley Local 122 que despenaliza a los vendedores ambulantes en NYC; existen cientos de dominicanos"},"content":{"rendered":"\n<p><strong>Por Ram\u00f3n Mercedes.<\/strong><\/p>\n\n\n\n<p><strong>NUEVA YORK.-<\/strong>&nbsp;Entr\u00f3 en vigor en esta ciudad la Ley Local 122, para favorecer a m\u00e1s de 23 mil vendedores ambulantes, entre ellos cientos de dominicanos, que despenaliza las infracciones por vender en las calles.<\/p>\n\n\n\n<p>Las infracciones relacionadas con la venta (como colocar cajas en el suelo o no tener el permiso a la vista) ya no se consideran delitos penales.<\/p>\n\n\n\n<p>La nueva ley, la primera de un paquete de medidas por las que se ha luchado durante d\u00e9cadas, establece que ning\u00fan vendedor, con o sin licencia, podr\u00e1 recibir una infracci\u00f3n por un delito menor relacionado con la venta; solo una sanci\u00f3n civil, y no estar\u00e1n sujetos a citaciones penales.<\/p>\n\n\n\n<p>Se eliminan los cargos penales y las comparecencias ante tribunales, para proteger a los vendedores de la c\u00e1rcel y de consecuencias migratorias.<\/p>\n\n\n\n<p>En 2025, la polic\u00eda emiti\u00f3 3,662 citaciones penales relacionadas con la venta ambulante, decenas de ellas en la avenida Saint Nicholas y las calles Dyckman y 207, en el Alto Manhattan.<\/p>\n\n\n\n<p>Unos 20,500 vendedores se dedican a la venta de alimentos, seg\u00fan datos de la organizaci\u00f3n Street Vendor Project.<\/p>\n\n\n\n<p>Hist\u00f3ricamente, la mayor\u00eda operaba sin licencias formales debido a topes legales, aunque nuevas leyes buscan aumentar los permisos disponibles.<\/p>\n\n\n\n<p>M\u00e1s del 95 % de los vendedores ambulantes en la Gran Manzana son inmigrantes, principalmente mexicanos, ecuatorianos, africanos y bengal\u00edes, entre otras etnias.<\/p>\n","protected":false},"excerpt":{"rendered":"<p>Por Ram\u00f3n Mercedes. NUEVA YORK.-&nbsp;Entr\u00f3 en vigor en esta ciudad la Ley Local 122, para favorecer a m\u00e1s de 23 mil vendedores ambulantes, entre ellos cientos de dominicanos, que despenaliza las infracciones por vender en las calles. Las infracciones relacionadas con la venta (como colocar cajas en el suelo o no tener el permiso a [&hellip;]<\/p>\n","protected":false},"author":2,"featured_media":669251,"comment_status":"open","ping_status":"closed","sticky":false,"template":"","format":"standard","meta":{"footnotes":""},"categories":[23,27],"tags":[5046,181],"class_list":["post-669250","post","type-post","status-publish","format-standard","has-post-thumbnail","hentry","category-internacional","category-portada","tag-ley-local-122","tag-ramon-mercedes"],"_links":{"self":[{"href":"https:\/\/diariodominicano.com\/index.php?rest_route=\/wp\/v2\/posts\/669250","targetHints":{"allow":["GET"]}}],"collection":[{"href":"https:\/\/diariodominicano.com\/index.php?rest_route=\/wp\/v2\/posts"}],"about":[{"href":"https:\/\/diariodominicano.com\/index.php?rest_route=\/wp\/v2\/types\/post"}],"author":[{"embeddable":true,"href":"https:\/\/diariodominicano.com\/index.php?rest_route=\/wp\/v2\/users\/2"}],"replies":[{"embeddable":true,"href":"https:\/\/diariodominicano.com\/index.php?rest_route=%2Fwp%2Fv2%2Fcomments&post=669250"}],"version-history":[{"count":1,"href":"https:\/\/diariodominicano.com\/index.php?rest_route=\/wp\/v2\/posts\/669250\/revisions"}],"predecessor-version":[{"id":669252,"href":"https:\/\/diariodominicano.com\/index.php?rest_route=\/wp\/v2\/posts\/669250\/revisions\/669252"}],"wp:featuredmedia":[{"embeddable":true,"href":"https:\/\/diariodominicano.com\/index.php?rest_route=\/wp\/v2\/media\/669251"}],"wp:attachment":[{"href":"https:\/\/diariodominicano.com\/index.php?rest_route=%2Fwp%2Fv2%2Fmedia&parent=669250"}],"wp:term":[{"taxonomy":"category","embeddable":true,"href":"https:\/\/diariodominicano.com\/index.php?rest_route=%2Fwp%2Fv2%2Fcategories&post=669250"},{"taxonomy":"post_tag","embeddable":true,"href":"https:\/\/diariodominicano.com\/index.php?rest_route=%2Fwp%2Fv2%2Ftags&post=669250"}],"curies":[{"name":"wp","href":"https:\/\/api.w.org\/{rel}","templated":true}]}}