{"id":669242,"date":"2026-03-11T00:46:14","date_gmt":"2026-03-11T04:46:14","guid":{"rendered":"https:\/\/diariodominicano.com\/?p=669242"},"modified":"2026-03-12T01:55:58","modified_gmt":"2026-03-12T05:55:58","slug":"agradecen-al-presidente-abinader-la-reconstruccion-de-la-carretera-que-conecta-villa-riva-con-la-autopista-nordeste","status":"publish","type":"post","link":"https:\/\/diariodominicano.com\/?p=669242","title":{"rendered":"Agradecen al presidente Abinader la reconstrucci\u00f3n de la carretera que conecta Villa Riva con la Autopista Nordeste"},"content":{"rendered":"\n<p><strong>Por Ram\u00f3n Mercedes.<\/strong><\/p>\n\n\n\n<p><strong>NUEVA YORK.-<\/strong>&nbsp;Dominicanos procedentes del municipio de Villa Riva, provincia Duarte, residentes en esta ciudad e hijos de productores agr\u00edcolas, manifestaron agradecer al presidente Luis Abinader la reconstrucci\u00f3n y reciente inauguraci\u00f3n de la carretera que une su pueblo con la autopista del Nordeste (Juan Pablo II).<\/p>\n\n\n\n<p>Juan Hern\u00e1ndez, Antonio L\u00f3pez, Wilfredo Lantigua, Hiciano Rivas, Ana del Orbe, Hip\u00f3lito B\u00e1ez, Altagracia Contreras, Iris de Marmolejos, Ernesto Cuevas, Isidro Sierra, Jos\u00e9 Antonio Madera y Carlos M. Ruiz, en documento de prensa, afirman:<\/p>\n\n\n\n<p>\u201cQue sus padres y otros familiares son productores de arroz, cacao, pl\u00e1tano y con crianza de vacas lecheras, y por el p\u00e9simo estado de la v\u00eda ve\u00edan perder sus frutos, ya que los veh\u00edculos se quedaban atascados mientras transitaban, y otras veces se imposibilitaba sacarlos al pueblo.\u201d<\/p>\n\n\n\n<p>Especificaron que Villa Riva forma parte integral del sistema productivo de la regi\u00f3n del Cibao, y con la reconstrucci\u00f3n de la carretera, se convierte en m\u00e1s segura y moderna, marcando un antes y un despu\u00e9s para la zona.<\/p>\n\n\n\n<p>Asimismo, esta obra de 10,3 km fortalece la conexi\u00f3n con el Cibao Central, beneficiando a m\u00e1s de 50,000 personas y mejorando el comercio local, as\u00ed como la conectividad con los destinos tur\u00edsticos de Mar\u00eda Trinidad S\u00e1nchez y Saman\u00e1.<\/p>\n\n\n\n<p>Tambi\u00e9n se entregaron el muro de gaviones y la adecuaci\u00f3n del r\u00edo Yuna en la zona, para modernizar la infraestructura vial y fomentar el desarrollo sostenible. La obra responde a una demanda de la comunidad. Nos sentimos agradecidos del presidente Abinader.<\/p>\n","protected":false},"excerpt":{"rendered":"<p>Por Ram\u00f3n Mercedes. NUEVA YORK.-&nbsp;Dominicanos procedentes del municipio de Villa Riva, provincia Duarte, residentes en esta ciudad e hijos de productores agr\u00edcolas, manifestaron agradecer al presidente Luis Abinader la reconstrucci\u00f3n y reciente inauguraci\u00f3n de la carretera que une su pueblo con la autopista del Nordeste (Juan Pablo II). Juan Hern\u00e1ndez, Antonio L\u00f3pez, Wilfredo Lantigua, Hiciano [&hellip;]<\/p>\n","protected":false},"author":2,"featured_media":669243,"comment_status":"open","ping_status":"closed","sticky":false,"template":"","format":"standard","meta":{"footnotes":""},"categories":[20],"tags":[4105,5045,181],"class_list":["post-669242","post","type-post","status-publish","format-standard","has-post-thumbnail","hentry","category-dominicana-hoy","tag-abinader","tag-agradecen","tag-ramon-mercedes"],"_links":{"self":[{"href":"https:\/\/diariodominicano.com\/index.php?rest_route=\/wp\/v2\/posts\/669242","targetHints":{"allow":["GET"]}}],"collection":[{"href":"https:\/\/diariodominicano.com\/index.php?rest_route=\/wp\/v2\/posts"}],"about":[{"href":"https:\/\/diariodominicano.com\/index.php?rest_route=\/wp\/v2\/types\/post"}],"author":[{"embeddable":true,"href":"https:\/\/diariodominicano.com\/index.php?rest_route=\/wp\/v2\/users\/2"}],"replies":[{"embeddable":true,"href":"https:\/\/diariodominicano.com\/index.php?rest_route=%2Fwp%2Fv2%2Fcomments&post=669242"}],"version-history":[{"count":1,"href":"https:\/\/diariodominicano.com\/index.php?rest_route=\/wp\/v2\/posts\/669242\/revisions"}],"predecessor-version":[{"id":669244,"href":"https:\/\/diariodominicano.com\/index.php?rest_route=\/wp\/v2\/posts\/669242\/revisions\/669244"}],"wp:featuredmedia":[{"embeddable":true,"href":"https:\/\/diariodominicano.com\/index.php?rest_route=\/wp\/v2\/media\/669243"}],"wp:attachment":[{"href":"https:\/\/diariodominicano.com\/index.php?rest_route=%2Fwp%2Fv2%2Fmedia&parent=669242"}],"wp:term":[{"taxonomy":"category","embeddable":true,"href":"https:\/\/diariodominicano.com\/index.php?rest_route=%2Fwp%2Fv2%2Fcategories&post=669242"},{"taxonomy":"post_tag","embeddable":true,"href":"https:\/\/diariodominicano.com\/index.php?rest_route=%2Fwp%2Fv2%2Ftags&post=669242"}],"curies":[{"name":"wp","href":"https:\/\/api.w.org\/{rel}","templated":true}]}}