{"id":669239,"date":"2026-03-11T00:43:58","date_gmt":"2026-03-11T04:43:58","guid":{"rendered":"https:\/\/diariodominicano.com\/?p=669239"},"modified":"2026-03-12T01:56:15","modified_gmt":"2026-03-12T05:56:15","slug":"dice-para-el-presidente-abinader-la-diaspora-dominicana-es-inexistente","status":"publish","type":"post","link":"https:\/\/diariodominicano.com\/?p=669239","title":{"rendered":"Dice: \u00abPara el presidente Abinader, la di\u00e1spora dominicana es inexistente\u00bb"},"content":{"rendered":"\n<p><strong>Por Ram\u00f3n Mercedes.<\/strong><\/p>\n\n\n\n<p><strong>NUEVA YORK.-<\/strong>&nbsp;El dirigente pol\u00edtico, activista social, comunitario y miembro de la Coalici\u00f3n por Defensa de los Inmigrantes en esta ciudad, Luis Mayobanex Rodr\u00edguez, dijo que, para el presidente Luis Abinader, la di\u00e1spora dominicana es inexistente.<\/p>\n\n\n\n<p>En un documento de prensa, basa su se\u00f1alamiento en el hecho de que no se dispone de realizaciones oficiales beneficiosas para las comunidades en ultramar, ya que el mandatario adopta una actitud de negaci\u00f3n de nuestra existencia, de nuestros inmensos aportes a la estabilidad econ\u00f3mica y social del pa\u00eds.<\/p>\n\n\n\n<p>Aunque parcial, solo eso explica que, en sus dos m\u00e1s recientes rendiciones de cuentas, no haya recurrido siquiera al fingido reconocimiento del significado y del elevado amor de los migrantes dominicanos, especifica Rodr\u00edguez.<\/p>\n\n\n\n<p>Su proceder, impropio de un gobernante del siglo XXI, no logra ocultar el hecho de que esta comunidad es una de las principales fuentes de divisas para el Estado dominicano. Es un factor de primer orden en la estabilidad macroecon\u00f3mica, y sus aportes al Producto Bruto Interno (PBI) se sit\u00faan en un 10%.<\/p>\n\n\n\n<p>El menosprecio presidencial contin\u00faa \u201cexpress dose\u201d, aun cuando, si comput\u00e1ramos solo lo remitido desde la primera toma de posesi\u00f3n de Abinader y lo que va del 2026, se estima que las remesas andar\u00e1n por los 75 mil millones de d\u00f3lares al final del a\u00f1o en curso.<\/p>\n\n\n\n<p>Aunque proclam\u00f3 que la primera responsabilidad de su pol\u00edtica exterior es \u201cla protecci\u00f3n de nuestros compatriotas en el exterior\u201d, en su rendici\u00f3n de cuentas, el presidente no present\u00f3 un solo hecho sustantivo que avale su ret\u00f3rica, explica el dirigente pol\u00edtico y comunitario en NYC.<\/p>\n\n\n\n<p>Lo que hizo fue aludir a los servicios consulares que prestan todos los gobiernos y que, por sus elevados precios, son una \u201cminita de oro\u201d para el partido oficial.<\/p>\n\n\n\n<p>Ser\u00eda ilusorio creer que es su prioridad \u201cproteger\u201d a la di\u00e1spora, cuando \u00e9l se comprometi\u00f3 en septiembre de 2021, en el Teatro United Palace, en el Alto Manhattan, a cumplir en tres meses un pliego de demandas resumido en el documento \u201cPrimera Agenda Integral de Cooperaci\u00f3n y Desarrollo\u201d, entregado por el congresista Adriano Espaillat.<\/p>\n\n\n\n<p>Nada de lo consignado en dicho documento se ha cumplido, precisa. Si por los hechos se conocen los gobiernos, resulta l\u00f3gico concluir diciendo que muy poco o nada bueno ha de esperar la di\u00e1spora del actual gobierno dominicano.<\/p>\n","protected":false},"excerpt":{"rendered":"<p>Por Ram\u00f3n Mercedes. NUEVA YORK.-&nbsp;El dirigente pol\u00edtico, activista social, comunitario y miembro de la Coalici\u00f3n por Defensa de los Inmigrantes en esta ciudad, Luis Mayobanex Rodr\u00edguez, dijo que, para el presidente Luis Abinader, la di\u00e1spora dominicana es inexistente. En un documento de prensa, basa su se\u00f1alamiento en el hecho de que no se dispone de [&hellip;]<\/p>\n","protected":false},"author":2,"featured_media":669240,"comment_status":"open","ping_status":"closed","sticky":false,"template":"","format":"standard","meta":{"footnotes":""},"categories":[22],"tags":[1854,181],"class_list":["post-669239","post","type-post","status-publish","format-standard","has-post-thumbnail","hentry","category-politica","tag-presidente-abinader","tag-ramon-mercedes"],"_links":{"self":[{"href":"https:\/\/diariodominicano.com\/index.php?rest_route=\/wp\/v2\/posts\/669239","targetHints":{"allow":["GET"]}}],"collection":[{"href":"https:\/\/diariodominicano.com\/index.php?rest_route=\/wp\/v2\/posts"}],"about":[{"href":"https:\/\/diariodominicano.com\/index.php?rest_route=\/wp\/v2\/types\/post"}],"author":[{"embeddable":true,"href":"https:\/\/diariodominicano.com\/index.php?rest_route=\/wp\/v2\/users\/2"}],"replies":[{"embeddable":true,"href":"https:\/\/diariodominicano.com\/index.php?rest_route=%2Fwp%2Fv2%2Fcomments&post=669239"}],"version-history":[{"count":1,"href":"https:\/\/diariodominicano.com\/index.php?rest_route=\/wp\/v2\/posts\/669239\/revisions"}],"predecessor-version":[{"id":669241,"href":"https:\/\/diariodominicano.com\/index.php?rest_route=\/wp\/v2\/posts\/669239\/revisions\/669241"}],"wp:featuredmedia":[{"embeddable":true,"href":"https:\/\/diariodominicano.com\/index.php?rest_route=\/wp\/v2\/media\/669240"}],"wp:attachment":[{"href":"https:\/\/diariodominicano.com\/index.php?rest_route=%2Fwp%2Fv2%2Fmedia&parent=669239"}],"wp:term":[{"taxonomy":"category","embeddable":true,"href":"https:\/\/diariodominicano.com\/index.php?rest_route=%2Fwp%2Fv2%2Fcategories&post=669239"},{"taxonomy":"post_tag","embeddable":true,"href":"https:\/\/diariodominicano.com\/index.php?rest_route=%2Fwp%2Fv2%2Ftags&post=669239"}],"curies":[{"name":"wp","href":"https:\/\/api.w.org\/{rel}","templated":true}]}}