{"id":669211,"date":"2026-03-11T00:15:53","date_gmt":"2026-03-11T04:15:53","guid":{"rendered":"https:\/\/diariodominicano.com\/?p=669211"},"modified":"2026-03-11T00:19:41","modified_gmt":"2026-03-11T04:19:41","slug":"especial-asamblea-internacional-de-los-pueblos-condena-nuevas-amenazas-de-eeuu-contra-cubaspanish-news-cn-2026-03-11-061045","status":"publish","type":"post","link":"https:\/\/diariodominicano.com\/?p=669211","title":{"rendered":"Especial: Asamblea Internacional de los Pueblos condena nuevas amenazas de EEUU contra Cuba"},"content":{"rendered":"\n<p>spanish.news.cn| 2026-03-11 06:10:45|<\/p>\n\n\n\n<p>Joao Pedro Stedile, de la Direcci\u00f3n Nacional del Movimiento de Trabajadores Rurales Sin Tierra de Brasil (2-d), habla durante una conferencia de prensa sobre la Asamblea Internacional de los Pueblos (AIP), en el Centro Fidel Castro, en La Habana, capital de Cuba, el 10 de marzo de 2026. Una delegaci\u00f3n de la AIP conden\u00f3 el martes en La Habana las nuevas amenazas y medidas unilaterales impuestas por Estados Unidos contra Cuba y expresaron solidaridad con el pueblo de la isla caribe\u00f1a. (Xinhua\/Joaqu\u00edn Hern\u00e1ndez)<\/p>\n\n\n\n<p>LA HABANA, 10 mar (Xinhua) &#8212; Una delegaci\u00f3n de la Asamblea Internacional de los Pueblos (AIP) conden\u00f3 este martes en La Habana las nuevas amenazas y medidas unilaterales impuestas por Estados Unidos contra Cuba y expresaron solidaridad con el pueblo de la isla caribe\u00f1a.<\/p>\n\n\n\n<p>Los representantes de la AIP, que re\u00fane a partidos, movimientos populares, campesinos y mujeres de varios pa\u00edses, denunciaron el bloqueo de combustibles a Cuba, un hecho que calificaron como guerra econ\u00f3mica recrudecida, durante una conferencia de prensa celebrada en el Centro Fidel Castro, de capital cubana.<\/p>\n\n\n\n<p>Brian B\u00e9cker, l\u00edder de Partido por el Socialismo y la Liberaci\u00f3n (PSL, por siglas en ingl\u00e9s) de Estados Unidos, consider\u00f3 como un \u00abacto criminal\u00bb la Orden ejecutiva firmada por el presidente Donald Trump en enero pasado, que establece sanciones a los pa\u00edses que comercien combustibles con la isla.<\/p>\n\n\n\n<p>\u00abEstados Unidos no tiene ninguna autoridad legal para determinar qu\u00e9 pa\u00eds puede tener petr\u00f3leo, energ\u00eda y recursos energ\u00e9ticos\u00bb, sentenci\u00f3 B\u00e9cker, quien record\u00f3 que ambas son naciones vecinas, por lo que, dijo, no se debe privar a la poblaci\u00f3n cubana de alimentos y de electricidad.<\/p>\n\n\n\n<p>\u00abSe debe tratar a Cuba como vecino, no como enemigo\u00bb, apunt\u00f3 el representante del PSL, para quien la presencia en La Habana de la delegaci\u00f3n partidista \u00abes un ejemplo de que el pueblo estadounidense se levanta a favor de Cuba y en contra de la administraci\u00f3n Trump\u00bb.<\/p>\n\n\n\n<p>Joao Pedro Stedile, de la Direcci\u00f3n Nacional del Movimiento de Trabajadores Rurales Sin Tierra (MST) de Brasil, denunci\u00f3 la pol\u00edtica belicista de Estados Unidos contra Cuba, Venezuela, Ir\u00e1n y naciones africanas.<\/p>\n\n\n\n<p>\u00abDonde hay guerra los gringos est\u00e1n medidos con sus armas, porque hacen de la guerra un negocio\u00bb, apunt\u00f3 Stedile, quien expres\u00f3 solidaridad hacia la isla frente a la \u00abnueva ofensiva de Washington que quiere ahogar al pueblo cubano\u00bb.<\/p>\n\n\n\n<p>En ese sentido, asegur\u00f3 que la estancia en el pa\u00eds caribe\u00f1o y el intercambio con la gente permitir\u00e1 conocer de manera directa el impacto de las medidas unilaterales del Gobierno estadounidense sobre la poblaci\u00f3n cubana.<\/p>\n\n\n\n<p>Adelant\u00f3 que la Asamblea Internacional realizar\u00e1 acciones concretas de solidaridad con Cuba \u00aben este momento tan dif\u00edcil\u00bb y detall\u00f3 que podr\u00edan enviar a la isla semillas y equipos agr\u00edcolas para acelerar la soberan\u00eda alimentaria de Cuba y ayudar as\u00ed a disminuir las importaciones de alimentos.<\/p>\n\n\n\n<p>Por su parte, Fred M&#8217;membe, presidente del Partido Socialista de Zambia, dijo que \u00abla \u00fanica amenaza que Cuba representa es la bondad de su pueblo (por lo que) hoy necesita y merece la solidaridad de todas las personas de buena voluntad\u00bb.<\/p>\n\n\n\n<p>\u00abVamos a compartir medicamentos, alimentos y apoyaremos en el sector de la energ\u00eda (porque) Cuba ha estado con nosotros en las luchas, por tanto, es el momento que nosotros los africanos devolvamos lo que le debemos y mostremos nuestra gratitud\u00bb, apunt\u00f3 M&#8217;membe.<\/p>\n\n\n\n<p>La delegaci\u00f3n de la AIP recorri\u00f3 el Centro Fidel Castro, instituci\u00f3n destinada a difundir, estudiar e investigar el pensamiento y la obra del l\u00edder hist\u00f3rico de la Revoluci\u00f3n Cubana.<\/p>\n\n\n\n<figure class=\"wp-block-image size-full\"><img loading=\"lazy\" decoding=\"async\" width=\"1002\" height=\"668\" src=\"https:\/\/diariodominicano.com\/wp-content\/uploads\/2026\/03\/ad6cee9e8c11469fbadb133ded9e7aa8.png\" alt=\"\" class=\"wp-image-669216\" srcset=\"https:\/\/diariodominicano.com\/wp-content\/uploads\/2026\/03\/ad6cee9e8c11469fbadb133ded9e7aa8.png 1002w, https:\/\/diariodominicano.com\/wp-content\/uploads\/2026\/03\/ad6cee9e8c11469fbadb133ded9e7aa8-300x200.png 300w, https:\/\/diariodominicano.com\/wp-content\/uploads\/2026\/03\/ad6cee9e8c11469fbadb133ded9e7aa8-768x512.png 768w, https:\/\/diariodominicano.com\/wp-content\/uploads\/2026\/03\/ad6cee9e8c11469fbadb133ded9e7aa8-816x544.png 816w\" sizes=\"auto, (max-width: 1002px) 100vw, 1002px\" \/><\/figure>\n\n\n\n<p>El l\u00edder de Partido por el Socialismo y la Liberaci\u00f3n de Estados Unidos, Brian B\u00e9cker (i), habla durante una conferencia de prensa sobre la Asamblea Internacional de los Pueblos (AIP), en el Centro Fidel Castro, en La Habana, capital de Cuba, el 10 de marzo de 2026. Una delegaci\u00f3n de la AIP conden\u00f3 el martes en La Habana las nuevas amenazas y medidas unilaterales impuestas por Estados Unidos contra Cuba y expresaron solidaridad con el pueblo de la isla caribe\u00f1a. (Xinhua\/Joaqu\u00edn Hern\u00e1ndez)<\/p>\n","protected":false},"excerpt":{"rendered":"<p>spanish.news.cn| 2026-03-11 06:10:45| Joao Pedro Stedile, de la Direcci\u00f3n Nacional del Movimiento de Trabajadores Rurales Sin Tierra de Brasil (2-d), habla durante una conferencia de prensa sobre la Asamblea Internacional de los Pueblos (AIP), en el Centro Fidel Castro, en La Habana, capital de Cuba, el 10 de marzo de 2026. Una delegaci\u00f3n de la [&hellip;]<\/p>\n","protected":false},"author":2,"featured_media":669212,"comment_status":"open","ping_status":"closed","sticky":false,"template":"","format":"standard","meta":{"footnotes":""},"categories":[23],"tags":[3100,4730],"class_list":["post-669211","post","type-post","status-publish","format-standard","has-post-thumbnail","hentry","category-internacional","tag-cuba","tag-ee-uu"],"_links":{"self":[{"href":"https:\/\/diariodominicano.com\/index.php?rest_route=\/wp\/v2\/posts\/669211","targetHints":{"allow":["GET"]}}],"collection":[{"href":"https:\/\/diariodominicano.com\/index.php?rest_route=\/wp\/v2\/posts"}],"about":[{"href":"https:\/\/diariodominicano.com\/index.php?rest_route=\/wp\/v2\/types\/post"}],"author":[{"embeddable":true,"href":"https:\/\/diariodominicano.com\/index.php?rest_route=\/wp\/v2\/users\/2"}],"replies":[{"embeddable":true,"href":"https:\/\/diariodominicano.com\/index.php?rest_route=%2Fwp%2Fv2%2Fcomments&post=669211"}],"version-history":[{"count":3,"href":"https:\/\/diariodominicano.com\/index.php?rest_route=\/wp\/v2\/posts\/669211\/revisions"}],"predecessor-version":[{"id":669219,"href":"https:\/\/diariodominicano.com\/index.php?rest_route=\/wp\/v2\/posts\/669211\/revisions\/669219"}],"wp:featuredmedia":[{"embeddable":true,"href":"https:\/\/diariodominicano.com\/index.php?rest_route=\/wp\/v2\/media\/669212"}],"wp:attachment":[{"href":"https:\/\/diariodominicano.com\/index.php?rest_route=%2Fwp%2Fv2%2Fmedia&parent=669211"}],"wp:term":[{"taxonomy":"category","embeddable":true,"href":"https:\/\/diariodominicano.com\/index.php?rest_route=%2Fwp%2Fv2%2Fcategories&post=669211"},{"taxonomy":"post_tag","embeddable":true,"href":"https:\/\/diariodominicano.com\/index.php?rest_route=%2Fwp%2Fv2%2Ftags&post=669211"}],"curies":[{"name":"wp","href":"https:\/\/api.w.org\/{rel}","templated":true}]}}