{"id":669182,"date":"2026-03-10T23:28:55","date_gmt":"2026-03-11T03:28:55","guid":{"rendered":"https:\/\/diariodominicano.com\/?p=669182"},"modified":"2026-03-10T23:29:04","modified_gmt":"2026-03-11T03:29:04","slug":"presidenta-de-mexico-confirma-proxima-visita-a-brasil","status":"publish","type":"post","link":"https:\/\/diariodominicano.com\/?p=669182","title":{"rendered":"Presidenta de M\u00e9xico confirma pr\u00f3xima visita a Brasil"},"content":{"rendered":"\n<p>Ciudad de M\u00e9xico, 10 mar (Prensa Latina) La presidenta de M\u00e9xico, Claudia Sheinbaum, confirm\u00f3 hoy una visita a Brasil antes de junio, tras las invitaciones realizadas por su hom\u00f3logo del gigante suramericano, Luiz In\u00e1cio Lula da Silva.<\/p>\n\n\n\n<ul class=\"wp-block-list\">\n<li><a href=\"https:\/\/www.prensa-latina.cu\/2026\/03\/10\/\"><time>marzo 10, 2026 | 13:08<\/time><\/a><\/li>\n<\/ul>\n\n\n\n<ul class=\"wp-block-list\">\n<li><a href=\"https:\/\/www.prensa-latina.cu\/2026\/03\/10\/presidenta-de-mexico-confirma-proxima-visita-a-brasil\/#\"><\/a><\/li>\n\n\n\n<li><a href=\"https:\/\/www.prensa-latina.cu\/2026\/03\/10\/presidenta-de-mexico-confirma-proxima-visita-a-brasil\/#\"><\/a><\/li>\n\n\n\n<li><a href=\"https:\/\/www.prensa-latina.cu\/2026\/03\/10\/presidenta-de-mexico-confirma-proxima-visita-a-brasil\/#\"><\/a><\/li>\n\n\n\n<li><a href=\"https:\/\/www.prensa-latina.cu\/2026\/03\/10\/presidenta-de-mexico-confirma-proxima-visita-a-brasil\/#\"><\/a><\/li>\n<\/ul>\n\n\n\n<p>\u201cEs muy probable que vaya. Van como cuatro veces que me invita Lula. Hasta ahora le hab\u00eda dicho que no, pero ha sido tan insistente, que es probable que vaya a Brasil\u201d, afirm\u00f3 la jefa del Ejecutivo durante su habitual conferencia de prensa.<\/p>\n\n\n\n<p>\u201cEllos tienen jornada electoral este a\u00f1o \u2013apunt\u00f3-, y entiendo que inicia en junio o algo as\u00ed. Entonces, tendr\u00eda que ser antes de junio que yo fuera, pues ya no puedo ir con la jornada electoral\u201d.<\/p>\n\n\n\n<p>Seg\u00fan agreg\u00f3, en una llamada sostenida ayer coment\u00f3 al dignatario lo positivo de acordar durante su presencia all\u00e1 \u201calgo m\u00e1s concreto\u201d de lo ya trabajado durante varios meses.<\/p>\n\n\n\n<p>Subray\u00f3 que \u201cno se trata de firmar tratados de libre comercio, pues a lo mejor nos hacen da\u00f1os a ambos pa\u00edses\u201d, sino impulsar acciones complementarias, porque quiz\u00e1 \u201cellos producen algo que pudiera impactar en M\u00e9xico o viceversa\u201d.<\/p>\n\n\n\n<p>Entre los temas en los cuales han trabajado, la gobernante mencion\u00f3 el etanol, que \u201cinteresa mucho\u201d a esta naci\u00f3n latinoamericana.<\/p>\n\n\n\n<p>Sheinbaum inform\u00f3 la v\u00edspera que dialog\u00f3 con su hom\u00f3logo de Brasil para dar seguimiento a proyectos conjuntos de desarrollo econ\u00f3mico, educaci\u00f3n y ciencia.<\/p>\n\n\n\n<p>En enero \u00faltimo, ambos gobernantes mantuvieron otra llamada telef\u00f3nica durante la cual conversaron sobre la situaci\u00f3n regional y la defensa de la soberan\u00eda, en un contexto marcado por la agresi\u00f3n estadounidense a Venezuela.<\/p>\n\n\n\n<p>Tambi\u00e9n aludieron al seguimiento a la visita realizada en agosto del a\u00f1o pasado por el vicepresidente de Brasil, Geraldo Alckmin, junto a un grupo muy amplio del gabinete de la administraci\u00f3n y empresarios de la naci\u00f3n suramericana.<\/p>\n\n\n\n<p>Alckmin y el canciller mexicano, Juan Ram\u00f3n de la Fuente, firmaron entonces la Declaraci\u00f3n Conjunta para el seguimiento y la implementaci\u00f3n de los acuerdos comerciales y de inversi\u00f3n, as\u00ed como los referentes a temas de agricultura, salud y energ\u00eda.<\/p>\n\n\n\n<p>jha\/las<\/p>\n\n\n\n<ul class=\"wp-block-list\">\n<li>#<a href=\"https:\/\/www.prensa-latina.cu\/etiqueta\/brasil\/\">brasil<\/a>\u00a0#<a href=\"https:\/\/www.prensa-latina.cu\/etiqueta\/lula\/\">lula<\/a>\u00a0#<a href=\"https:\/\/www.prensa-latina.cu\/etiqueta\/mexico\/\">M\u00e9xico<\/a>\u00a0#<a href=\"https:\/\/www.prensa-latina.cu\/etiqueta\/sheinbaum\/\">sheinbaum<\/a>\u00a0#<a href=\"https:\/\/www.prensa-latina.cu\/etiqueta\/visita\/\">visita<\/a><\/li>\n<\/ul>\n\n\n\n<p>MINUTO A MINUTO<\/p>\n\n\n\n<ul class=\"wp-block-list\">\n<li>20:36<\/li>\n<\/ul>\n\n\n\n<p><a href=\"https:\/\/www.prensa-latina.cu\/2026\/03\/10\/ballet-san-petersburgo-presentara-en-guatemala-el-lago-de-los-cisnes\/\">Ballet San Petersburgo presentar\u00e1 en Guatemala El Lago de los cisnes<\/a><\/p>\n\n\n\n<ul class=\"wp-block-list\">\n<li>19:58<\/li>\n<\/ul>\n\n\n\n<p><a href=\"https:\/\/www.prensa-latina.cu\/2026\/03\/10\/eeuu-por-barrer-frente-a-italia-en-el-daikin-park-de-houston\/\">EEUU por barrer frente a Italia en el Daikin Park de Houston<\/a><\/p>\n\n\n\n<ul class=\"wp-block-list\">\n<li>19:46<\/li>\n<\/ul>\n\n\n\n<p><a href=\"https:\/\/www.prensa-latina.cu\/2026\/03\/10\/estados-unidos-deporta-a-63-exreclusos-dominicanos\/\">Estados Unidos deporta a 63 exreclusos dominicanos<\/a><\/p>\n\n\n\n<ul class=\"wp-block-list\">\n<li>19:27<\/li>\n<\/ul>\n\n\n\n<p><a href=\"https:\/\/www.prensa-latina.cu\/2026\/03\/10\/la-habana-acogera-talleres-de-marionetas-de-papel-para-ninos\/\">La Habana acoger\u00e1 talleres de marionetas de papel para ni\u00f1os<\/a><\/p>\n\n\n\n<ul class=\"wp-block-list\">\n<li>19:19<\/li>\n<\/ul>\n\n\n\n<p><a href=\"https:\/\/www.prensa-latina.cu\/2026\/03\/10\/justicia-evaluara-situacion-de-exministra-peruana-asilada-por-mexico-8\/\">Justicia evaluar\u00e1 situaci\u00f3n de exministra peruana asilada por M\u00e9xico<\/a><\/p>\n\n\n\n<ul class=\"wp-block-list\">\n<li>18:49<\/li>\n<\/ul>\n\n\n\n<p><a href=\"https:\/\/www.prensa-latina.cu\/2026\/03\/10\/honduras-confirma-primera-muerte-por-gusano-barrenador-en-2026-2\/\">Honduras confirma primera muerte por gusano barrenador en 2026<\/a><\/p>\n\n\n\n<p>relacionadas<\/p>\n\n\n\n<h4 class=\"wp-block-heading\"><a href=\"https:\/\/www.prensa-latina.cu\/2026\/03\/10\/sheinbaum-recibe-a-empresarios-interesados-en-invertir-en-mexico\/\">Sheinbaum recibe a empresarios interesados en invertir en M\u00e9xico<\/a><\/h4>\n\n\n\n<ul class=\"wp-block-list\">\n<li>marzo 10, 2026<\/li>\n\n\n\n<li>18:01<\/li>\n<\/ul>\n\n\n\n<h4 class=\"wp-block-heading\"><a href=\"https:\/\/www.prensa-latina.cu\/2026\/03\/10\/confirman-tres-fallecidos-tras-colapso-de-edificio-en-mexico\/\">Confirman tres fallecidos tras colapso de edificio en M\u00e9xico<\/a><\/h4>\n\n\n\n<ul class=\"wp-block-list\">\n<li>marzo 10, 2026<\/li>\n\n\n\n<li>17:40<\/li>\n<\/ul>\n\n\n\n<h4 class=\"wp-block-heading\"><a href=\"https:\/\/www.prensa-latina.cu\/2026\/03\/10\/embajador-de-cuba-destaca-vision-justa-y-solidaria-de-mexicanos\/\">Embajador de Cuba destaca visi\u00f3n justa y solidaria de mexicanos<\/a><\/h4>\n\n\n\n<ul class=\"wp-block-list\">\n<li>marzo 10, 2026<\/li>\n\n\n\n<li>15:31<\/li>\n<\/ul>\n\n\n\n<h4 class=\"wp-block-heading\"><a href=\"https:\/\/www.prensa-latina.cu\/2026\/03\/10\/prestigioso-diario-de-mexico-publica-convocatoria-en-apoyo-a-cuba\/\">Prestigioso diario de M\u00e9xico publica convocatoria en apoyo a Cuba<\/a><\/h4>\n\n\n\n<ul class=\"wp-block-list\">\n<li>marzo 10, 2026<\/li>\n\n\n\n<li>14:54<\/li>\n<\/ul>\n\n\n\n<p>TASAS DE CAMBIO \/ EXCHANGE RATES<\/p>\n\n\n\n<p>10 &#8211; marzo &#8211; 2026<\/p>\n\n\n\n<p><img decoding=\"async\" src=\"https:\/\/www.bc.gob.cu\/images\/flags\/us.png\" alt=\"USD\">USD<\/p>\n\n\n\n<p>473,00&nbsp;<small>CUP<\/small><\/p>\n\n\n\n<p><img decoding=\"async\" src=\"https:\/\/www.bc.gob.cu\/images\/flags\/ca.png\" alt=\"CAD\">CAD<\/p>\n\n\n\n<p>348,20&nbsp;<small>CUP<\/small><\/p>\n\n\n\n<p><img decoding=\"async\" src=\"https:\/\/www.bc.gob.cu\/images\/flags\/ru.png\" alt=\"RUB\">RUB<\/p>\n\n\n\n<p>5,95&nbsp;<small>CUP<\/small><\/p>\n\n\n\n<p><img decoding=\"async\" src=\"https:\/\/www.bc.gob.cu\/images\/flags\/mx.png\" alt=\"MXN\">MXN<\/p>\n\n\n\n<p>26,57&nbsp;<small>CUP<\/small><\/p>\n\n\n\n<p><img decoding=\"async\" src=\"https:\/\/www.bc.gob.cu\/images\/flags\/cn.png\" alt=\"CNY\">CNY<\/p>\n\n\n\n<p>68,48&nbsp;<small>CUP<\/small><\/p>\n\n\n\n<p><img decoding=\"async\" src=\"https:\/\/www.bc.gob.cu\/images\/flags\/gb.png\" alt=\"GBP\">GBP<\/p>\n\n\n\n<p>633,51&nbsp;<small>CUP<\/small><\/p>\n\n\n\n<p><img decoding=\"async\" src=\"https:\/\/www.bc.gob.cu\/images\/flags\/jp.png\" alt=\"JPY\">JPY&nbsp;*<\/p>\n\n\n\n<p>0,33&nbsp;<small>CUP<\/small><\/p>\n\n\n\n<p>Fuente: Banco Central de Cuba<\/p>\n","protected":false},"excerpt":{"rendered":"<p>Ciudad de M\u00e9xico, 10 mar (Prensa Latina) La presidenta de M\u00e9xico, Claudia Sheinbaum, confirm\u00f3 hoy una visita a Brasil antes de junio, tras las invitaciones realizadas por su hom\u00f3logo del gigante suramericano, Luiz In\u00e1cio Lula da Silva. \u201cEs muy probable que vaya. Van como cuatro veces que me invita Lula. Hasta ahora le hab\u00eda dicho [&hellip;]<\/p>\n","protected":false},"author":2,"featured_media":669183,"comment_status":"open","ping_status":"closed","sticky":false,"template":"","format":"standard","meta":{"footnotes":""},"categories":[23],"tags":[2998,4246],"class_list":["post-669182","post","type-post","status-publish","format-standard","has-post-thumbnail","hentry","category-internacional","tag-brasil","tag-mexico-3"],"_links":{"self":[{"href":"https:\/\/diariodominicano.com\/index.php?rest_route=\/wp\/v2\/posts\/669182","targetHints":{"allow":["GET"]}}],"collection":[{"href":"https:\/\/diariodominicano.com\/index.php?rest_route=\/wp\/v2\/posts"}],"about":[{"href":"https:\/\/diariodominicano.com\/index.php?rest_route=\/wp\/v2\/types\/post"}],"author":[{"embeddable":true,"href":"https:\/\/diariodominicano.com\/index.php?rest_route=\/wp\/v2\/users\/2"}],"replies":[{"embeddable":true,"href":"https:\/\/diariodominicano.com\/index.php?rest_route=%2Fwp%2Fv2%2Fcomments&post=669182"}],"version-history":[{"count":1,"href":"https:\/\/diariodominicano.com\/index.php?rest_route=\/wp\/v2\/posts\/669182\/revisions"}],"predecessor-version":[{"id":669184,"href":"https:\/\/diariodominicano.com\/index.php?rest_route=\/wp\/v2\/posts\/669182\/revisions\/669184"}],"wp:featuredmedia":[{"embeddable":true,"href":"https:\/\/diariodominicano.com\/index.php?rest_route=\/wp\/v2\/media\/669183"}],"wp:attachment":[{"href":"https:\/\/diariodominicano.com\/index.php?rest_route=%2Fwp%2Fv2%2Fmedia&parent=669182"}],"wp:term":[{"taxonomy":"category","embeddable":true,"href":"https:\/\/diariodominicano.com\/index.php?rest_route=%2Fwp%2Fv2%2Fcategories&post=669182"},{"taxonomy":"post_tag","embeddable":true,"href":"https:\/\/diariodominicano.com\/index.php?rest_route=%2Fwp%2Fv2%2Ftags&post=669182"}],"curies":[{"name":"wp","href":"https:\/\/api.w.org\/{rel}","templated":true}]}}