{"id":669155,"date":"2026-03-10T16:27:21","date_gmt":"2026-03-10T20:27:21","guid":{"rendered":"https:\/\/diariodominicano.com\/?p=669155"},"modified":"2026-03-10T16:27:28","modified_gmt":"2026-03-10T20:27:28","slug":"banco-popular-reconoce-el-liderazgo-y-el-compromiso-de-su-talento-gerencial","status":"publish","type":"post","link":"https:\/\/diariodominicano.com\/?p=669155","title":{"rendered":"Banco Popular reconoce el liderazgo y el compromiso de su talento gerencial\u00a0"},"content":{"rendered":"\n<p>Santo Domingo, D.N. \u2013 &nbsp;&nbsp;El Banco Popular Dominicano celebr\u00f3 su tradicional Reuni\u00f3n Anual de Gerentes, un encuentro en el que reconoci\u00f3 el liderazgo, la disciplina y el compromiso de su talento gerencial, cuyo ejercicio responsable y apegado a valores ha permitido a la organizaci\u00f3n bancaria obtener resultados hist\u00f3ricos y consolidar su liderazgo en el sistema financiero dominicano.<\/p>\n\n\n\n<p>La actividad reuni\u00f3 a 1,438 gerentes y ejecutivos del Banco Popular y las distintas filiales del Grupo Popular en la Sala Carlos Piantini del Teatro Nacional Eduardo Brito, donde se compartieron los principales logros alcanzados durante el \u00faltimo ejercicio social y se reafirm\u00f3 la visi\u00f3n institucional orientada a continuar generando crecimiento econ\u00f3mico, innovaci\u00f3n financiera y valor compartido para la sociedad dominicana.<\/p>\n\n\n\n<p><strong>Valores que gu\u00edan el liderazgo<\/strong><\/p>\n\n\n\n<p>El se\u00f1or Manuel A. Grull\u00f3n, presidente del Consejo de Administraci\u00f3n de Grupo Popular, felicit\u00f3 al cuerpo gerencial por su dedicaci\u00f3n, talento y compromiso con los valores institucionales que gu\u00edan a la organizaci\u00f3n financiera y a sus Consejos de Administraci\u00f3n: \u201cCada decisi\u00f3n bien tomada, cada equipo bien conducido y cada meta superada han aportado a preservar la confianza que durante m\u00e1s de seis d\u00e9cadas han depositado nuestros clientes y la sociedad dominicana en nuestra instituci\u00f3n\u201d, dijo el se\u00f1or Grull\u00f3n.&nbsp;<\/p>\n\n\n\n<p>El se\u00f1or Christopher Paniagua, presidente ejecutivo del Banco Popular, agradeci\u00f3 al cuerpo gerencial por su liderazgo y su capacidad para ejecutar la estrategia institucional con disciplina y coherencia: \u201cCuando una organizaci\u00f3n logra combinar disciplina con prop\u00f3sito, eficiencia con humanidad y ambici\u00f3n con principios, los resultados dejan de ser una meta y se convierten en una consecuencia\u201d, indic\u00f3 el presidente ejecutivo del Popular.<\/p>\n\n\n\n<p>En tanto, el se\u00f1or Ren\u00e9 Grull\u00f3n, presidente ejecutivo de Grupo Popular, destac\u00f3 la importancia de identificar nuevas oportunidades de expansi\u00f3n desde la casa matriz con una mirada de largo plazo: \u201cTenemos que pensar en los pr\u00f3ximos ciclos de crecimiento, anticipar d\u00f3nde se estar\u00e1n creando las oportunidades que marcar\u00e1n las pr\u00f3ximas d\u00e9cadas. Debemos trabajar con visi\u00f3n de mediano y largo plazo, con disciplina y con sentido estrat\u00e9gico\u201d, expres\u00f3 el presidente ejecutivo de Grupo Popular.&nbsp;<\/p>\n\n\n\n<p>La vicepresidenta ejecutiva s\u00e9nior de Gesti\u00f3n Humana, Transformaci\u00f3n Cultural, Administraci\u00f3n de Cr\u00e9ditos y Cumplimiento, Antonia Ant\u00f3n de Hern\u00e1ndez, afirm\u00f3 que \u201clas organizaciones que trascienden en el tiempo lo hacen gracias a personas que asumen el liderazgo con sentido de prop\u00f3sito, con un compromiso genuino con la excelencia y con la convicci\u00f3n de que cada decisi\u00f3n debe contribuir a construir una instituci\u00f3n m\u00e1s fuerte, m\u00e1s confiable y preparada para el futuro\u201d.<\/p>\n\n\n\n<p>Sus palabras fueron pronunciadas durante el acto de reconocimiento a la trayectoria del se\u00f1or Rafael A. Del Toro, vicepresidente ejecutivo s\u00e9nior de Gobierno Corporativo, Relaciones con Accionistas y Econom\u00eda, quien se acogi\u00f3 al retiro voluntario, ocasi\u00f3n en la que tambi\u00e9n resaltaron las cualidades profesionales y humanas de quien asumir\u00e1 sus funciones a partir de julio pr\u00f3ximo, el se\u00f1or Manuel Grull\u00f3n Hern\u00e1ndez.<\/p>\n\n\n\n<p><strong>Gerentes galardonados&nbsp;<\/strong><\/p>\n\n\n\n<p>Durante la actividad se premi\u00f3 a los gerentes m\u00e1s destacados durante 2025, cuya labor sobresali\u00f3 por sus resultados y el apego a los valores institucionales.<\/p>\n\n\n\n<p>La se\u00f1ora Marisol Mu\u00f1oz, gerente de Divisi\u00f3n Banca Privada, gan\u00f3 el Premio a la Excelencia \u201cAlejandro E. Grull\u00f3n E.\u201d; el se\u00f1or Wilson Santana, gerente de Divisi\u00f3n Configuraci\u00f3n y Par\u00e1metros, obtuvo el Premio a la Eficiencia \u201cPedro A. Rodr\u00edguez\u201d; y el se\u00f1or Sebasti\u00e1n Pichardo, gerente de Divisi\u00f3n Mercadeo Anal\u00edtico y Operativo, recibi\u00f3 el Premio Valores \u201cManuel A. Grull\u00f3n\u201d.&nbsp;&nbsp;<\/p>\n\n\n\n<p>Fueron nominados a estos importantes premios los gerentes Rosanna Checo, Mar\u00eda Ertola, Lohanmy Minaya, Jeremy Fern\u00e1ndez, Oscar Bogaert y Stephanie F\u00e9liz.&nbsp;&nbsp;<\/p>\n\n\n\n<p>Adem\u00e1s, recibieron distinci\u00f3n gerencial los se\u00f1ores Oscarina \u00c1lvarez, Eleni de Castro, Angie Figueroa, Fernando Tav\u00e1rez, Raquel Le\u00f3n, Robert F\u00e9liz, Juan Jim\u00e9nez, Yury Aracena, Pablo M\u00e9ndez, Diani L\u00f3pez, Stephani L\u00f3pez, Gadiel Borges, Mar\u00eda Mu\u00f1oz, Rita Garc\u00eda, Javier Gautier, Wendy Florencio, Juan Jos\u00e9 Mich\u00e9l, Roseiby D\u00e1jer, Mar\u00eda Amelia Auffant y Richard Ozuna. Asimismo, fueron tambi\u00e9n distinguidos los se\u00f1ores gerentes Yoan Mart\u00ednez, Jenry B\u00e1ez, Javid Ulloa, Francisco Betances, Emilio Santos, Gilberto Ramos, Nicole Nadal, Caonabo Castillo, Richelis Valdez, Judith Reynoso, Patricia Mart\u00ednez y Franklin Cruz.&nbsp;<\/p>\n\n\n\n<p>Ingresaron a formar parte del programa de desarrollo gerencial Altos Potenciales los se\u00f1ores Laura B\u00e1ez, Binio Brea, Leonel Ng, Pedro Pujols, Franklin Tav\u00e1rez, Abel Castellanos, Mar\u00eda Rodr\u00edguez, Wendy Diaz, Osvaldo Ortega, Somairis Medrano, Crist Nivar, Juan Podest\u00e1, Luis Ramos, Denisse Portes, Alberto Zapata, Jorge Luis S\u00e1nchez, Rosseli Melgarejo, Jadin Paulino, \u00c1ngel Merejo, Ram\u00f3n Rodr\u00edguez y Alejandro Guzm\u00e1n.&nbsp;&nbsp;<\/p>\n\n\n\n<p><strong>Vicepresidencia Ejecutiva <\/strong><strong><br><\/strong><strong>Comunicaciones Corporativas, Reputaci\u00f3n y Banca Responsable&nbsp;<\/strong><\/p>\n\n\n\n<p><strong>Grupo Popular, S. A.&nbsp;<\/strong><\/p>\n\n\n\n<p><strong>Rainier Antonio Maldonado Tapia <\/strong><a href=\"mailto:rmaldonado@bpd.com.do\"><strong>rmaldonado@bpd.com.do<\/strong><\/a><strong>&nbsp;<\/strong><\/p>\n","protected":false},"excerpt":{"rendered":"<p>Santo Domingo, D.N. \u2013 &nbsp;&nbsp;El Banco Popular Dominicano celebr\u00f3 su tradicional Reuni\u00f3n Anual de Gerentes, un encuentro en el que reconoci\u00f3 el liderazgo, la disciplina y el compromiso de su talento gerencial, cuyo ejercicio responsable y apegado a valores ha permitido a la organizaci\u00f3n bancaria obtener resultados hist\u00f3ricos y consolidar su liderazgo en el sistema [&hellip;]<\/p>\n","protected":false},"author":7,"featured_media":669166,"comment_status":"closed","ping_status":"closed","sticky":false,"template":"","format":"standard","meta":{"footnotes":""},"categories":[18],"tags":[666],"class_list":["post-669155","post","type-post","status-publish","format-standard","has-post-thumbnail","hentry","category-economia","tag-banco-popular-dominicano"],"_links":{"self":[{"href":"https:\/\/diariodominicano.com\/index.php?rest_route=\/wp\/v2\/posts\/669155","targetHints":{"allow":["GET"]}}],"collection":[{"href":"https:\/\/diariodominicano.com\/index.php?rest_route=\/wp\/v2\/posts"}],"about":[{"href":"https:\/\/diariodominicano.com\/index.php?rest_route=\/wp\/v2\/types\/post"}],"author":[{"embeddable":true,"href":"https:\/\/diariodominicano.com\/index.php?rest_route=\/wp\/v2\/users\/7"}],"replies":[{"embeddable":true,"href":"https:\/\/diariodominicano.com\/index.php?rest_route=%2Fwp%2Fv2%2Fcomments&post=669155"}],"version-history":[{"count":1,"href":"https:\/\/diariodominicano.com\/index.php?rest_route=\/wp\/v2\/posts\/669155\/revisions"}],"predecessor-version":[{"id":669167,"href":"https:\/\/diariodominicano.com\/index.php?rest_route=\/wp\/v2\/posts\/669155\/revisions\/669167"}],"wp:featuredmedia":[{"embeddable":true,"href":"https:\/\/diariodominicano.com\/index.php?rest_route=\/wp\/v2\/media\/669166"}],"wp:attachment":[{"href":"https:\/\/diariodominicano.com\/index.php?rest_route=%2Fwp%2Fv2%2Fmedia&parent=669155"}],"wp:term":[{"taxonomy":"category","embeddable":true,"href":"https:\/\/diariodominicano.com\/index.php?rest_route=%2Fwp%2Fv2%2Fcategories&post=669155"},{"taxonomy":"post_tag","embeddable":true,"href":"https:\/\/diariodominicano.com\/index.php?rest_route=%2Fwp%2Fv2%2Ftags&post=669155"}],"curies":[{"name":"wp","href":"https:\/\/api.w.org\/{rel}","templated":true}]}}