{"id":669153,"date":"2026-03-10T15:54:00","date_gmt":"2026-03-10T19:54:00","guid":{"rendered":"https:\/\/diariodominicano.com\/?p=669153"},"modified":"2026-03-10T16:03:39","modified_gmt":"2026-03-10T20:03:39","slug":"consecuencias-de-la-guerra-del-golfo-ya-se-sienten-en-rd","status":"publish","type":"post","link":"https:\/\/diariodominicano.com\/?p=669153","title":{"rendered":"Consecuencias de la Guerra del Golfo ya se sienten en RD"},"content":{"rendered":"\n<p><strong><em>El diputado Danilo D\u00edaz considera que el Gobierno debe ir reuniendo su equipo econ\u00f3mico y sopesar el impacto local de la Guerra del Medio Oriente. &nbsp;<\/em><\/strong><\/p>\n\n\n\n<p><strong>El Diputado Danilo D\u00edaz, miembro del Comit\u00e9 Pol\u00edtico del Partido de la Liberaci\u00f3n Dominicana inst\u00f3 al gobierno mantener su mirada en los efectos de la guerra entre Estados Unidos e Israel contra Ir\u00e1n, ya que sus consecuencias han comenzado a sentirse con el aumento del precio del petr\u00f3leo y las tensiones internacionales creadas tras el conflicto.<\/strong><\/p>\n\n\n\n<p><strong>D\u00edaz le sali\u00f3 al frente a declaraciones de la v\u00edspera de la se\u00f1ora vicepresidenta de la Rep\u00fablica, quien asegur\u00f3 que el Gobierno est\u00e1 preparado para minimizar el impacto que podr\u00eda generar el conflicto b\u00e9lico en Oriente Medio.<\/strong><\/p>\n\n\n\n<p><strong>\u201cNing\u00fan pa\u00eds est\u00e1 preparado para un imprevisto de esta naturaleza, del que a\u00fan no se puede medir las consecuencias\u201d, declar\u00f3 D\u00edaz tras responder a los periodistas que cubren el congreso nacional para sus medios.<\/strong><\/p>\n\n\n\n<p><strong>Considera que lo recomendable para el gobierno es analizar la situaci\u00f3n, prever las posibles consecuencias del conflicto, reunir a su gabinete y tomar las medidas necesarias para evitar males mayores.<\/strong><\/p>\n\n\n\n<p><strong>\u201cEl gobierno debe reunir a su gabinete econ\u00f3mico y si es necesario, ampliar y consultar m\u00e1s all\u00e1, ya que a\u00fan no se conoce el verdadero impacto si la guerra se prolonga\u201d, respondi\u00f3 Danilo D\u00edaz a sus interlocutores.<\/strong><\/p>\n\n\n\n<p><strong>Apunt\u00f3 que, en lugar de declaraciones alegres, Rep\u00fablica Dominicana debe abogar por la paz en el mundo, porque ning\u00fan pa\u00eds puede crecer sin paz en el mundo.<\/strong><\/p>\n\n\n\n<p><strong>D\u00edaz considera que, como parte de las medidas de contingencia a tomarse, el Gobierno debe reducir los gastos superfluos ya que terminar\u00e1 gastando cientos de millones de d\u00f3lares por el incremento de la n\u00f3mina y gasto en publicidad.<\/strong><\/p>\n\n\n\n<p><strong>Entre esos gastos el congresista y dirigente pol\u00edtico cit\u00f3 el pago de numerosas pensiones inmerecidas que son simples botellas. \u201cEl Gobierno est\u00e1 regalando el dinero que no le pertenece\u201d, apunt\u00f3.<\/strong><\/p>\n\n\n\n<p><strong>SECRETAR\u00cdA DE COMUNICACIONES<\/strong><\/p>\n","protected":false},"excerpt":{"rendered":"<p>El diputado Danilo D\u00edaz considera que el Gobierno debe ir reuniendo su equipo econ\u00f3mico y sopesar el impacto local de la Guerra del Medio Oriente. &nbsp; El Diputado Danilo D\u00edaz, miembro del Comit\u00e9 Pol\u00edtico del Partido de la Liberaci\u00f3n Dominicana inst\u00f3 al gobierno mantener su mirada en los efectos de la guerra entre Estados Unidos [&hellip;]<\/p>\n","protected":false},"author":7,"featured_media":669162,"comment_status":"closed","ping_status":"closed","sticky":false,"template":"","format":"standard","meta":{"footnotes":""},"categories":[22],"tags":[3799,175],"class_list":["post-669153","post","type-post","status-publish","format-standard","has-post-thumbnail","hentry","category-politica","tag-danilo-diaz-2","tag-pld"],"_links":{"self":[{"href":"https:\/\/diariodominicano.com\/index.php?rest_route=\/wp\/v2\/posts\/669153","targetHints":{"allow":["GET"]}}],"collection":[{"href":"https:\/\/diariodominicano.com\/index.php?rest_route=\/wp\/v2\/posts"}],"about":[{"href":"https:\/\/diariodominicano.com\/index.php?rest_route=\/wp\/v2\/types\/post"}],"author":[{"embeddable":true,"href":"https:\/\/diariodominicano.com\/index.php?rest_route=\/wp\/v2\/users\/7"}],"replies":[{"embeddable":true,"href":"https:\/\/diariodominicano.com\/index.php?rest_route=%2Fwp%2Fv2%2Fcomments&post=669153"}],"version-history":[{"count":1,"href":"https:\/\/diariodominicano.com\/index.php?rest_route=\/wp\/v2\/posts\/669153\/revisions"}],"predecessor-version":[{"id":669161,"href":"https:\/\/diariodominicano.com\/index.php?rest_route=\/wp\/v2\/posts\/669153\/revisions\/669161"}],"wp:featuredmedia":[{"embeddable":true,"href":"https:\/\/diariodominicano.com\/index.php?rest_route=\/wp\/v2\/media\/669162"}],"wp:attachment":[{"href":"https:\/\/diariodominicano.com\/index.php?rest_route=%2Fwp%2Fv2%2Fmedia&parent=669153"}],"wp:term":[{"taxonomy":"category","embeddable":true,"href":"https:\/\/diariodominicano.com\/index.php?rest_route=%2Fwp%2Fv2%2Fcategories&post=669153"},{"taxonomy":"post_tag","embeddable":true,"href":"https:\/\/diariodominicano.com\/index.php?rest_route=%2Fwp%2Fv2%2Ftags&post=669153"}],"curies":[{"name":"wp","href":"https:\/\/api.w.org\/{rel}","templated":true}]}}