{"id":669151,"date":"2026-03-10T14:50:23","date_gmt":"2026-03-10T18:50:23","guid":{"rendered":"https:\/\/diariodominicano.com\/?p=669151"},"modified":"2026-03-10T14:50:43","modified_gmt":"2026-03-10T18:50:43","slug":"arde-el-medio-oriente-otra-guerra-por-irracionalidad-humana","status":"publish","type":"post","link":"https:\/\/diariodominicano.com\/?p=669151","title":{"rendered":"Arde el Medio Oriente, \u00bfotra guerra por irracionalidad humana?"},"content":{"rendered":"\n<p>Manuel Diaz Aponte<\/p>\n\n\n\n<p class=\"has-small-font-size\">Todo indica que la guerra entre Estados Unidos e Israel contra Ir\u00e1n podr\u00eda intensificarse y nadie puede pronosticar su fin.<\/p>\n\n\n\n<p>El liderato iran\u00edes luce unificado en torno al sucesor del asesinado l\u00edder supremo el Ayatol\u00e1 Al\u00ed Jamene\u00ed, quienes prometen vengar su muerte y aseguran que no negocian una salida al conflicto.<\/p>\n\n\n\n<p>\u201cLos estadounidenses deben saber que no los dejaremos ir\u201d, advirti\u00f3 Ali Larijani, secretario del Consejo Supremo de Seguridad Nacional de Ir\u00e1n.<\/p>\n\n\n\n<p>Enfatiz\u00f3 que: \u201cNuestro pueblo est\u00e1 con nosotros, nuestro liderazgo est\u00e1 unido, no hay divisi\u00f3n en la lucha contra Israel y Estados Unidos\u201d.<\/p>\n\n\n\n<p>Sin embargo, reportes de la prensa occidental aseguran que hay fricciones y asomo de divisiones entre el liderazgo iranie, despu\u00e9s de las declaraciones del presidente de Ir\u00e1n, Masoud Pezeshkian, quien supuestamente hab\u00eda pedido disculpas a los pa\u00edses \u00e1rabes del golfo P\u00e9rsico por los fieros ataques de Ir\u00e1n a pa\u00edses vecinos del Medio Oriente.<\/p>\n\n\n\n<p>Ciertamente, en esta nueva guerra como ha ocurrido anteriormente la manipulaci\u00f3n period\u00edstica es evidente. Los medios occidentales destacan las bajas y destrucciones en Ir\u00e1n, pero pocas veces, hablan de lo que est\u00e1 ocurriendo del lado de las tropas de Israel y EE. UU.<\/p>\n\n\n\n<p>El presidente norteamericano Donald Trum comunic\u00f3 este fin de semana, que Ir\u00e1n tendr\u00eda que rendirse ante \u00e9l para que la guerra terminara, asegurando que no habr\u00eda \u201cning\u00fan acuerdo con Ir\u00e1n salvo RENDICI\u00d3N INCONDICIONAL\u201d.<\/p>\n\n\n\n<p>Trump, asimismo, calific\u00f3 de \u201cinaceptable\u201d la escogencia del cl\u00e9rigo Mojtaba Jamene\u00ed para suceder a su padre como l\u00edder supremo de la Rep\u00fablica Isl\u00e1mica.<\/p>\n\n\n\n<p>En tanto, el presidente y l\u00edder de la Rep\u00fablica Federativa de Rusia, Vladimir Putin, respalda al nuevo dirigente de Ir\u00e1n.&nbsp;<\/p>\n\n\n\n<p>Trump y Putin conversaron telef\u00f3nicamente este lunes donde trataron l\u00f3gicamente las guerras en Ucrania y en Ir\u00e1n. En la Casa Blanca hay preocupaci\u00f3n por la subida de los precios del petr\u00f3leo lo que obliga a los estadounidenses a adquirir la gasolina a precios m\u00e1s elevados.<\/p>\n\n\n\n<p>En c\u00edrculos pol\u00edticos de Washington ahora hablan del final de la embestida de EE. UU. e Israel contra Ir\u00e1n que ha generado esos aumentos del petr\u00f3leo a nivel mundial.<\/p>\n\n\n\n<p>Fin a la Guerra<\/p>\n\n\n\n<p>En el interior de Estados Unidos comenzaron a levantarse voces que repudian la guerra instando a las autoridades estadounidenses a poner fin al conflicto, que ha provocado alzas del petr\u00f3leo en los mercados internacionales.<\/p>\n\n\n\n<p>Obviamente, hay temores de que el escenario de la guerra se intensifique en otras naciones \u00e1rabes por la embestida de Ir\u00e1n que ha lanzado centenares de misiles y drones en territorios de Qatar, Emiratos \u00c1rabes, Dub\u00e1i y Bar\u00e9in.<\/p>\n\n\n\n<p>Es frustrante ver el mundo sumergido en el fuego y destrucci\u00f3n sin que aparezca un mediador cre\u00edble, en tanto que crece el cuadro social de un mundo dominado por las armas y el terror.&nbsp;&nbsp;&nbsp;<\/p>\n\n\n\n<p>La generaci\u00f3n actual conoce de la existencia del misil, drones y artefactos de destrucci\u00f3n masiva, pero desconoce los avances cient\u00edficos para curar el c\u00e1ncer y la diabetes.&nbsp;&nbsp;&nbsp;&nbsp;<\/p>\n\n\n\n<p>El liderazgo pol\u00edtico mundial actual es m\u00e1s proclive a la confrontaci\u00f3n que a la b\u00fasqueda del di\u00e1logo y consenso, envolviendo al planeta en una tendencia alucinante de divisiones.<\/p>\n\n\n\n<p>Esa locura y fascinaci\u00f3n por la destrucci\u00f3n vuelve a reeditar el fantasma de las guerras en una actitud que refleja mucho odio, sin raz\u00f3n y fascinaci\u00f3n por el derroche de sangre.<\/p>\n\n\n\n<p>La mentalidad humana es cada vez m\u00e1s impredecible y forzada hacia la violencia y confrontaci\u00f3n, actitudes que contradicen los avances cient\u00edficos y de modernidad alcanzados por generaciones. La guerra de Estados Unidos e Israel contra Ir\u00e1n ya tiene consecuencias funestas para la humanidad.<\/p>\n\n\n\n<p>Dolorosamente, no hay \u00e1rbitros que permitan interceder en esta nueva crisis porque la Organizaci\u00f3n de las Naciones Unidas (ONU), creada en 1945, ha sido suplantada por el poder absoluto de las grandes potencias mundiales.<\/p>\n\n\n\n<p>Lo terrible de las guerras son las devastaciones y divisiones que aplastan a millares de seres humanos obligados a salir de sus entornos tratando de sobrevivir en medio de la intensidad de los mort\u00edferos misiles y drones.<\/p>\n\n\n\n<p>Las consecuencias econ\u00f3micas de este nuevo conflicto ya est\u00e1n siendo devastadoras para la econom\u00eda mundial por los aumentos en los precios del petr\u00f3leo, la paralizaci\u00f3n de las actividades de tr\u00e1fico a\u00e9reo y navales en amplias zonas del Medio Oriente.&nbsp;&nbsp;&nbsp;&nbsp;<\/p>\n\n\n\n<p>Una verg\u00fcenza ver la ca\u00edda de modernas edificaciones impactadas por estos artefactos y que fueron levantadas con esfuerzos y sacrificios a trav\u00e9s del genio humano.<\/p>\n\n\n\n<p>Impacto en el mundo<\/p>\n\n\n\n<p>La decisi\u00f3n del gobierno de Trump de atacar unido a Israel el territorio de Ir\u00e1n provoca inquietudes alrededor del mundo y sus principales dirigentes.<\/p>\n\n\n\n<p>En ese contexto, el presidente de la Rep\u00fablica Federativa de Brasil, Luiz Inacio Lula Da Silva, dijo textualmente: \u201cSi no nos preparamos para defendernos, en cualquier momento nos invaden\u201d.<\/p>\n\n\n\n<p>Al recibir al presidente de Sud\u00e1frica, Cyril Ramaphosa, en el Palacio Do Planalto en Brasilia, durante su visita oficial al gigante suramericano, Lula expuso que: \u201cNecesitamos combinar nuestro potencial [conjunto] y ver qu\u00e9 podemos producir juntos. No necesitamos seguir compr\u00e1ndolo a los se\u00f1ores de las armas, podemos producirlas nosotros mismos\u201d.<\/p>\n\n\n\n<p>Para los pr\u00f3ximos d\u00edas est\u00e1 prevista una visita oficial del mandatario brasile\u00f1o a la Casa Blanca, en Washington, donde ser\u00e1 recibido por su hom\u00f3logo Donald Trump, y en la que podr\u00edan abordar diversos temas vinculados a la agenda bilateral.<\/p>\n\n\n\n<p>El presidente de Brasil ha criticado abiertamente los ataques de Estados Unidos e Israel sobre el territorio de Ir\u00e1n, y ha demandado un alto al fuego ante los ataques de Estados Unidos-Israel en territorio de Ir\u00e1n.&nbsp;<\/p>\n\n\n\n<p>La posible compra masiva de armas por el gobierno de Brasil refleja una realidad mundial: el armamentismo sigue creciendo entre las naciones que configuran el mapa de direcci\u00f3n pol\u00edtica, estrat\u00e9gica y econ\u00f3mica en este mundo convulso.<\/p>\n\n\n\n<p>Brasil tiene un gasto anual en armas de aproximadamente 24 mil millones de d\u00f3lares para el periodo 2025-2026.<\/p>\n\n\n\n<p>Art\u00edculo de Manuel Diaz Aponte<\/p>\n","protected":false},"excerpt":{"rendered":"<p>Manuel Diaz Aponte Todo indica que la guerra entre Estados Unidos e Israel contra Ir\u00e1n podr\u00eda intensificarse y nadie puede pronosticar su fin. El liderato iran\u00edes luce unificado en torno al sucesor del asesinado l\u00edder supremo el Ayatol\u00e1 Al\u00ed Jamene\u00ed, quienes prometen vengar su muerte y aseguran que no negocian una salida al conflicto. \u201cLos [&hellip;]<\/p>\n","protected":false},"author":7,"featured_media":268047,"comment_status":"closed","ping_status":"closed","sticky":false,"template":"","format":"standard","meta":{"footnotes":""},"categories":[16],"tags":[4875],"class_list":["post-669151","post","type-post","status-publish","format-standard","has-post-thumbnail","hentry","category-opiniones","tag-manuel-diaz-aponte-3"],"_links":{"self":[{"href":"https:\/\/diariodominicano.com\/index.php?rest_route=\/wp\/v2\/posts\/669151","targetHints":{"allow":["GET"]}}],"collection":[{"href":"https:\/\/diariodominicano.com\/index.php?rest_route=\/wp\/v2\/posts"}],"about":[{"href":"https:\/\/diariodominicano.com\/index.php?rest_route=\/wp\/v2\/types\/post"}],"author":[{"embeddable":true,"href":"https:\/\/diariodominicano.com\/index.php?rest_route=\/wp\/v2\/users\/7"}],"replies":[{"embeddable":true,"href":"https:\/\/diariodominicano.com\/index.php?rest_route=%2Fwp%2Fv2%2Fcomments&post=669151"}],"version-history":[{"count":2,"href":"https:\/\/diariodominicano.com\/index.php?rest_route=\/wp\/v2\/posts\/669151\/revisions"}],"predecessor-version":[{"id":669158,"href":"https:\/\/diariodominicano.com\/index.php?rest_route=\/wp\/v2\/posts\/669151\/revisions\/669158"}],"wp:featuredmedia":[{"embeddable":true,"href":"https:\/\/diariodominicano.com\/index.php?rest_route=\/wp\/v2\/media\/268047"}],"wp:attachment":[{"href":"https:\/\/diariodominicano.com\/index.php?rest_route=%2Fwp%2Fv2%2Fmedia&parent=669151"}],"wp:term":[{"taxonomy":"category","embeddable":true,"href":"https:\/\/diariodominicano.com\/index.php?rest_route=%2Fwp%2Fv2%2Fcategories&post=669151"},{"taxonomy":"post_tag","embeddable":true,"href":"https:\/\/diariodominicano.com\/index.php?rest_route=%2Fwp%2Fv2%2Ftags&post=669151"}],"curies":[{"name":"wp","href":"https:\/\/api.w.org\/{rel}","templated":true}]}}