{"id":669069,"date":"2026-03-10T00:07:39","date_gmt":"2026-03-10T04:07:39","guid":{"rendered":"https:\/\/diariodominicano.com\/?p=669069"},"modified":"2026-03-10T00:07:42","modified_gmt":"2026-03-10T04:07:42","slug":"pld-denuncia-retrocesos-en-el-bienestar-de-mujeres-y-llama-a-fortalecer-politicas-publicas","status":"publish","type":"post","link":"https:\/\/diariodominicano.com\/?p=669069","title":{"rendered":"PLD\u00a0denuncia retrocesos en el bienestar de mujeres y llama a fortalecer pol\u00edticas p\u00fablicas"},"content":{"rendered":"\n<p>El compromiso fue reafirmado en la rueda de prensa de los lunes del PLD.<\/p>\n\n\n\n<figure class=\"wp-block-image size-large\"><img loading=\"lazy\" decoding=\"async\" width=\"1024\" height=\"682\" src=\"https:\/\/diariodominicano.com\/wp-content\/uploads\/2026\/03\/Imagen-1-4-1024x682.jpeg\" alt=\"\" class=\"wp-image-669074\" srcset=\"https:\/\/diariodominicano.com\/wp-content\/uploads\/2026\/03\/Imagen-1-4-1024x682.jpeg 1024w, https:\/\/diariodominicano.com\/wp-content\/uploads\/2026\/03\/Imagen-1-4-300x200.jpeg 300w, https:\/\/diariodominicano.com\/wp-content\/uploads\/2026\/03\/Imagen-1-4-768x512.jpeg 768w, https:\/\/diariodominicano.com\/wp-content\/uploads\/2026\/03\/Imagen-1-4-816x544.jpeg 816w, https:\/\/diariodominicano.com\/wp-content\/uploads\/2026\/03\/Imagen-1-4.jpeg 1280w\" sizes=\"auto, (max-width: 1024px) 100vw, 1024px\" \/><\/figure>\n\n\n\n<p>Con motivo del&nbsp;<strong>D\u00eda Internacional de la Mujer, el Partido de la Liberaci\u00f3n Dominicana (PLD)<\/strong>&nbsp;reafirma su compromiso hist\u00f3rico con la lucha por la igualdad, la dignidad y los derechos de las mujeres dominicanas.<\/p>\n\n\n\n<figure class=\"wp-block-image size-large\"><img loading=\"lazy\" decoding=\"async\" width=\"1024\" height=\"682\" src=\"https:\/\/diariodominicano.com\/wp-content\/uploads\/2026\/03\/Imagen-19-1-1024x682.jpeg\" alt=\"\" class=\"wp-image-669072\" srcset=\"https:\/\/diariodominicano.com\/wp-content\/uploads\/2026\/03\/Imagen-19-1-1024x682.jpeg 1024w, https:\/\/diariodominicano.com\/wp-content\/uploads\/2026\/03\/Imagen-19-1-300x200.jpeg 300w, https:\/\/diariodominicano.com\/wp-content\/uploads\/2026\/03\/Imagen-19-1-768x512.jpeg 768w, https:\/\/diariodominicano.com\/wp-content\/uploads\/2026\/03\/Imagen-19-1-816x544.jpeg 816w, https:\/\/diariodominicano.com\/wp-content\/uploads\/2026\/03\/Imagen-19-1.jpeg 1280w\" sizes=\"auto, (max-width: 1024px) 100vw, 1024px\" \/><\/figure>\n\n\n\n<p>El compromiso fue reafirmado en la rueda de prensa de los lunes de la organizaci\u00f3n pol\u00edtica en la que participaron integrantes de los Comit\u00e9s Pol\u00edtico y Central y la representaci\u00f3n de la Secretaria de Igualdad y Equidad de G\u00e9nero, asumiendo la vocer\u00eda, Kenia Lora, del CP, acompa\u00f1ada de Maribel Acosta, Karen Ricardo, Margarita Pimentel, Alejandrina Germ\u00e1n. Sheila Brito y Ana Figuereo.&nbsp;<\/p>\n\n\n\n<p>La fecha tambi\u00e9n fue oportuna para denunciar retrocesos en el bienestar de las mujeres y llamar al gobierno a fortalecer pol\u00edticas p\u00fablicas.<\/p>\n\n\n\n<figure class=\"wp-block-image size-large\"><img loading=\"lazy\" decoding=\"async\" width=\"1024\" height=\"682\" src=\"https:\/\/diariodominicano.com\/wp-content\/uploads\/2026\/03\/Imagen-26-1-1024x682.jpeg\" alt=\"\" class=\"wp-image-669073\" srcset=\"https:\/\/diariodominicano.com\/wp-content\/uploads\/2026\/03\/Imagen-26-1-1024x682.jpeg 1024w, https:\/\/diariodominicano.com\/wp-content\/uploads\/2026\/03\/Imagen-26-1-300x200.jpeg 300w, https:\/\/diariodominicano.com\/wp-content\/uploads\/2026\/03\/Imagen-26-1-768x512.jpeg 768w, https:\/\/diariodominicano.com\/wp-content\/uploads\/2026\/03\/Imagen-26-1-1536x1024.jpeg 1536w, https:\/\/diariodominicano.com\/wp-content\/uploads\/2026\/03\/Imagen-26-1-2048x1365.jpeg 2048w, https:\/\/diariodominicano.com\/wp-content\/uploads\/2026\/03\/Imagen-26-1-816x544.jpeg 816w\" sizes=\"auto, (max-width: 1024px) 100vw, 1024px\" \/><\/figure>\n\n\n\n<p>En ese sentido, advirti\u00f3 que existen se\u00f1ales preocupantes de retroceso en el bienestar femenino bajo la actual gesti\u00f3n gubernamental, citando el informe de derechos humanos publicado en diciembre por el Defensor del Pueblo donde se evidencia una tendencia preocupante: las mujeres contin\u00faan siendo identificadas por la ciudadan\u00eda como el grupo m\u00e1s vulnerable del pa\u00eds.<\/p>\n\n\n\n<p>El informe se\u00f1ala, adem\u00e1s que en 2025, el 49 % de la poblaci\u00f3n consider\u00f3 que los derechos de las mujeres se vulneran con mucha frecuencia, lo que las consolida como el grupo social m\u00e1s expuesto a la violaci\u00f3n de derechos seg\u00fan el informe del Defensor del Pueblo.<\/p>\n\n\n\n<p>Refiere que m\u00e1s preocupante a\u00fan es que la victimizaci\u00f3n ha aumentado significativamente. Mientras en 2024 el 20.9 % de las mujeres reportaba haber sido v\u00edctima de vulneraci\u00f3n de derechos, en 2025 esta cifra subi\u00f3 a 28.5 %.<\/p>\n\n\n\n<p>Igualmente apunta que la cobertura de la Jornada Escolar Extendida, que en 2019 superaba el 75 % de los estudiantes del sistema p\u00fablico, hoy se mantiene alrededor del 70 %, evidenciando un estancamiento en la expansi\u00f3n de una pol\u00edtica clave para la equidad social. A esto se suma la falta de cupo para m\u00e1s de 250 mil estudiantes en centros p\u00fablicos durante 2025.<\/p>\n\n\n\n<p>Otro dato alarmante es que, de acuerdo con el referido informe, el lugar de trabajo se ha convertido en uno de los principales escenarios de abuso contra las mujeres, ya que m\u00e1s del 95 % de las dominicanas identifica los espacios laborales como lugares donde pueden producirse situaciones de violencia o acoso, lo que refleja la ausencia de pol\u00edticas efectivas para prevenir la discriminaci\u00f3n y garantizar entornos laborales seguros.<\/p>\n\n\n\n<p>Resalta que solo en enero y febrero de 2026 se registraron 13 feminicidios, frente a 4 en el mismo per\u00edodo del a\u00f1o anterior. Cada una de estas muertes representa una vida perdida, una familia destruida y ni\u00f1os y ni\u00f1as que quedan en la orfandad.<\/p>\n\n\n\n<p>Como de costumbre, el PLD hace las recomendaciones de lugar en su rol de oposici\u00f3n responsable planteando una agenda nacional que garantice, una legislaci\u00f3n efectiva contra el acoso laboral y la violencia de g\u00e9nero que reconozca estas pr\u00e1cticas como figuras jur\u00eddicas espec\u00edficas, apoyo real para lograr la autonom\u00eda econ\u00f3mica para las mujeres, garantizando el acceso a cr\u00e9dito, financiamiento y oportunidades productivas para las emprendedoras.<\/p>\n\n\n\n<p>Asimismo, la expansi\u00f3n de la educaci\u00f3n inicial, que permita incorporar a m\u00e1s de 500 mil ni\u00f1os de 0 a 5 a\u00f1os al sistema educativo y reducir la carga de cuidado que recae sobre las madres y acceso efectivo a la justicia, eliminando las barreras que impiden a muchas mujeres acceder a una protecci\u00f3n judicial oportuna, entre otras.<\/p>\n\n\n\n<p>El PLD afirma que la igualdad no se construye con discursos un d\u00eda al a\u00f1o, sino con pol\u00edticas p\u00fablicas, con instituciones que funcionen y con una sociedad que entienda que cuando las mujeres avanzan, avanza toda la naci\u00f3n.<\/p>\n\n\n\n<p><strong>SECRETARIA DE COMUNICACIONES<\/strong><\/p>\n\n\n\n<p><strong>09 DE MARZO, 2026.-<\/strong><\/p>\n","protected":false},"excerpt":{"rendered":"<p>El compromiso fue reafirmado en la rueda de prensa de los lunes del PLD. Con motivo del&nbsp;D\u00eda Internacional de la Mujer, el Partido de la Liberaci\u00f3n Dominicana (PLD)&nbsp;reafirma su compromiso hist\u00f3rico con la lucha por la igualdad, la dignidad y los derechos de las mujeres dominicanas. El compromiso fue reafirmado en la rueda de prensa [&hellip;]<\/p>\n","protected":false},"author":2,"featured_media":669070,"comment_status":"open","ping_status":"closed","sticky":false,"template":"","format":"standard","meta":{"footnotes":""},"categories":[22],"tags":[5029],"class_list":["post-669069","post","type-post","status-publish","format-standard","has-post-thumbnail","hentry","category-politica","tag-pld-denuncia"],"_links":{"self":[{"href":"https:\/\/diariodominicano.com\/index.php?rest_route=\/wp\/v2\/posts\/669069","targetHints":{"allow":["GET"]}}],"collection":[{"href":"https:\/\/diariodominicano.com\/index.php?rest_route=\/wp\/v2\/posts"}],"about":[{"href":"https:\/\/diariodominicano.com\/index.php?rest_route=\/wp\/v2\/types\/post"}],"author":[{"embeddable":true,"href":"https:\/\/diariodominicano.com\/index.php?rest_route=\/wp\/v2\/users\/2"}],"replies":[{"embeddable":true,"href":"https:\/\/diariodominicano.com\/index.php?rest_route=%2Fwp%2Fv2%2Fcomments&post=669069"}],"version-history":[{"count":1,"href":"https:\/\/diariodominicano.com\/index.php?rest_route=\/wp\/v2\/posts\/669069\/revisions"}],"predecessor-version":[{"id":669075,"href":"https:\/\/diariodominicano.com\/index.php?rest_route=\/wp\/v2\/posts\/669069\/revisions\/669075"}],"wp:featuredmedia":[{"embeddable":true,"href":"https:\/\/diariodominicano.com\/index.php?rest_route=\/wp\/v2\/media\/669070"}],"wp:attachment":[{"href":"https:\/\/diariodominicano.com\/index.php?rest_route=%2Fwp%2Fv2%2Fmedia&parent=669069"}],"wp:term":[{"taxonomy":"category","embeddable":true,"href":"https:\/\/diariodominicano.com\/index.php?rest_route=%2Fwp%2Fv2%2Fcategories&post=669069"},{"taxonomy":"post_tag","embeddable":true,"href":"https:\/\/diariodominicano.com\/index.php?rest_route=%2Fwp%2Fv2%2Ftags&post=669069"}],"curies":[{"name":"wp","href":"https:\/\/api.w.org\/{rel}","templated":true}]}}