{"id":669064,"date":"2026-03-09T23:51:08","date_gmt":"2026-03-10T03:51:08","guid":{"rendered":"https:\/\/diariodominicano.com\/?p=669064"},"modified":"2026-03-09T23:51:13","modified_gmt":"2026-03-10T03:51:13","slug":"putin-y-trump-conversaron-sobre-situacion-mundial","status":"publish","type":"post","link":"https:\/\/diariodominicano.com\/?p=669064","title":{"rendered":"Putin y Trump conversaron sobre situaci\u00f3n mundial"},"content":{"rendered":"\n<p>ARCHIVO: <\/p>\n\n\n\n<p>Mosc\u00fa, 9 mar (Prensa Latina) Los presidentes de Rusia, Vladimir Putin, y de Estados Unidos, Donald Trump, conversaron hoy sobre temas internacionales, como la situaci\u00f3n en Medio Oriente y la paz en Ucrania, dijo el asesor del Kremlin, Yuri Ushakov.<\/p>\n\n\n\n<ul class=\"wp-block-list\">\n<li><a href=\"https:\/\/www.prensa-latina.cu\/2026\/03\/09\/\"><time>marzo 9, 2026 | 16:55<\/time><\/a><\/li>\n<\/ul>\n\n\n\n<ul class=\"wp-block-list\">\n<li><a href=\"https:\/\/www.prensa-latina.cu\/2026\/03\/09\/putin-y-trump-conversaron-sobre-situacion-mundial\/#\"><\/a><\/li>\n\n\n\n<li><a href=\"https:\/\/www.prensa-latina.cu\/2026\/03\/09\/putin-y-trump-conversaron-sobre-situacion-mundial\/#\"><\/a><\/li>\n\n\n\n<li><a href=\"https:\/\/www.prensa-latina.cu\/2026\/03\/09\/putin-y-trump-conversaron-sobre-situacion-mundial\/#\"><\/a><\/li>\n\n\n\n<li><a href=\"https:\/\/www.prensa-latina.cu\/2026\/03\/09\/putin-y-trump-conversaron-sobre-situacion-mundial\/#\"><\/a><\/li>\n<\/ul>\n\n\n\n<p>\u00abEste lunes \u00abpor la tarde, tuvo lugar una conversaci\u00f3n telef\u00f3nica entre los presidentes de Rusia y Estados Unidos. El \u00e9nfasis estuvo en la situaci\u00f3n en torno al conflicto con Ir\u00e1n y las negociaciones bilaterales en curso sobre la regulaci\u00f3n ucraniana, con la participaci\u00f3n de representantes estadounidenses\u00bb, dijo Ushakov a los periodistas.<\/p>\n\n\n\n<p>Putin expres\u00f3 una serie de ideas para una r\u00e1pida resoluci\u00f3n pol\u00edtica y diplom\u00e1tica de la situaci\u00f3n en el Medio Oriente. Trump, por su parte, ofreci\u00f3 una evaluaci\u00f3n en el contexto de la operaci\u00f3n conjunta con Israel, refiri\u00f3 el asesor del mandatario ruso.<\/p>\n\n\n\n<p>\u00abLos presidentes tambi\u00e9n abordaron la cuesti\u00f3n de Venezuela, principalmente desde la perspectiva de la situaci\u00f3n en el mercado petrolero mundial\u00bb, declar\u00f3 Ushakov.<\/p>\n\n\n\n<p>Venezuela vivi\u00f3 el 3 de enero un ataque militar de Estados Unidos sin precedentes en tres regiones del norte del pa\u00eds que concluy\u00f3 con el secuestro del presidente Nicol\u00e1s Maduro y a su esposa, Cilia Flores, quienes fueron trasladados a Nueva York para ser juzgados por diversos delitos vinculados al narcotr\u00e1fico.<\/p>\n\n\n\n<p>Autoridades reportaron el fallecimiento de m\u00e1s de 100 personas durante esa noche.<\/p>\n\n\n\n<p>Dos d\u00edas despu\u00e9s del ataque estadounidense, la vicepresidenta, Delcy Rodr\u00edguez, asumi\u00f3 el cargo como presidenta encargada, tras una sentencia del Tribunal Supremo de Justicia que tuvo como fin \u00abgarantizar la continuidad administrativa y la defensa integral de la naci\u00f3n\u00bb.<\/p>\n\n\n\n<p>Ushakov explic\u00f3 que el di\u00e1logo se produjo por iniciativa del mandatario estadounidense. El asesor presidencial revel\u00f3 que Trump subray\u00f3 la importancia de mantener este tipo de contactos de forma regular, tal como se hab\u00edan planteado previamente.<\/p>\n\n\n\n<p>A\u00f1adi\u00f3 adem\u00e1s que la conversaci\u00f3n de aproximadamente una hora fue muy sustancial y, \u00absin duda, tendr\u00e1 una importancia pr\u00e1ctica para el trabajo futuro de ambos pa\u00edses en diversos \u00e1mbitos de la pol\u00edtica internacional\u00bb.<\/p>\n\n\n\n<p>Rusia y Estados Unidos rompieron el hielo el 12 de febrero de 2025 con una conversaci\u00f3n telef\u00f3nica entre Putin y Trump, la primera desde el regreso del pol\u00edtico republicano a la Casa Blanca.<\/p>\n\n\n\n<p>Desde entonces, los dos l\u00edderes hablaron por tel\u00e9fono en varias ocasiones, y el 15 de agosto, los mandatarios se reunieron en la ciudad estadounidense de Anchorage, en Alaska, en una cumbre de dos horas y 45 minutos.<\/p>\n\n\n\n<p>Los d\u00edas 28 y 29 de diciembre, Putin y Trump mantuvieron dos conversaciones telef\u00f3nicas, en las que abordaron temas relacionados con la resoluci\u00f3n del conflicto en Ucrania, as\u00ed como la cooperaci\u00f3n econ\u00f3mica entre ambos pa\u00edses.<\/p>\n\n\n\n<p>oda\/gfa<\/p>\n\n\n\n<ul class=\"wp-block-list\">\n<li>#<a href=\"https:\/\/www.prensa-latina.cu\/etiqueta\/conversan\/\">conversan<\/a>\u00a0#<a href=\"https:\/\/www.prensa-latina.cu\/etiqueta\/eeuu\/\">eeuu<\/a>\u00a0#<a href=\"https:\/\/www.prensa-latina.cu\/etiqueta\/putin\/\">Putin<\/a>\u00a0#<a href=\"https:\/\/www.prensa-latina.cu\/etiqueta\/rusia\/\">Rusia<\/a>\u00a0#<a href=\"https:\/\/www.prensa-latina.cu\/etiqueta\/situacion-mundial\/\">situaci\u00f3n mundial<\/a>\u00a0#<a href=\"https:\/\/www.prensa-latina.cu\/etiqueta\/trump\/\">trump<\/a><\/li>\n<\/ul>\n\n\n\n<p>MINUTO A MINUTO<\/p>\n\n\n\n<ul class=\"wp-block-list\">\n<li>23:23<\/li>\n<\/ul>\n\n\n\n<p><a href=\"https:\/\/www.prensa-latina.cu\/2026\/03\/09\/puerto-rico-avanza-a-los-cuartos-de-final-del-vi-clasico-mundial\/\">Puerto Rico avanza a los cuartos de final del VI Cl\u00e1sico Mundial<\/a><\/p>\n\n\n\n<ul class=\"wp-block-list\">\n<li>23:14<\/li>\n<\/ul>\n\n\n\n<p><a href=\"https:\/\/www.prensa-latina.cu\/2026\/03\/09\/casi-500-muertos-y-miles-de-desplazados-en-ofensiva-israeli-en-libano\/\">Casi 500 muertos y miles de desplazados en ofensiva israel\u00ed en L\u00edbano<\/a><\/p>\n\n\n\n<ul class=\"wp-block-list\">\n<li>23:08<\/li>\n<\/ul>\n\n\n\n<p><a href=\"https:\/\/www.prensa-latina.cu\/2026\/03\/09\/sheinbaum-debe-visitar-brasil-en-junio-o-julio-anuncia-lula\/\">Sheinbaum debe visitar Brasil en junio o julio, anuncia Lula<\/a><\/p>\n\n\n\n<ul class=\"wp-block-list\">\n<li>22:53<\/li>\n<\/ul>\n\n\n\n<p><a href=\"https:\/\/www.prensa-latina.cu\/2026\/03\/09\/erdogan-y-pezeshkian-abordan-escalada-regional\/\">Erdo\u011fan y Pezeshkian abordan escalada regional<\/a><\/p>\n\n\n\n<ul class=\"wp-block-list\">\n<li>22:51<\/li>\n<\/ul>\n\n\n\n<p><a href=\"https:\/\/www.prensa-latina.cu\/2026\/03\/09\/turkiye-convoca-al-embajador-irani-por-incidente-con-misiles\/\">T\u00fcrkiye convoca al embajador iran\u00ed por incidente con misiles<\/a><\/p>\n\n\n\n<ul class=\"wp-block-list\">\n<li>22:49<\/li>\n<\/ul>\n\n\n\n<p><a href=\"https:\/\/www.prensa-latina.cu\/2026\/03\/09\/nicaragua-recibe-obras-de-arte-donadas-por-pintoras-turcas\/\">Nicaragua recibe obras de arte donadas por pintoras turcas<\/a><\/p>\n\n\n\n<p>relacionadas<\/p>\n\n\n\n<h4 class=\"wp-block-heading\"><a href=\"https:\/\/www.prensa-latina.cu\/2026\/03\/09\/canciller-de-venezuela-cuestiona-declaraciones-de-senador-de-eeuu\/\">Canciller de Venezuela cuestiona declaraciones de senador de EEUU<\/a><\/h4>\n\n\n\n<ul class=\"wp-block-list\">\n<li>marzo 9, 2026<\/li>\n\n\n\n<li>21:55<\/li>\n<\/ul>\n\n\n\n<h4 class=\"wp-block-heading\"><a href=\"https:\/\/www.prensa-latina.cu\/2026\/03\/09\/capital-mexicana-busca-romper-record-con-clase-masiva-de-futbol\/\">Capital mexicana busca romper r\u00e9cord con clase masiva de f\u00fatbol<\/a><\/h4>\n\n\n\n<ul class=\"wp-block-list\">\n<li>marzo 9, 2026<\/li>\n\n\n\n<li>20:50<\/li>\n<\/ul>\n\n\n\n<h4 class=\"wp-block-heading\"><a href=\"https:\/\/www.prensa-latina.cu\/2026\/03\/09\/confirma-trump-su-conversacion-con-putin\/\">Confirma Trump su conversaci\u00f3n con Putin<\/a><\/h4>\n\n\n\n<ul class=\"wp-block-list\">\n<li>marzo 9, 2026<\/li>\n\n\n\n<li>19:11<\/li>\n<\/ul>\n\n\n\n<h4 class=\"wp-block-heading\"><a href=\"https:\/\/www.prensa-latina.cu\/2026\/03\/09\/turismo-dominicano-pasa-del-millon-en-febrero-39-por-ciento-de-eeuu\/\">Turismo dominicano pasa del mill\u00f3n en febrero: 39 por ciento de EEUU<\/a><\/h4>\n\n\n\n<ul class=\"wp-block-list\">\n<li>marzo 9, 2026<\/li>\n\n\n\n<li>18:21<\/li>\n<\/ul>\n\n\n\n<p>TASAS DE CAMBIO \/ EXCHANGE RATES<\/p>\n\n\n\n<p>09 &#8211; marzo &#8211; 2026<\/p>\n\n\n\n<p>Fuente: Banco Central de Cuba<\/p>\n","protected":false},"excerpt":{"rendered":"<p>ARCHIVO: Mosc\u00fa, 9 mar (Prensa Latina) Los presidentes de Rusia, Vladimir Putin, y de Estados Unidos, Donald Trump, conversaron hoy sobre temas internacionales, como la situaci\u00f3n en Medio Oriente y la paz en Ucrania, dijo el asesor del Kremlin, Yuri Ushakov. \u00abEste lunes \u00abpor la tarde, tuvo lugar una conversaci\u00f3n telef\u00f3nica entre los presidentes de [&hellip;]<\/p>\n","protected":false},"author":2,"featured_media":657351,"comment_status":"open","ping_status":"closed","sticky":false,"template":"","format":"standard","meta":{"footnotes":""},"categories":[23],"tags":[3557,5004],"class_list":["post-669064","post","type-post","status-publish","format-standard","has-post-thumbnail","hentry","category-internacional","tag-putin","tag-trump"],"_links":{"self":[{"href":"https:\/\/diariodominicano.com\/index.php?rest_route=\/wp\/v2\/posts\/669064","targetHints":{"allow":["GET"]}}],"collection":[{"href":"https:\/\/diariodominicano.com\/index.php?rest_route=\/wp\/v2\/posts"}],"about":[{"href":"https:\/\/diariodominicano.com\/index.php?rest_route=\/wp\/v2\/types\/post"}],"author":[{"embeddable":true,"href":"https:\/\/diariodominicano.com\/index.php?rest_route=\/wp\/v2\/users\/2"}],"replies":[{"embeddable":true,"href":"https:\/\/diariodominicano.com\/index.php?rest_route=%2Fwp%2Fv2%2Fcomments&post=669064"}],"version-history":[{"count":1,"href":"https:\/\/diariodominicano.com\/index.php?rest_route=\/wp\/v2\/posts\/669064\/revisions"}],"predecessor-version":[{"id":669065,"href":"https:\/\/diariodominicano.com\/index.php?rest_route=\/wp\/v2\/posts\/669064\/revisions\/669065"}],"wp:featuredmedia":[{"embeddable":true,"href":"https:\/\/diariodominicano.com\/index.php?rest_route=\/wp\/v2\/media\/657351"}],"wp:attachment":[{"href":"https:\/\/diariodominicano.com\/index.php?rest_route=%2Fwp%2Fv2%2Fmedia&parent=669064"}],"wp:term":[{"taxonomy":"category","embeddable":true,"href":"https:\/\/diariodominicano.com\/index.php?rest_route=%2Fwp%2Fv2%2Fcategories&post=669064"},{"taxonomy":"post_tag","embeddable":true,"href":"https:\/\/diariodominicano.com\/index.php?rest_route=%2Fwp%2Fv2%2Ftags&post=669064"}],"curies":[{"name":"wp","href":"https:\/\/api.w.org\/{rel}","templated":true}]}}