{"id":669062,"date":"2026-03-09T23:47:00","date_gmt":"2026-03-10T03:47:00","guid":{"rendered":"https:\/\/diariodominicano.com\/?p=669062"},"modified":"2026-03-09T23:47:03","modified_gmt":"2026-03-10T03:47:03","slug":"puerto-rico-avanza-a-los-cuartos-de-final-del-vi-clasico-mundial","status":"publish","type":"post","link":"https:\/\/diariodominicano.com\/?p=669062","title":{"rendered":"Puerto Rico avanza a los cuartos de final del VI Cl\u00e1sico Mundial"},"content":{"rendered":"\n<p>San Juan, 9 mar (Prensa Latina) Puerto Rico derrot\u00f3 hoy 4-1 a Cuba en el estadio Hiram Bithorn y conquist\u00f3 el primer boleto del grupo A a los cuartos de final del VI Cl\u00e1sico Mundial de B\u00e9isbol.<\/p>\n\n\n\n<ul class=\"wp-block-list\">\n<li><a href=\"https:\/\/www.prensa-latina.cu\/2026\/03\/09\/\"><time>marzo 9, 2026 | 23:23<\/time><\/a><\/li>\n<\/ul>\n\n\n\n<ul class=\"wp-block-list\">\n<li><a href=\"https:\/\/www.prensa-latina.cu\/2026\/03\/09\/puerto-rico-avanza-a-los-cuartos-de-final-del-vi-clasico-mundial\/#\"><\/a><\/li>\n\n\n\n<li><a href=\"https:\/\/www.prensa-latina.cu\/2026\/03\/09\/puerto-rico-avanza-a-los-cuartos-de-final-del-vi-clasico-mundial\/#\"><\/a><\/li>\n\n\n\n<li><a href=\"https:\/\/www.prensa-latina.cu\/2026\/03\/09\/puerto-rico-avanza-a-los-cuartos-de-final-del-vi-clasico-mundial\/#\"><\/a><\/li>\n\n\n\n<li><a href=\"https:\/\/www.prensa-latina.cu\/2026\/03\/09\/puerto-rico-avanza-a-los-cuartos-de-final-del-vi-clasico-mundial\/#\"><\/a><\/li>\n<\/ul>\n\n\n\n<p>&nbsp;&nbsp; Bajo el estruendo de un estadio convertido en volc\u00e1n de emociones, la escuadra dirigida por Yadier Molina sum\u00f3 su tercer \u00e9xito consecutivo, levant\u00f3 su bandera sobre el diamante y firm\u00f3 una victoria de car\u00e1cter frente a un contrario que tambi\u00e9n llegaba invicto a la cita.<\/p>\n\n\n\n<p>&nbsp;&nbsp; Poco pudo hacer el abridor cubano Julio Robaina ante los boricuas, y abandon\u00f3 el mont\u00edculo en el segundo episodio cuando sus rivales combinaron una base por bolas con tres imparables, uno de ellos doble del capit\u00e1n Mart\u00edn Maldonado que limpi\u00f3 las bases congestionadas y les dio a los suyos una ventaja suficiente.<\/p>\n\n\n\n<p>Un elevado de sacrificio de Carlos Cort\u00e9s produjo la cuarta para el llamado Team Rubio en el quinto episodio a la cuenta de Yosimar Cous\u00edn, quien sac\u00f3 ocho outs, la mitad de ellos por la v\u00eda de los strikes.<\/p>\n\n\n\n<p>Enmanuel Chapman, Armando Due\u00f1as y Pedro Santos no permitieron m\u00e1s anotaciones, pero la ofensiva cubana apenas pudo conectar un par de indiscutibles en todo el juego.<\/p>\n\n\n\n<p>&nbsp; El abridor de Puerto Rico, Elmer Rodr\u00edguez, regal\u00f3 tres boletos y permiti\u00f3 un doble de Yiddi Capp\u00e9 en tres entradas de trabajo, pero se las arregl\u00f3 para mantener las puertas del plato cerradas.<\/p>\n\n\n\n<p>&nbsp;&nbsp; Su sustituto Yovani Mor\u00e1n colg\u00f3 dos argollas en la pizarra y Yacksel R\u00edos acept\u00f3 un biangular de Alfredo Despaigne en el sexto acto que, mezclado con una pifia, provoc\u00f3 la \u00fanica carrera de Cuba en el desaf\u00edo.<\/p>\n\n\n\n<p>Fernando Cruz y Edwin D\u00edaz se ocuparon de poner el cerrojo al sacar los \u00faltimos seis outs del pleito en medio de la algarab\u00eda local y completar la decena de ponches que se tomaron sus adversarios.&nbsp;&nbsp;<\/p>\n\n\n\n<p>&nbsp;&nbsp; Lejos de cerrar caminos, la derrota abre ahora nuevos escenarios para la escuadra dirigida por Germ\u00e1n Mesa. Si los antillanos vencen el mi\u00e9rcoles a Canad\u00e1, asegurar\u00e1n su presencia en la siguiente fase sin depender de otros resultados.&nbsp;<\/p>\n\n\n\n<p>&nbsp;&nbsp; La historia de esta llave queda ahora suspendida en el aire caliente del Caribe, esperando el pr\u00f3ximo cap\u00edtulo de un torneo que no concede respiros y donde cada entrada puede cambiar el rumbo de los sue\u00f1os.<\/p>\n\n\n\n<p>npg\/blc<\/p>\n\n\n\n<ul class=\"wp-block-list\">\n<li>#<a href=\"https:\/\/www.prensa-latina.cu\/etiqueta\/cuba\/\">cuba<\/a>\u00a0#<a href=\"https:\/\/www.prensa-latina.cu\/etiqueta\/mundial\/\">Mundial<\/a><\/li>\n<\/ul>\n","protected":false},"excerpt":{"rendered":"<p>San Juan, 9 mar (Prensa Latina) Puerto Rico derrot\u00f3 hoy 4-1 a Cuba en el estadio Hiram Bithorn y conquist\u00f3 el primer boleto del grupo A a los cuartos de final del VI Cl\u00e1sico Mundial de B\u00e9isbol. &nbsp;&nbsp; Bajo el estruendo de un estadio convertido en volc\u00e1n de emociones, la escuadra dirigida por Yadier Molina [&hellip;]<\/p>\n","protected":false},"author":2,"featured_media":0,"comment_status":"closed","ping_status":"closed","sticky":false,"template":"","format":"standard","meta":{"footnotes":""},"categories":[17],"tags":[3599],"class_list":["post-669062","post","type-post","status-publish","format-standard","hentry","category-deportes","tag-puerto-rico"],"_links":{"self":[{"href":"https:\/\/diariodominicano.com\/index.php?rest_route=\/wp\/v2\/posts\/669062","targetHints":{"allow":["GET"]}}],"collection":[{"href":"https:\/\/diariodominicano.com\/index.php?rest_route=\/wp\/v2\/posts"}],"about":[{"href":"https:\/\/diariodominicano.com\/index.php?rest_route=\/wp\/v2\/types\/post"}],"author":[{"embeddable":true,"href":"https:\/\/diariodominicano.com\/index.php?rest_route=\/wp\/v2\/users\/2"}],"replies":[{"embeddable":true,"href":"https:\/\/diariodominicano.com\/index.php?rest_route=%2Fwp%2Fv2%2Fcomments&post=669062"}],"version-history":[{"count":1,"href":"https:\/\/diariodominicano.com\/index.php?rest_route=\/wp\/v2\/posts\/669062\/revisions"}],"predecessor-version":[{"id":669063,"href":"https:\/\/diariodominicano.com\/index.php?rest_route=\/wp\/v2\/posts\/669062\/revisions\/669063"}],"wp:attachment":[{"href":"https:\/\/diariodominicano.com\/index.php?rest_route=%2Fwp%2Fv2%2Fmedia&parent=669062"}],"wp:term":[{"taxonomy":"category","embeddable":true,"href":"https:\/\/diariodominicano.com\/index.php?rest_route=%2Fwp%2Fv2%2Fcategories&post=669062"},{"taxonomy":"post_tag","embeddable":true,"href":"https:\/\/diariodominicano.com\/index.php?rest_route=%2Fwp%2Fv2%2Ftags&post=669062"}],"curies":[{"name":"wp","href":"https:\/\/api.w.org\/{rel}","templated":true}]}}