{"id":669049,"date":"2026-03-09T23:19:39","date_gmt":"2026-03-10T03:19:39","guid":{"rendered":"https:\/\/diariodominicano.com\/?p=669049"},"modified":"2026-03-09T23:19:44","modified_gmt":"2026-03-10T03:19:44","slug":"llamada-del-secretario-rubio-con-el-primer-ministro-iraqui-mohammed-shiaa-al-sudani","status":"publish","type":"post","link":"https:\/\/diariodominicano.com\/?p=669049","title":{"rendered":"Llamada del secretario Rubio con el primer ministro iraqu\u00ed, Mohammed Shiaa al-Sudani"},"content":{"rendered":"\n<p>9 de marzo de 2026<\/p>\n\n\n\n<p>El Secretario Rubio convers\u00f3 hoy con el primer ministro iraqu\u00ed, Mohammed Shiaa al-Sudani, inform\u00f3 el lunes el portavoz adjunto principal Tommy Pigott:<\/p>\n\n\n\n<p>. El Secretario conden\u00f3 en\u00e9rgicamente los ataques terroristas perpetrados por Ir\u00e1n y las milicias terroristas afines a Ir\u00e1n en Irak, incluida la regi\u00f3n del Kurdist\u00e1n iraqu\u00ed. Reiter\u00f3 la importancia de que el gobierno iraqu\u00ed tome todas las medidas posibles para proteger al personal y las instalaciones diplom\u00e1ticas estadounidenses.<\/p>\n\n\n\n<p>U.S. Department of State<\/p>\n\n\n\n<p><a target=\"_blank\" href=\"mailto:usstatebpa@public.govdelivery.com\" rel=\"noreferrer noopener\">usstatebpa@public.govdelivery.com<\/a><\/p>\n","protected":false},"excerpt":{"rendered":"<p>9 de marzo de 2026 El Secretario Rubio convers\u00f3 hoy con el primer ministro iraqu\u00ed, Mohammed Shiaa al-Sudani, inform\u00f3 el lunes el portavoz adjunto principal Tommy Pigott: . El Secretario conden\u00f3 en\u00e9rgicamente los ataques terroristas perpetrados por Ir\u00e1n y las milicias terroristas afines a Ir\u00e1n en Irak, incluida la regi\u00f3n del Kurdist\u00e1n iraqu\u00ed. Reiter\u00f3 la [&hellip;]<\/p>\n","protected":false},"author":2,"featured_media":667989,"comment_status":"open","ping_status":"closed","sticky":false,"template":"","format":"standard","meta":{"footnotes":""},"categories":[23],"tags":[3227,5028],"class_list":["post-669049","post","type-post","status-publish","format-standard","has-post-thumbnail","hentry","category-internacional","tag-marco-rubio","tag-mohammed-shiaa-al-sudani"],"_links":{"self":[{"href":"https:\/\/diariodominicano.com\/index.php?rest_route=\/wp\/v2\/posts\/669049","targetHints":{"allow":["GET"]}}],"collection":[{"href":"https:\/\/diariodominicano.com\/index.php?rest_route=\/wp\/v2\/posts"}],"about":[{"href":"https:\/\/diariodominicano.com\/index.php?rest_route=\/wp\/v2\/types\/post"}],"author":[{"embeddable":true,"href":"https:\/\/diariodominicano.com\/index.php?rest_route=\/wp\/v2\/users\/2"}],"replies":[{"embeddable":true,"href":"https:\/\/diariodominicano.com\/index.php?rest_route=%2Fwp%2Fv2%2Fcomments&post=669049"}],"version-history":[{"count":1,"href":"https:\/\/diariodominicano.com\/index.php?rest_route=\/wp\/v2\/posts\/669049\/revisions"}],"predecessor-version":[{"id":669050,"href":"https:\/\/diariodominicano.com\/index.php?rest_route=\/wp\/v2\/posts\/669049\/revisions\/669050"}],"wp:featuredmedia":[{"embeddable":true,"href":"https:\/\/diariodominicano.com\/index.php?rest_route=\/wp\/v2\/media\/667989"}],"wp:attachment":[{"href":"https:\/\/diariodominicano.com\/index.php?rest_route=%2Fwp%2Fv2%2Fmedia&parent=669049"}],"wp:term":[{"taxonomy":"category","embeddable":true,"href":"https:\/\/diariodominicano.com\/index.php?rest_route=%2Fwp%2Fv2%2Fcategories&post=669049"},{"taxonomy":"post_tag","embeddable":true,"href":"https:\/\/diariodominicano.com\/index.php?rest_route=%2Fwp%2Fv2%2Ftags&post=669049"}],"curies":[{"name":"wp","href":"https:\/\/api.w.org\/{rel}","templated":true}]}}