{"id":669035,"date":"2026-03-09T21:51:01","date_gmt":"2026-03-10T01:51:01","guid":{"rendered":"https:\/\/diariodominicano.com\/?p=669035"},"modified":"2026-03-09T21:51:22","modified_gmt":"2026-03-10T01:51:22","slug":"policia-nacional-junto-al-mp-intensifica-busqueda-de-responsables-de-ataque-a-tiros-que-dejo-una-mujer-muerta-y-cinco-heridos-en-sdn","status":"publish","type":"post","link":"https:\/\/diariodominicano.com\/?p=669035","title":{"rendered":"Polic\u00eda Nacional junto al MP intensifica b\u00fasqueda de responsables de ataque a tiros que dej\u00f3 una mujer muerta y cinco heridos en SDN"},"content":{"rendered":"\n<p>La Polic\u00eda Nacional inform\u00f3 que, junto al Ministerio P\u00fablico, mantiene activas las labores de identificaci\u00f3n y captura de los responsables de un ataque a tiros registrado en las afueras de un centro de diversi\u00f3n, en el sector La Vieja Barquita, municipio Santo Domingo Norte, el cual dej\u00f3 como resultado una mujer muerta y cinco personas heridas.<\/p>\n\n\n\n<p>La v\u00edctima mortal fue identificada como Carmen F\u00e9liz Franco, de 28 a\u00f1os. Mientras que los heridos son Anderson de Jes\u00fas, de 30 a\u00f1os; Warner Javier Aracena Minyeti, de 27; Bryan Javier Agramonte, de 28; Amauris Javier de los Santos Flores, de 33, y la se\u00f1ora Laura Sur\u00fan Suriel, de 58.<\/p>\n\n\n\n<p>El vocero de la instituci\u00f3n, el coronel Diego Pesqueira, explic\u00f3 que el hecho ocurri\u00f3 cuando varias personas, a\u00fan en proceso de identificaci\u00f3n, que se desplazaban en un veh\u00edculo color azul, dispararon contra individuos que se encontraban tanto dentro como en el exterior del referido negocio, ubicado en la calle Ozama esquina Vadera.<\/p>\n\n\n\n<p>Pesqueira indic\u00f3 que miembros de la Direcci\u00f3n Central de Investigaci\u00f3n (DICRIM), en coordinaci\u00f3n con el Ministerio P\u00fablico, desarrollan las pesquisas correspondientes, incluyendo el levantamiento de evidencias y el an\u00e1lisis de c\u00e1maras de vigilancia en la zona, con el objetivo de identificar y apresar a los autores de este hecho violento.<\/p>\n","protected":false},"excerpt":{"rendered":"<p>La Polic\u00eda Nacional inform\u00f3 que, junto al Ministerio P\u00fablico, mantiene activas las labores de identificaci\u00f3n y captura de los responsables de un ataque a tiros registrado en las afueras de un centro de diversi\u00f3n, en el sector La Vieja Barquita, municipio Santo Domingo Norte, el cual dej\u00f3 como resultado una mujer muerta y cinco personas [&hellip;]<\/p>\n","protected":false},"author":7,"featured_media":668288,"comment_status":"closed","ping_status":"closed","sticky":false,"template":"","format":"standard","meta":{"footnotes":""},"categories":[22],"tags":[1070],"class_list":["post-669035","post","type-post","status-publish","format-standard","has-post-thumbnail","hentry","category-politica","tag-policia-nacional"],"_links":{"self":[{"href":"https:\/\/diariodominicano.com\/index.php?rest_route=\/wp\/v2\/posts\/669035","targetHints":{"allow":["GET"]}}],"collection":[{"href":"https:\/\/diariodominicano.com\/index.php?rest_route=\/wp\/v2\/posts"}],"about":[{"href":"https:\/\/diariodominicano.com\/index.php?rest_route=\/wp\/v2\/types\/post"}],"author":[{"embeddable":true,"href":"https:\/\/diariodominicano.com\/index.php?rest_route=\/wp\/v2\/users\/7"}],"replies":[{"embeddable":true,"href":"https:\/\/diariodominicano.com\/index.php?rest_route=%2Fwp%2Fv2%2Fcomments&post=669035"}],"version-history":[{"count":2,"href":"https:\/\/diariodominicano.com\/index.php?rest_route=\/wp\/v2\/posts\/669035\/revisions"}],"predecessor-version":[{"id":669037,"href":"https:\/\/diariodominicano.com\/index.php?rest_route=\/wp\/v2\/posts\/669035\/revisions\/669037"}],"wp:featuredmedia":[{"embeddable":true,"href":"https:\/\/diariodominicano.com\/index.php?rest_route=\/wp\/v2\/media\/668288"}],"wp:attachment":[{"href":"https:\/\/diariodominicano.com\/index.php?rest_route=%2Fwp%2Fv2%2Fmedia&parent=669035"}],"wp:term":[{"taxonomy":"category","embeddable":true,"href":"https:\/\/diariodominicano.com\/index.php?rest_route=%2Fwp%2Fv2%2Fcategories&post=669035"},{"taxonomy":"post_tag","embeddable":true,"href":"https:\/\/diariodominicano.com\/index.php?rest_route=%2Fwp%2Fv2%2Ftags&post=669035"}],"curies":[{"name":"wp","href":"https:\/\/api.w.org\/{rel}","templated":true}]}}