{"id":669022,"date":"2026-03-09T20:01:19","date_gmt":"2026-03-10T00:01:19","guid":{"rendered":"https:\/\/diariodominicano.com\/?p=669022"},"modified":"2026-03-09T20:01:27","modified_gmt":"2026-03-10T00:01:27","slug":"dasac-devuelve-tranquilidad-a-familias-afectadas-por-inundaciones-y-honra-legado-de-francisco-del-rosario-sanchez","status":"publish","type":"post","link":"https:\/\/diariodominicano.com\/?p=669022","title":{"rendered":"DASAC devuelve tranquilidad a familias afectadas por inundaciones y honra legado de Francisco del Rosario S\u00e1nchez\u00a0"},"content":{"rendered":"\n<p><em>Edgar Augusto F\u00e9liz Arbona, resalta ideales de Padres de la Patria, contin\u00faan inspirando el compromiso del Estado con la construcci\u00f3n de una naci\u00f3n m\u00e1s justa y solidaria.<\/em><\/p>\n\n\n\n<p><strong>SANTO DOMINGO. &#8211;<\/strong> La r\u00e1pida y oportuna respuesta del Gobierno, a trav\u00e9s de la Direcci\u00f3n de Asistencia Social y Alimentaci\u00f3n Comunitaria (DASAC), ha logrado retornar la tranquilidad a cientos de familias que resultaron afectadas por las inundaciones que provocaron da\u00f1os en los hogares de varias provincias del pa\u00eds.<\/p>\n\n\n\n<p>As\u00ed lo afirm\u00f3 Edgar Augusto F\u00e9liz Arbona, director general de esta instituci\u00f3n, quien explic\u00f3 que brigadas de la entidad se mantienen desplegadas en las comunidades impactadas, llevando asistencia directa a las familias m\u00e1s vulnerables.<\/p>\n\n\n\n<figure class=\"wp-block-image size-large\"><img loading=\"lazy\" decoding=\"async\" width=\"1024\" height=\"746\" src=\"https:\/\/diariodominicano.com\/wp-content\/uploads\/2026\/03\/DASAC-devuelve-tranquilidad-a-familias-afectadas-por-inundaciones-y-honra-legado-de-Francisco-del-Rosario-Sanchez-1024x746.jpeg\" alt=\"\" class=\"wp-image-669023\" srcset=\"https:\/\/diariodominicano.com\/wp-content\/uploads\/2026\/03\/DASAC-devuelve-tranquilidad-a-familias-afectadas-por-inundaciones-y-honra-legado-de-Francisco-del-Rosario-Sanchez-1024x746.jpeg 1024w, https:\/\/diariodominicano.com\/wp-content\/uploads\/2026\/03\/DASAC-devuelve-tranquilidad-a-familias-afectadas-por-inundaciones-y-honra-legado-de-Francisco-del-Rosario-Sanchez-300x218.jpeg 300w, https:\/\/diariodominicano.com\/wp-content\/uploads\/2026\/03\/DASAC-devuelve-tranquilidad-a-familias-afectadas-por-inundaciones-y-honra-legado-de-Francisco-del-Rosario-Sanchez-768x559.jpeg 768w, https:\/\/diariodominicano.com\/wp-content\/uploads\/2026\/03\/DASAC-devuelve-tranquilidad-a-familias-afectadas-por-inundaciones-y-honra-legado-de-Francisco-del-Rosario-Sanchez-816x594.jpeg 816w, https:\/\/diariodominicano.com\/wp-content\/uploads\/2026\/03\/DASAC-devuelve-tranquilidad-a-familias-afectadas-por-inundaciones-y-honra-legado-de-Francisco-del-Rosario-Sanchez.jpeg 1280w\" sizes=\"auto, (max-width: 1024px) 100vw, 1024px\" \/><\/figure>\n\n\n\n<p>\u201cTenemos comisiones permanentes trabajando hogar por hogar, entregando los enseres del hogar casa por casa y realizando arreglos de techos en zonas como Sabaneta, El Factor y Veragua. Adem\u00e1s, desde el primer d\u00eda garantizamos la alimentaci\u00f3n con alimentos cocidos y raciones crudas\u201d<\/p>\n\n\n\n<p>F\u00e9liz Arbona, ofreci\u00f3 estas declaraciones en el marco de una actividad conmemorativa por el 209 aniversario del natalicio del patricio Francisco del Rosario S\u00e1nchez, a quien deposit\u00f3 una ofrenda floral en el Altar de la Patria, junto a subdirectores, funcionarios y colaboradores.<\/p>\n\n\n\n<p>Durante el acto, resalt\u00f3 el papel hist\u00f3rico de S\u00e1nchez en la lucha por la independencia nacional, siguiendo los ideales de Juan Pablo Duarte, destacando que su legado contin\u00faa inspirando el compromiso del Estado con la construcci\u00f3n de una naci\u00f3n m\u00e1s justa y solidaria.<\/p>\n\n\n\n<p>Sostuvo que el gobierno que encabeza el presidente Luis Abinader trabaja para fortalecer las pol\u00edticas de asistencia social, garantizando alimentaci\u00f3n, salud, vivienda y bienestar a las familias dominicanas, especialmente a las m\u00e1s vulnerables.<\/p>\n\n\n\n<p>\u201cEl mejor homenaje que podemos rendir a nuestros Padres de la Patria es trabajar cada d\u00eda por mejorar la calidad de vida de nuestra gente, llevando soluciones reales a quienes m\u00e1s lo necesitan\u201d, expres\u00f3.<\/p>\n\n\n\n<p><strong><em>Departamento de Comunicaci\u00f3n<\/em><\/strong><\/p>\n\n\n\n<p><strong><em>Carmen Curiel <\/em><\/strong><a href=\"mailto:carmencuriel6@gmail.com\"><strong><em>carmencuriel6@gmail.com<\/em><\/strong><\/a><strong><em>&nbsp;<\/em><\/strong><\/p>\n","protected":false},"excerpt":{"rendered":"<p>Edgar Augusto F\u00e9liz Arbona, resalta ideales de Padres de la Patria, contin\u00faan inspirando el compromiso del Estado con la construcci\u00f3n de una naci\u00f3n m\u00e1s justa y solidaria. SANTO DOMINGO. &#8211; La r\u00e1pida y oportuna respuesta del Gobierno, a trav\u00e9s de la Direcci\u00f3n de Asistencia Social y Alimentaci\u00f3n Comunitaria (DASAC), ha logrado retornar la tranquilidad a [&hellip;]<\/p>\n","protected":false},"author":7,"featured_media":669024,"comment_status":"closed","ping_status":"closed","sticky":false,"template":"","format":"standard","meta":{"footnotes":""},"categories":[36],"tags":[3857,5024],"class_list":["post-669022","post","type-post","status-publish","format-standard","has-post-thumbnail","hentry","category-hombresmujeresycosas","tag-dasac","tag-francisco-del-rosario-sanchez"],"_links":{"self":[{"href":"https:\/\/diariodominicano.com\/index.php?rest_route=\/wp\/v2\/posts\/669022","targetHints":{"allow":["GET"]}}],"collection":[{"href":"https:\/\/diariodominicano.com\/index.php?rest_route=\/wp\/v2\/posts"}],"about":[{"href":"https:\/\/diariodominicano.com\/index.php?rest_route=\/wp\/v2\/types\/post"}],"author":[{"embeddable":true,"href":"https:\/\/diariodominicano.com\/index.php?rest_route=\/wp\/v2\/users\/7"}],"replies":[{"embeddable":true,"href":"https:\/\/diariodominicano.com\/index.php?rest_route=%2Fwp%2Fv2%2Fcomments&post=669022"}],"version-history":[{"count":1,"href":"https:\/\/diariodominicano.com\/index.php?rest_route=\/wp\/v2\/posts\/669022\/revisions"}],"predecessor-version":[{"id":669026,"href":"https:\/\/diariodominicano.com\/index.php?rest_route=\/wp\/v2\/posts\/669022\/revisions\/669026"}],"wp:featuredmedia":[{"embeddable":true,"href":"https:\/\/diariodominicano.com\/index.php?rest_route=\/wp\/v2\/media\/669024"}],"wp:attachment":[{"href":"https:\/\/diariodominicano.com\/index.php?rest_route=%2Fwp%2Fv2%2Fmedia&parent=669022"}],"wp:term":[{"taxonomy":"category","embeddable":true,"href":"https:\/\/diariodominicano.com\/index.php?rest_route=%2Fwp%2Fv2%2Fcategories&post=669022"},{"taxonomy":"post_tag","embeddable":true,"href":"https:\/\/diariodominicano.com\/index.php?rest_route=%2Fwp%2Fv2%2Ftags&post=669022"}],"curies":[{"name":"wp","href":"https:\/\/api.w.org\/{rel}","templated":true}]}}