{"id":669018,"date":"2026-03-09T20:05:20","date_gmt":"2026-03-10T00:05:20","guid":{"rendered":"https:\/\/diariodominicano.com\/?p=669018"},"modified":"2026-03-09T20:07:46","modified_gmt":"2026-03-10T00:07:46","slug":"luis-el-gallo-y-la-udc-conmemoran-el-209-aniversario-del-natalicio-de-francisco-del-rosario-sanchez","status":"publish","type":"post","link":"https:\/\/diariodominicano.com\/?p=669018","title":{"rendered":"Luis \u201cEl Gallo\u201d y la \u2013UDC\u2013 conmemoran el 209 aniversario del natalicio de Francisco del Rosario S\u00e1nchez"},"content":{"rendered":"\n<p><strong>SANTO DOMINGO, RD. \u2013 El presidente del Partido Uni\u00f3n Dem\u00f3crata Cristiana \u2013UDC\u2013, Luis Acosta Moreta, Luis \u00abEl Gallo\u00bb, junto a dirigentes de esa organizaci\u00f3n pol\u00edtica y del Movimiento Revoluci\u00f3n Duartiana, conmemor\u00f3 este 9 de marzo el 209 aniversario del natalicio del Padre de la Patria Francisco del Rosario S\u00e1nchez, con el dep\u00f3sito de una ofrenda floral en la casa donde naci\u00f3 el patricio, ubicada en la calle 19 de Marzo No. 109 de la Ciudad Colonial.<\/strong><\/p>\n\n\n\n<p><strong>Durante el solemne acto patri\u00f3tico, Luis \u201cEl Gallo\u201d resalt\u00f3 el valor hist\u00f3rico, el sacrificio y la firme determinaci\u00f3n de S\u00e1nchez en la lucha por la libertad y la soberan\u00eda nacional, destac\u00e1ndolo como uno de los principales arquitectos de la independencia de la Rep\u00fablica Dominicana. <\/strong><strong>\ud83c\udde9\ud83c\uddf4<\/strong><\/p>\n\n\n\n<p><strong>\u201cEl ejemplo de Francisco del Rosario S\u00e1nchez sigue vivo en el coraz\u00f3n del pueblo dominicano. Su valent\u00eda, su entrega y su amor por la patria constituyen una gu\u00eda permanente para las presentes y futuras generaciones\u201d, expres\u00f3.<\/strong><\/p>\n\n\n\n<p><strong>En su intervenci\u00f3n, el dirigente pol\u00edtico cit\u00f3 al fil\u00f3sofo romano Marco Tulio Cicer\u00f3n al se\u00f1alar que \u201ctodos los seres humanos cuando mueren alcanzan la inmortalidad, pero los justos, los h\u00e9roes y los m\u00e1rtires se convierten en seres divinos\u201d. En ese sentido, afirm\u00f3 que Francisco del Rosario S\u00e1nchez, Padre de la Patria y fundador de la Rep\u00fablica Dominicana, encarna el esp\u00edritu de sacrificio y dignidad que dio origen a la naci\u00f3n dominicana.<\/strong><\/p>\n\n\n\n<p><strong>Luis \u201cEl Gallo\u201d tambi\u00e9n propuso la necesidad de reordenar y fortalecer el calendario de las festividades patrias, se\u00f1alando que estas deben iniciar con la conmemoraci\u00f3n de la Independencia Ef\u00edmera proclamada por Jos\u00e9 N\u00fa\u00f1ez de C\u00e1ceres, continuar con las tradicionales celebraciones de San Andr\u00e9s, el natalicio de Juan Pablo Duarte, el natalicio de Ram\u00f3n Mat\u00edas Mella, el D\u00eda de la Bandera Nacional y de las gloriosas Fuerzas Armadas, as\u00ed como la hist\u00f3rica proclamaci\u00f3n de la independencia nacional el 27 de febrero de 1844.<\/strong><\/p>\n\n\n\n<p><strong>Asimismo, record\u00f3 el sacrificio de la hero\u00edna nacional Mar\u00eda Trinidad S\u00e1nchez, quien ofrend\u00f3 su vida en defensa de los ideales de libertad y soberan\u00eda del pueblo dominicano.<\/strong><\/p>\n\n\n\n<p><strong>Este 9 de marzo se conmemoran 209 a\u00f1os del nacimiento de Francisco del Rosario S\u00e1nchez, uno de los tres Padres de la Patria. Tras el exilio de Duarte en 1843, S\u00e1nchez asumi\u00f3 la direcci\u00f3n del movimiento independentista y desempe\u00f1\u00f3 un papel determinante en la organizaci\u00f3n y proclamaci\u00f3n de la independencia nacional el 27 de febrero de 1844.<\/strong><\/p>\n\n\n\n<p><strong>Posteriormente, fiel a sus ideales patri\u00f3ticos, S\u00e1nchez continu\u00f3 defendiendo la soberan\u00eda nacional y muri\u00f3 fusilado el 4 de julio de 1861 en el municipio de El Cercado, provincia San Juan, a la edad de 44 a\u00f1os, dejando un legado imborrable de patriotismo, dignidad y amor por la patria.<\/strong><\/p>\n\n\n\n<p><strong>Con esta actividad, Luis \u201cEl Gallo\u201d, el Partido Uni\u00f3n Dem\u00f3crata Cristiana \u2013UDC\u2013 y el Movimiento Revoluci\u00f3n Duartiana concluyen una serie de actividades patri\u00f3ticas realizadas durante el Mes de la Patria, reafirmando su compromiso con la defensa de la memoria hist\u00f3rica, los valores nacionales y el legado de los Padres de la Patria. <\/strong><strong>\ud83c\udde9\ud83c\uddf4<\/strong><\/p>\n\n\n\n<p>La Peque <a href=\"mailto:priky72@gkmail.com\">priky72@gkmail.com<\/a><\/p>\n","protected":false},"excerpt":{"rendered":"<p>SANTO DOMINGO, RD. \u2013 El presidente del Partido Uni\u00f3n Dem\u00f3crata Cristiana \u2013UDC\u2013, Luis Acosta Moreta, Luis \u00abEl Gallo\u00bb, junto a dirigentes de esa organizaci\u00f3n pol\u00edtica y del Movimiento Revoluci\u00f3n Duartiana, conmemor\u00f3 este 9 de marzo el 209 aniversario del natalicio del Padre de la Patria Francisco del Rosario S\u00e1nchez, con el dep\u00f3sito de una ofrenda [&hellip;]<\/p>\n","protected":false},"author":7,"featured_media":565593,"comment_status":"closed","ping_status":"closed","sticky":false,"template":"","format":"standard","meta":{"footnotes":""},"categories":[19],"tags":[114],"class_list":["post-669018","post","type-post","status-publish","format-standard","has-post-thumbnail","hentry","category-mi-voz","tag-luis-el-gallo"],"_links":{"self":[{"href":"https:\/\/diariodominicano.com\/index.php?rest_route=\/wp\/v2\/posts\/669018","targetHints":{"allow":["GET"]}}],"collection":[{"href":"https:\/\/diariodominicano.com\/index.php?rest_route=\/wp\/v2\/posts"}],"about":[{"href":"https:\/\/diariodominicano.com\/index.php?rest_route=\/wp\/v2\/types\/post"}],"author":[{"embeddable":true,"href":"https:\/\/diariodominicano.com\/index.php?rest_route=\/wp\/v2\/users\/7"}],"replies":[{"embeddable":true,"href":"https:\/\/diariodominicano.com\/index.php?rest_route=%2Fwp%2Fv2%2Fcomments&post=669018"}],"version-history":[{"count":1,"href":"https:\/\/diariodominicano.com\/index.php?rest_route=\/wp\/v2\/posts\/669018\/revisions"}],"predecessor-version":[{"id":669027,"href":"https:\/\/diariodominicano.com\/index.php?rest_route=\/wp\/v2\/posts\/669018\/revisions\/669027"}],"wp:featuredmedia":[{"embeddable":true,"href":"https:\/\/diariodominicano.com\/index.php?rest_route=\/wp\/v2\/media\/565593"}],"wp:attachment":[{"href":"https:\/\/diariodominicano.com\/index.php?rest_route=%2Fwp%2Fv2%2Fmedia&parent=669018"}],"wp:term":[{"taxonomy":"category","embeddable":true,"href":"https:\/\/diariodominicano.com\/index.php?rest_route=%2Fwp%2Fv2%2Fcategories&post=669018"},{"taxonomy":"post_tag","embeddable":true,"href":"https:\/\/diariodominicano.com\/index.php?rest_route=%2Fwp%2Fv2%2Ftags&post=669018"}],"curies":[{"name":"wp","href":"https:\/\/api.w.org\/{rel}","templated":true}]}}