{"id":668976,"date":"2026-03-09T12:55:12","date_gmt":"2026-03-09T16:55:12","guid":{"rendered":"https:\/\/diariodominicano.com\/?p=668976"},"modified":"2026-03-10T02:49:37","modified_gmt":"2026-03-10T06:49:37","slug":"el-ministerio-publico-arresta-mujer-imputada-de-maltratar-a-una-nina-en-centro-de-cuidado-infantil-de-sde","status":"publish","type":"post","link":"https:\/\/diariodominicano.com\/?p=668976","title":{"rendered":"El Ministerio P\u00fablico arresta mujer imputada de maltratar a una ni\u00f1a en centro de cuidado infantil de SDE"},"content":{"rendered":"\n<p><em><u>Las autoridades informaron que ser\u00e1 sometida a la justicia y solicitar\u00e1n medidas de coerci\u00f3n en las pr\u00f3ximas horas<\/u><\/em><\/p>\n\n\n\n<p><strong>SANTO DOMINGO (Rep\u00fablica Dominicana).-<\/strong>&nbsp;El Ministerio P\u00fablico ejecut\u00f3 la noche del domingo una orden de arresto en contra de una joven imputada de maltratar a una ni\u00f1a de dos a\u00f1os de edad en un centro de cuidado infantil donde laboraba, localizado en el municipio Santo Domingo Este, provincia Santo Domingo.<\/p>\n\n\n\n<p>Yamelsy Matos Beltr\u00e9, de 25 a\u00f1os de edad, empleada del centro, fue arrestada con orden judicial al entregarse ante las autoridades del Ministerio P\u00fablico en la Unidad de Atenci\u00f3n Integral a V\u00edctimas de Violencia de G\u00e9nero, Intrafamiliar y Delitos Sexuales de Santo Domingo Este.<\/p>\n\n\n\n<p>Las investigaciones en su contra iniciaron tras la amplia difusi\u00f3n de un v\u00eddeo la pasada semana en las redes sociales, que capta el momento en que maltrata a la ni\u00f1a en el centro de atenci\u00f3n infantil.<\/p>\n\n\n\n<p>El Ministerio P\u00fablico junto a la Polic\u00eda Nacional, previo al arresto, desarroll\u00f3 un operativo de b\u00fasqueda en diferentes sectores del municipio.<\/p>\n\n\n\n<p>A trav\u00e9s de comunicado de prensa, el Ministerio P\u00fablico inform\u00f3 que ampl\u00eda las investigaciones del caso para proceder con el sometimiento a la justicia de la imputada y solicitar la imposici\u00f3n de medidas de coerci\u00f3n ante la Oficina Judicial de Servicios de Atenci\u00f3n Permanente de Santo Domingo Este en el plazo constitucional de las 48 horas.<\/p>\n\n\n\n<p><strong>Direcci\u00f3n General de Comunicaci\u00f3n, Prensa y RRPP<\/strong><\/p>\n\n\n\n<p><strong>Ministerio P\u00fablico RD<\/strong><\/p>\n\n\n\n<p><strong>Lunes, 9 de marzo de 2026.<\/strong><\/p>\n\n\n\n<p>&#8230;<\/p>\n","protected":false},"excerpt":{"rendered":"<p>Las autoridades informaron que ser\u00e1 sometida a la justicia y solicitar\u00e1n medidas de coerci\u00f3n en las pr\u00f3ximas horas SANTO DOMINGO (Rep\u00fablica Dominicana).-&nbsp;El Ministerio P\u00fablico ejecut\u00f3 la noche del domingo una orden de arresto en contra de una joven imputada de maltratar a una ni\u00f1a de dos a\u00f1os de edad en un centro de cuidado infantil [&hellip;]<\/p>\n","protected":false},"author":2,"featured_media":463321,"comment_status":"open","ping_status":"closed","sticky":false,"template":"","format":"standard","meta":{"footnotes":""},"categories":[24,29,27],"tags":[171,4058],"class_list":["post-668976","post","type-post","status-publish","format-standard","has-post-thumbnail","hentry","category-justicia-y-derecho","category-policiasucesos","category-portada","tag-ministerio-publico","tag-sde"],"_links":{"self":[{"href":"https:\/\/diariodominicano.com\/index.php?rest_route=\/wp\/v2\/posts\/668976","targetHints":{"allow":["GET"]}}],"collection":[{"href":"https:\/\/diariodominicano.com\/index.php?rest_route=\/wp\/v2\/posts"}],"about":[{"href":"https:\/\/diariodominicano.com\/index.php?rest_route=\/wp\/v2\/types\/post"}],"author":[{"embeddable":true,"href":"https:\/\/diariodominicano.com\/index.php?rest_route=\/wp\/v2\/users\/2"}],"replies":[{"embeddable":true,"href":"https:\/\/diariodominicano.com\/index.php?rest_route=%2Fwp%2Fv2%2Fcomments&post=668976"}],"version-history":[{"count":1,"href":"https:\/\/diariodominicano.com\/index.php?rest_route=\/wp\/v2\/posts\/668976\/revisions"}],"predecessor-version":[{"id":668977,"href":"https:\/\/diariodominicano.com\/index.php?rest_route=\/wp\/v2\/posts\/668976\/revisions\/668977"}],"wp:featuredmedia":[{"embeddable":true,"href":"https:\/\/diariodominicano.com\/index.php?rest_route=\/wp\/v2\/media\/463321"}],"wp:attachment":[{"href":"https:\/\/diariodominicano.com\/index.php?rest_route=%2Fwp%2Fv2%2Fmedia&parent=668976"}],"wp:term":[{"taxonomy":"category","embeddable":true,"href":"https:\/\/diariodominicano.com\/index.php?rest_route=%2Fwp%2Fv2%2Fcategories&post=668976"},{"taxonomy":"post_tag","embeddable":true,"href":"https:\/\/diariodominicano.com\/index.php?rest_route=%2Fwp%2Fv2%2Ftags&post=668976"}],"curies":[{"name":"wp","href":"https:\/\/api.w.org\/{rel}","templated":true}]}}