{"id":668946,"date":"2026-03-09T09:03:13","date_gmt":"2026-03-09T13:03:13","guid":{"rendered":"https:\/\/diariodominicano.com\/?p=668946"},"modified":"2026-03-10T02:47:10","modified_gmt":"2026-03-10T06:47:10","slug":"enviados-de-trump-cancelan-visita-planeada-a-israel-segun-television-estatal","status":"publish","type":"post","link":"https:\/\/diariodominicano.com\/?p=668946","title":{"rendered":"Enviados de Trump cancelan visita planeada a Israel, seg\u00fan televisi\u00f3n estatal"},"content":{"rendered":"\n<p><em>spanish.news.cn<\/em>|<em>&nbsp;2026-03-09 18:56:45<\/em>|<\/p>\n\n\n\n<p>JERUSAL\u00c9N, 9 mar (Xinhua) &#8212; Steve Witkoff y Jared Kushner, ambos enviados del presidente estadounidense, Donald Trump, han cancelado su visita planeada a Israel, seg\u00fan inform\u00f3 hoy lunes el canal de televisi\u00f3n estatal israel\u00ed Kan.<\/p>\n\n\n\n<p>Trascendi\u00f3 que originalmente, Witkoff y Kushner planeaban llevar a cabo una visita el martes para reunirse con el primer ministro israel\u00ed, Benjamin Netanyahu, en un contexto de los ataques en curso de Estados Unidos e Israel contra Ir\u00e1n, que han provocado un conflicto regional.&nbsp;<\/p>\n\n\n\n<p><a href=\"https:\/\/www.facebook.com\/sharer\/sharer.php?u=https:\/\/spanish.xinhuanet.com\/20260309\/8ccd7bc1c02d41d2b985140ab79f4e52\/c.html\" target=\"_blank\" rel=\"noreferrer noopener\"><\/a>&nbsp;<a href=\"https:\/\/twitter.com\/intent\/tweet?text=Enviados%20de%20Trump%20cancelan%20visita%20planeada%20a%20Israel,%20seg%C3%BAn%20televisi%C3%B3n%20estatal&amp;url=https:\/\/spanish.xinhuanet.com\/20260309\/8ccd7bc1c02d41d2b985140ab79f4e52\/c.html\" target=\"_blank\" rel=\"noreferrer noopener\"><\/a>&nbsp;<a target=\"_blank\" href=\"https:\/\/service.weibo.com\/share\/share.php?title=Enviados%20de%20Trump%20cancelan%20visita%20planeada%20a%20Israel,%20seg%C3%BAn%20televisi%C3%B3n%20estatal&amp;url=https:\/\/spanish.xinhuanet.com\/20260309\/8ccd7bc1c02d41d2b985140ab79f4e52\/c.html\" rel=\"noreferrer noopener\"><\/a>&nbsp;<a><\/a><\/p>\n\n\n\n<figure class=\"wp-block-image\"><img decoding=\"async\" src=\"https:\/\/imgs.news.cn\/res\/xhwimg\/spanish\/20170522\/img\/jc-xfa.png\" alt=\"\"\/><\/figure>\n","protected":false},"excerpt":{"rendered":"<p>spanish.news.cn|&nbsp;2026-03-09 18:56:45| JERUSAL\u00c9N, 9 mar (Xinhua) &#8212; Steve Witkoff y Jared Kushner, ambos enviados del presidente estadounidense, Donald Trump, han cancelado su visita planeada a Israel, seg\u00fan inform\u00f3 hoy lunes el canal de televisi\u00f3n estatal israel\u00ed Kan. Trascendi\u00f3 que originalmente, Witkoff y Kushner planeaban llevar a cabo una visita el martes para reunirse con el [&hellip;]<\/p>\n","protected":false},"author":2,"featured_media":669148,"comment_status":"open","ping_status":"closed","sticky":false,"template":"","format":"standard","meta":{"footnotes":""},"categories":[23],"tags":[5000,2909],"class_list":["post-668946","post","type-post","status-publish","format-standard","has-post-thumbnail","hentry","category-internacional","tag-cumbre-trump","tag-israel"],"_links":{"self":[{"href":"https:\/\/diariodominicano.com\/index.php?rest_route=\/wp\/v2\/posts\/668946","targetHints":{"allow":["GET"]}}],"collection":[{"href":"https:\/\/diariodominicano.com\/index.php?rest_route=\/wp\/v2\/posts"}],"about":[{"href":"https:\/\/diariodominicano.com\/index.php?rest_route=\/wp\/v2\/types\/post"}],"author":[{"embeddable":true,"href":"https:\/\/diariodominicano.com\/index.php?rest_route=\/wp\/v2\/users\/2"}],"replies":[{"embeddable":true,"href":"https:\/\/diariodominicano.com\/index.php?rest_route=%2Fwp%2Fv2%2Fcomments&post=668946"}],"version-history":[{"count":1,"href":"https:\/\/diariodominicano.com\/index.php?rest_route=\/wp\/v2\/posts\/668946\/revisions"}],"predecessor-version":[{"id":668947,"href":"https:\/\/diariodominicano.com\/index.php?rest_route=\/wp\/v2\/posts\/668946\/revisions\/668947"}],"wp:featuredmedia":[{"embeddable":true,"href":"https:\/\/diariodominicano.com\/index.php?rest_route=\/wp\/v2\/media\/669148"}],"wp:attachment":[{"href":"https:\/\/diariodominicano.com\/index.php?rest_route=%2Fwp%2Fv2%2Fmedia&parent=668946"}],"wp:term":[{"taxonomy":"category","embeddable":true,"href":"https:\/\/diariodominicano.com\/index.php?rest_route=%2Fwp%2Fv2%2Fcategories&post=668946"},{"taxonomy":"post_tag","embeddable":true,"href":"https:\/\/diariodominicano.com\/index.php?rest_route=%2Fwp%2Fv2%2Ftags&post=668946"}],"curies":[{"name":"wp","href":"https:\/\/api.w.org\/{rel}","templated":true}]}}