{"id":668909,"date":"2026-03-09T00:44:33","date_gmt":"2026-03-09T04:44:33","guid":{"rendered":"https:\/\/diariodominicano.com\/?p=668909"},"modified":"2026-03-09T02:46:33","modified_gmt":"2026-03-09T06:46:33","slug":"presidente-abinader-reconoce-a-22-dominicanas-con-la-medalla-al-merito-de-la-mujer-por-su-liderazgo-trayectoria-y-aportes-al-desarrollo-de-rd","status":"publish","type":"post","link":"https:\/\/diariodominicano.com\/?p=668909","title":{"rendered":"Presidente Abinader reconoce a 22 dominicanas con la Medalla al M\u00e9rito de la Mujer por su liderazgo, trayectoria y aportes al desarrollo de RD"},"content":{"rendered":"\n<h3 class=\"wp-block-heading\">El\u00a0<strong>Gran Reconocimiento de la Medalla al M\u00e9rito de la Mujer Dominicana<\/strong>, fue otorgado de manera p\u00f3stuma a\u00a0<strong>Mar\u00eda Argentina Minerva Mirabal<\/strong>\u00a0y fue recibido por su hija,\u00a0<strong>Minou Tav\u00e1rez Mirabal<\/strong>.<\/h3>\n\n\n\n<p>8 de Marzo 2026 <\/p>\n\n\n\n<p>Santo Domingo, RD.\u2013 Con ocasi\u00f3n  de conmemorarse el domingo 8 de marzo el\u00a0<strong>D\u00eda Internacional de la Mujer<\/strong>,\u00a0<strong>el presidente Luis Abinader\u00a0<\/strong>entreg\u00f3 la\u00a0<strong>Medalla al M\u00e9rito de la Mujer Dominicana<\/strong>\u00a0a 22 mujeres en su\u00a0<strong>41.\u00aa<\/strong>\u00a0edici\u00f3n, la m\u00e1s alta distinci\u00f3n que otorga el Estado para reconocer a dominicanas destacadas por su liderazgo,\u00a0<strong>trayectoria y aportes<\/strong>\u00a0en diversos \u00e1mbitos de la vida nacional, resaltando su contribuci\u00f3n al desarrollo\u00a0<strong>social, econ\u00f3mico, cultural y comunitario<\/strong>\u00a0del pa\u00eds.<\/p>\n\n\n\n<p>Durante la ceremonia, celebrada en la Sala Carlos Piantini del Teatro Nacional, el mandatario, acompa\u00f1ado de la&nbsp;<strong>primera dama Raquel Arbaje<\/strong>&nbsp;y otros funcionarios, entreg\u00f3 reconocimientos a&nbsp;<strong>mujeres destacadas<\/strong>&nbsp;de distintos \u00e1mbitos de la vida nacional.<\/p>\n\n\n\n<p>El&nbsp;<strong>Gran Reconocimiento de la Medalla al M\u00e9rito de la Mujer Dominicana<\/strong>, fue otorgado de manera p\u00f3stuma a&nbsp;<strong>Mar\u00eda Argentina Minerva Mirabal<\/strong>&nbsp;y fue recibido por su hija,&nbsp;<strong>Minou Tav\u00e1rez Mirabal<\/strong>. La actividad tambi\u00e9n record\u00f3 el centenario del nacimiento de Minerva Mirabal,&nbsp;<strong>s\u00edmbolo de la resistencia<\/strong>&nbsp;a la dictadura de Rafael Le\u00f3nidas Trujillo y referente en la lucha por&nbsp;<strong>la libertad y la democracia.<\/strong><\/p>\n\n\n\n<p>Tambi\u00e9n fueron entregados&nbsp;<strong>cinco reconocimientos especiales<\/strong>, incluido uno p\u00f3stumo, a mujeres destacadas por sus aportes a la promoci\u00f3n de los&nbsp;<strong>derechos femeninos<\/strong><\/p>\n\n\n\n<figure class=\"wp-block-image\"><img decoding=\"async\" src=\"https:\/\/www.presidencia.gob.do\/sites\/default\/files\/inline-images\/65616e56-fe5e-48f3-bfb0-82354b1dbaf8.jpeg\" alt=\"\"\/><\/figure>\n\n\n\n<p><strong>Avances de las mujeres en cargos p\u00fablicos<\/strong><\/p>\n\n\n\n<p>En el acto, la ministra de la Mujer,&nbsp;<strong>Gloria Reyes<\/strong>, destac\u00f3 los avances alcanzados en materia de participaci\u00f3n pol\u00edtica femenina, se\u00f1alando que en las elecciones de 2024 unas&nbsp;<strong>9,167 mujeres<\/strong>&nbsp;se postularon a cargos de elecci\u00f3n popular, lo que represent\u00f3 el&nbsp;<strong>43 %<\/strong>&nbsp;de las candidaturas, mientras que&nbsp;<strong>1,226 resultaron electas<\/strong>, ocupando cerca del&nbsp;<strong>49 %<\/strong>&nbsp;de los cargos.<\/p>\n\n\n\n<p>Reyes indic\u00f3 que estos avances adquieren un significado hist\u00f3rico si se toma en cuenta que hace apenas 84 a\u00f1os las dominicanas ejercieron el derecho al&nbsp;<strong>voto por primera vez<\/strong>.<\/p>\n\n\n\n<p>La ministra precis\u00f3 que&nbsp;<strong>a\u00fan persisten desaf\u00edos importantes<\/strong>, entre ellos las brechas en la participaci\u00f3n econ\u00f3mica, la representaci\u00f3n en espacios de toma de decisiones y la carga desproporcionada del trabajo dom\u00e9stico y de cuidados no remunerados que recae sobre las mujeres.<\/p>\n\n\n\n<p>La funcionaria enfatiz\u00f3 que la&nbsp;<strong>erradicaci\u00f3n de la violencia de g\u00e9nero<\/strong>&nbsp;contin\u00faa siendo una&nbsp;<strong>prioridad nacional<\/strong>, por lo que el Estado mantiene el compromiso de fortalecer las pol\u00edticas p\u00fablicas&nbsp;<strong>orientadas a la igualdad<\/strong>, ampliar los sistemas de protecci\u00f3n y promover&nbsp;<strong>cambios culturales<\/strong>&nbsp;que contribuyan a superar las relaciones desiguales de poder.<\/p>\n\n\n\n<p>La ministra afirm\u00f3 que avanzar hacia la igualdad entre mujeres y hombres no es \u00fanicamente una tarea institucional, sino un&nbsp;<strong>compromiso que involucra a toda la sociedad<\/strong>.&nbsp;<em>\u201cCada generaci\u00f3n tiene una tarea con la democracia y la nuestra es garantizar que la igualdad deje de ser una aspiraci\u00f3n para convertirse en una realidad\u201d,<\/em>&nbsp;expres\u00f3.<\/p>\n\n\n\n<p>Los testimonios ofrecidos por las galardonadas pusieron de relieve que la participaci\u00f3n de las mujeres&nbsp;<strong>fortalece las instituciones democr\u00e1ticas<\/strong>&nbsp;y dinamiza el&nbsp;<strong>desarrollo nacional,<\/strong>&nbsp;reafirmando que el progreso del pa\u00eds est\u00e1 estrechamente vinculado a la&nbsp;<strong>ampliaci\u00f3n de oportunidades&nbsp;<\/strong>para las dominicanas en todos los \u00e1mbitos.<\/p>\n\n\n\n<p>En nombre de las galardonadas habl\u00f3&nbsp;<strong>Angie Chakira Mart\u00ednez Tejera<\/strong>, actual&nbsp;<strong>embajadora de la Rep\u00fablica Dominicana<\/strong>&nbsp;ante la Rep\u00fablica de Corea del Sur, quien agradeci\u00f3 la valoraci\u00f3n y el reconocimiento otorgado, destacando que este galard\u00f3n motiva a seguir trabajando en favor&nbsp;<strong>del pa\u00eds y de las mujeres dominicanas.<\/strong><\/p>\n\n\n\n<figure class=\"wp-block-image\"><img decoding=\"async\" src=\"https:\/\/www.presidencia.gob.do\/sites\/default\/files\/inline-images\/3f565f48-c5f3-4ef3-9330-7a30562c4646.jpeg\" alt=\"\"\/><\/figure>\n\n\n\n<p><strong>Mujeres destacadas<\/strong><\/p>\n\n\n\n<p>En esta edici\u00f3n de la Medalla al M\u00e9rito de la Mujer Dominicana fueron reconocidas&nbsp;<strong>Alba Carolina V\u00e1squez Almonte<\/strong>, en Ciencia, Tecnolog\u00eda, Ingenier\u00eda y Matem\u00e1ticas;&nbsp;<strong>Cleotilde Margarita Cordero Guerrero<\/strong>, en Comunicaci\u00f3n y Periodismo;&nbsp;<strong>Yudelina Mej\u00eda Peguero<\/strong>, en Deporte, y&nbsp;<strong>Ertuania Jorge Menc\u00eda<\/strong>, como Dominicana Destacada en el Extranjero.<\/p>\n\n\n\n<p>De igual forma fueron distinguidas&nbsp;<strong>Ginette Bournigal<\/strong>, en Participaci\u00f3n Pol\u00edtica;&nbsp;<strong>Yildalina Noem\u00ed Tatem Brache,<\/strong>&nbsp;en Promoci\u00f3n de la Igualdad de G\u00e9nero;&nbsp;<strong>Rosanna Guillermina Santana Mart\u00ednez<\/strong>, en Promoci\u00f3n de la Inclusi\u00f3n;&nbsp;<strong>Carmen Cristina De Aza Mej\u00eda<\/strong>, en el Sector Educaci\u00f3n, y&nbsp;<strong>Luisa Marisela Valdez Aguasvivas<\/strong>, en el Sector Empresarial.<\/p>\n\n\n\n<p>Tambi\u00e9n fueron reconocidas&nbsp;<strong>Eunisis V\u00e1squez Acosta<\/strong>, en el Sector Judicial;&nbsp;<strong>Elsa Johanne S\u00e1nchez Ram\u00edrez<\/strong>, en el Sector Rural;&nbsp;<strong>Nalini Campillo Vilorio<\/strong>, en el Sector Salud;&nbsp;<strong>Angie Chakira Mart\u00ednez Tejera,<\/strong>&nbsp;en el Servicio Diplom\u00e1tico, y&nbsp;<strong>Mar\u00eda Susana de Jes\u00fas Gautreau de Windt,&nbsp;<\/strong>en el Servicio P\u00fablico.<\/p>\n\n\n\n<p>Asimismo, fueron reconocidas&nbsp;<strong>Camila Ramona D\u00edaz Cuello<\/strong>, en Trayectoria Gremial y Sindical;&nbsp;<strong>Dominga Zorrilla Dom\u00ednguez<\/strong>, en Trayectoria Profesional;&nbsp;<strong>Aldaleny Correa Liranzo<\/strong>, en Trayectoria Religiosa;&nbsp;<strong>Arisleida Jos\u00e9 Ortega<\/strong>, en Trayectoria Social y Comunitaria;&nbsp;<strong>M\u00e9rida Franchesca Carina Noble Ure\u00f1a<\/strong>, en el \u00c1mbito Cultural y Art\u00edstico, y&nbsp;<strong>Ana Lidia Ger\u00f3nimo F\u00e9lix de Rodr\u00edguez<\/strong>, en el \u00c1mbito Militar o Policial.<\/p>\n\n\n\n<p>Durante la ceremonia, tambi\u00e9n se otorg\u00f3 un reconocimiento p\u00f3stumo a la feminista y defensora de los derechos humanos&nbsp;<strong>Zobeyda Alejandrina Cepeda Pe\u00f1a<\/strong>.<\/p>\n\n\n\n<p><strong>Reconocimientos especiales<\/strong><\/p>\n\n\n\n<p>Asimismo, fueron entregados reconocimientos especiales a&nbsp;<strong>Enerolisa N\u00fa\u00f1ez<\/strong>&nbsp;(p\u00f3stumo),&nbsp;<strong>Peggy Cabral, Amanda Castillo Levison, Nuria Sallent Surribas y Carmen Enicia Chevalier Caraballo<\/strong>, por sus aportes a la promoci\u00f3n de los derechos de las mujeres y su incidencia en distintos espacios de la vida nacional.<\/p>\n\n\n\n<p><strong>41 a\u00f1os homenajeando a la mujer dominicana<\/strong><\/p>\n\n\n\n<p>Durante 41 a\u00f1os, la Medalla al M\u00e9rito de la Mujer Dominicana ha reconocido a mujeres destacadas por su&nbsp;<strong>liderazgo y aportes al desarrollo<\/strong>&nbsp;del pa\u00eds. Este galard\u00f3n fue instituido mediante el&nbsp;<strong>Decreto 3013-85<\/strong>, promulgado el 29 de mayo de&nbsp;<strong>1985<\/strong>, y se entrega cada a\u00f1o en el marco del&nbsp;<strong>D\u00eda Internacional de la Mujer.<\/strong><\/p>\n\n\n\n<p>La distinci\u00f3n se entrega cada a\u00f1o en el marco de las conmemoraciones del 8 de marzo y en esta ocasi\u00f3n registr\u00f3 una amplia participaci\u00f3n, con&nbsp;<strong>250 mujeres postuladas&nbsp;<\/strong>en 22 categor\u00edas, reflejo de la&nbsp;<strong>diversidad de liderazgos femeninos<\/strong>&nbsp;que contribuyen al desarrollo del pa\u00eds.<\/p>\n\n\n\n<p>Con informaci\u00f3n de la Presidencia de la Rep\u00fablica.<\/p>\n","protected":false},"excerpt":{"rendered":"<p>El\u00a0Gran Reconocimiento de la Medalla al M\u00e9rito de la Mujer Dominicana, fue otorgado de manera p\u00f3stuma a\u00a0Mar\u00eda Argentina Minerva Mirabal\u00a0y fue recibido por su hija,\u00a0Minou Tav\u00e1rez Mirabal. 8 de Marzo 2026 Santo Domingo, RD.\u2013 Con ocasi\u00f3n de conmemorarse el domingo 8 de marzo el\u00a0D\u00eda Internacional de la Mujer,\u00a0el presidente Luis Abinader\u00a0entreg\u00f3 la\u00a0Medalla al M\u00e9rito de [&hellip;]<\/p>\n","protected":false},"author":2,"featured_media":668911,"comment_status":"open","ping_status":"closed","sticky":false,"template":"","format":"standard","meta":{"footnotes":""},"categories":[20,26,27],"tags":[5019,4568,1854],"class_list":["post-668909","post","type-post","status-publish","format-standard","has-post-thumbnail","hentry","category-dominicana-hoy","category-efemerides","category-portada","tag-medalla-al-merito","tag-minerva-mirabal","tag-presidente-abinader"],"_links":{"self":[{"href":"https:\/\/diariodominicano.com\/index.php?rest_route=\/wp\/v2\/posts\/668909","targetHints":{"allow":["GET"]}}],"collection":[{"href":"https:\/\/diariodominicano.com\/index.php?rest_route=\/wp\/v2\/posts"}],"about":[{"href":"https:\/\/diariodominicano.com\/index.php?rest_route=\/wp\/v2\/types\/post"}],"author":[{"embeddable":true,"href":"https:\/\/diariodominicano.com\/index.php?rest_route=\/wp\/v2\/users\/2"}],"replies":[{"embeddable":true,"href":"https:\/\/diariodominicano.com\/index.php?rest_route=%2Fwp%2Fv2%2Fcomments&post=668909"}],"version-history":[{"count":2,"href":"https:\/\/diariodominicano.com\/index.php?rest_route=\/wp\/v2\/posts\/668909\/revisions"}],"predecessor-version":[{"id":668914,"href":"https:\/\/diariodominicano.com\/index.php?rest_route=\/wp\/v2\/posts\/668909\/revisions\/668914"}],"wp:featuredmedia":[{"embeddable":true,"href":"https:\/\/diariodominicano.com\/index.php?rest_route=\/wp\/v2\/media\/668911"}],"wp:attachment":[{"href":"https:\/\/diariodominicano.com\/index.php?rest_route=%2Fwp%2Fv2%2Fmedia&parent=668909"}],"wp:term":[{"taxonomy":"category","embeddable":true,"href":"https:\/\/diariodominicano.com\/index.php?rest_route=%2Fwp%2Fv2%2Fcategories&post=668909"},{"taxonomy":"post_tag","embeddable":true,"href":"https:\/\/diariodominicano.com\/index.php?rest_route=%2Fwp%2Fv2%2Ftags&post=668909"}],"curies":[{"name":"wp","href":"https:\/\/api.w.org\/{rel}","templated":true}]}}