{"id":668906,"date":"2026-03-09T00:35:49","date_gmt":"2026-03-09T04:35:49","guid":{"rendered":"https:\/\/diariodominicano.com\/?p=668906"},"modified":"2026-03-09T07:25:07","modified_gmt":"2026-03-09T11:25:07","slug":"presidente-abinader-inaugura-escuela-primaria-para-mas-de-800-estudiantes-en-los-guandules","status":"publish","type":"post","link":"https:\/\/diariodominicano.com\/?p=668906","title":{"rendered":"Abinader inaugura escuela primaria para m\u00e1s de 800 estudiantes en Los Guandules"},"content":{"rendered":"\n<p>8 de Marzo 2026<\/p>\n\n\n\n<p>Distrito Nacional, RD.- Con gran&nbsp;<strong>entusiasmo y orgullo<\/strong>, decenas de estudiantes del sector&nbsp;<strong>Los Guandules<\/strong>&nbsp;recibieron al&nbsp;<strong>presidente Luis Abinader<\/strong>, quien, junto con el ministro de Educaci\u00f3n,&nbsp;<strong>Luis Miguel De Camps,<\/strong>&nbsp;encabez\u00f3 la inauguraci\u00f3n de la&nbsp;<strong>Escuela B\u00e1sica San Rafael (Fe y Alegr\u00eda),<\/strong>&nbsp;ubicada en Domingo Savio.<\/p>\n\n\n\n<p>La moderna infraestructura educativa beneficiar\u00e1 directamente a&nbsp;<strong>810 estudiantes<\/strong>&nbsp;del nivel b\u00e1sico y responde a la visi\u00f3n nacional de transformar la educaci\u00f3n, dignific\u00e1ndola y llev\u00e1ndola a todas las comunidades del pa\u00eds, haci\u00e9ndola&nbsp;<strong>accesible para todos los ni\u00f1os y j\u00f3venes<\/strong>&nbsp;en edad escolar.&nbsp;<\/p>\n\n\n\n<p><em>\u201cCada escuela que se levanta es una puerta que se abre hacia el conocimiento, a la dignidad y al futuro que comienza a construirse en el presente\u201d,<\/em>&nbsp;destac\u00f3 De Camps, asegurando que el nuevo plantel es un espacio pensado para el aprendizaje, la inclusi\u00f3n y el desarrollo integral de los estudiantes, cumpliendo con las directrices del presidente Abinader.<\/p>\n\n\n\n<p>El objetivo, continu\u00f3 el funcionario, es&nbsp;<em>\u201cpreparar a nuestros estudiantes para los desaf\u00edos de un mundo que cambia cada d\u00eda\u201d.<\/em><\/p>\n\n\n\n<p>En este sentido, motiv\u00f3 a los maestros y maestras a convertir las aulas en lugares donde se despierte la curiosidad, donde se cultive el&nbsp;<strong>pensamiento cr\u00edtico<\/strong>&nbsp;y donde cada estudiante descubra de lo que es capaz.<\/p>\n\n\n\n<figure class=\"wp-block-image\"><img decoding=\"async\" src=\"https:\/\/www.presidencia.gob.do\/sites\/default\/files\/inline-images\/02adc2d1-37fb-4e13-9f12-b3ff2bd711e8.jpeg\" alt=\"\"\/><\/figure>\n\n\n\n<p>Reconfirmando estas palabras, la estudiante&nbsp;<strong>Yaslin Peralta Ger\u00f3nimo<\/strong>, expres\u00f3 con seguridad y alegr\u00eda que \u201c<em>desde estas salas saldr\u00e1n doctores, maestros, ingenieros, artistas y hasta quiz\u00e1s un futuro presidente de la Rep\u00fablica. Se\u00f1or presidente y autoridades, les prometemos que, como comunidad, cuidaremos esta escuela tan so\u00f1ada y esperada, y aprovecharemos cada ense\u00f1anza nuestra para demostrar que invertir en educaci\u00f3n siempre vale la pena\u201d.<\/em><\/p>\n\n\n\n<p>De pie y frente al presidente Luis Abinader, Yaslin le&nbsp;<strong>agradeci\u00f3 al jefe de Estado<\/strong>&nbsp;en nombre de todos los estudiantes de este centro, por apoyar la educaci\u00f3n de los ni\u00f1os y ni\u00f1as de la Rep\u00fablica Dominicana, asegurando que su presencia los hace sentir importantes y les demuestra que sus sue\u00f1os s\u00ed cuentan.<\/p>\n\n\n\n<p>El plantel cuenta con&nbsp;<strong>27 aulas,<\/strong>&nbsp;dos de ellas destinadas a&nbsp;<strong>educaci\u00f3n especial<\/strong>. Tambi\u00e9n dispone de laboratorios, cancha deportiva, \u00e1reas verdes, juegos infantiles y plaza c\u00edvica.<\/p>\n\n\n\n<p>Asimismo, el p\u00e1rroco&nbsp;<strong>Francisco Coste<\/strong>&nbsp;agradeci\u00f3 a las autoridades por&nbsp;<strong>atender las necesidades de las comunidades<\/strong>&nbsp;y hacer realidad este tipo de proyectos.<\/p>\n\n\n\n<p>Con informaci\u00f3n de la Presidencia de la Rep\u00fablica.<\/p>\n","protected":false},"excerpt":{"rendered":"<p>8 de Marzo 2026 Distrito Nacional, RD.- Con gran&nbsp;entusiasmo y orgullo, decenas de estudiantes del sector&nbsp;Los Guandules&nbsp;recibieron al&nbsp;presidente Luis Abinader, quien, junto con el ministro de Educaci\u00f3n,&nbsp;Luis Miguel De Camps,&nbsp;encabez\u00f3 la inauguraci\u00f3n de la&nbsp;Escuela B\u00e1sica San Rafael (Fe y Alegr\u00eda),&nbsp;ubicada en Domingo Savio. La moderna infraestructura educativa beneficiar\u00e1 directamente a&nbsp;810 estudiantes&nbsp;del nivel b\u00e1sico y responde [&hellip;]<\/p>\n","protected":false},"author":2,"featured_media":668907,"comment_status":"open","ping_status":"closed","sticky":false,"template":"","format":"standard","meta":{"footnotes":""},"categories":[36,20],"tags":[688,1854],"class_list":["post-668906","post","type-post","status-publish","format-standard","has-post-thumbnail","hentry","category-hombresmujeresycosas","category-dominicana-hoy","tag-los-guandules","tag-presidente-abinader"],"_links":{"self":[{"href":"https:\/\/diariodominicano.com\/index.php?rest_route=\/wp\/v2\/posts\/668906","targetHints":{"allow":["GET"]}}],"collection":[{"href":"https:\/\/diariodominicano.com\/index.php?rest_route=\/wp\/v2\/posts"}],"about":[{"href":"https:\/\/diariodominicano.com\/index.php?rest_route=\/wp\/v2\/types\/post"}],"author":[{"embeddable":true,"href":"https:\/\/diariodominicano.com\/index.php?rest_route=\/wp\/v2\/users\/2"}],"replies":[{"embeddable":true,"href":"https:\/\/diariodominicano.com\/index.php?rest_route=%2Fwp%2Fv2%2Fcomments&post=668906"}],"version-history":[{"count":3,"href":"https:\/\/diariodominicano.com\/index.php?rest_route=\/wp\/v2\/posts\/668906\/revisions"}],"predecessor-version":[{"id":668936,"href":"https:\/\/diariodominicano.com\/index.php?rest_route=\/wp\/v2\/posts\/668906\/revisions\/668936"}],"wp:featuredmedia":[{"embeddable":true,"href":"https:\/\/diariodominicano.com\/index.php?rest_route=\/wp\/v2\/media\/668907"}],"wp:attachment":[{"href":"https:\/\/diariodominicano.com\/index.php?rest_route=%2Fwp%2Fv2%2Fmedia&parent=668906"}],"wp:term":[{"taxonomy":"category","embeddable":true,"href":"https:\/\/diariodominicano.com\/index.php?rest_route=%2Fwp%2Fv2%2Fcategories&post=668906"},{"taxonomy":"post_tag","embeddable":true,"href":"https:\/\/diariodominicano.com\/index.php?rest_route=%2Fwp%2Fv2%2Ftags&post=668906"}],"curies":[{"name":"wp","href":"https:\/\/api.w.org\/{rel}","templated":true}]}}