{"id":668891,"date":"2026-03-09T00:12:23","date_gmt":"2026-03-09T04:12:23","guid":{"rendered":"https:\/\/diariodominicano.com\/?p=668891"},"modified":"2026-03-09T02:31:55","modified_gmt":"2026-03-09T06:31:55","slug":"presidente-abinader-desvincula-17-viceconsules-en-diferentes-consulados-rd-en-el-mundo-entre-ellos-dos-de-ny","status":"publish","type":"post","link":"https:\/\/diariodominicano.com\/?p=668891","title":{"rendered":"Presidente Abinader desvincula 17 vicec\u00f3nsules en diferentes consulados RD en el mundo; entre ellos dos de NY"},"content":{"rendered":"\n<p><strong>Por Ram\u00f3n Mercedes<\/strong><\/p>\n\n\n\n<p><strong>NUEVA YORK.-<\/strong>&nbsp;El presidente Luis Abinader desvincul\u00f3 el pasado mi\u00e9rcoles, mediante el decreto 149-26, la cantidad de 17 vicec\u00f3nsules que prestaban servicios en diferentes consulados dominicanos diseminados por el mundo.<\/p>\n\n\n\n<p>Entre los cesanteados figuran dos pertenecientes a Nueva York; Francisco Antonio B\u00e1ez Mar\u00ed\u00f1ez auxiliar consular en NY, y Edgar N\u00fa\u00f1ez Ag\u00fcero, miembro de la seccional PRM-NY, y vicec\u00f3nsul en Montreal, Canad\u00e1, donde Lucilo de los Santos, presidente de la seccional del partido en Nueva Jersey, es el actual c\u00f3nsul.<\/p>\n\n\n\n<p>Asimismo, Gerlin Rosario Lara, vicec\u00f3nsul en R\u00edo de Janeiro, Brasil; Bol\u00edvar Medina Guerrero, en Sao Paulo, Brasil; Giovanny Mendoza P\u00e9rez, en La Habana, Cuba; Miguel Rodr\u00edguez Fuello, auxiliar consular en Madrid, Espa\u00f1a; Roger Rinc\u00f3n Pichardo, vicec\u00f3nsul en Miami; y Maya Denis Fern\u00e1ndez, en Saint John,<\/p>\n\n\n\n<p>Antigua y Barbuda. Yul\u00edn Mateo es el actual c\u00f3nsul all\u00ed.<\/p>\n\n\n\n<p>Tambi\u00e9n, a Ram\u00f3n Alexis Hern\u00e1ndez Marte, vicec\u00f3nsul en Aruba; Francisco Mateo Ram\u00edrez, en San Pedro Sula, Honduras; M\u00e1ximo Alberto Restituyo, en Atenas; Jos\u00e9 Mar\u00eda Hern\u00e1ndez Carias, en Mil\u00e1n, Italia.<\/p>\n\n\n\n<p>Adem\u00e1s, a Ezequiel Rodr\u00edguez L\u00f3pez, en San Juan, Puerto Rico; Gabriella Ariza Gonz\u00e1lez, en Orlando, Florida; y Luis Mercedes Perreras Terrero, en Philipsburg, San Mart\u00edn.<\/p>\n","protected":false},"excerpt":{"rendered":"<p>Por Ram\u00f3n Mercedes NUEVA YORK.-&nbsp;El presidente Luis Abinader desvincul\u00f3 el pasado mi\u00e9rcoles, mediante el decreto 149-26, la cantidad de 17 vicec\u00f3nsules que prestaban servicios en diferentes consulados dominicanos diseminados por el mundo. Entre los cesanteados figuran dos pertenecientes a Nueva York; Francisco Antonio B\u00e1ez Mar\u00ed\u00f1ez auxiliar consular en NY, y Edgar N\u00fa\u00f1ez Ag\u00fcero, miembro de [&hellip;]<\/p>\n","protected":false},"author":2,"featured_media":668892,"comment_status":"open","ping_status":"closed","sticky":false,"template":"","format":"standard","meta":{"footnotes":""},"categories":[36,20],"tags":[1854,181],"class_list":["post-668891","post","type-post","status-publish","format-standard","has-post-thumbnail","hentry","category-hombresmujeresycosas","category-dominicana-hoy","tag-presidente-abinader","tag-ramon-mercedes"],"_links":{"self":[{"href":"https:\/\/diariodominicano.com\/index.php?rest_route=\/wp\/v2\/posts\/668891","targetHints":{"allow":["GET"]}}],"collection":[{"href":"https:\/\/diariodominicano.com\/index.php?rest_route=\/wp\/v2\/posts"}],"about":[{"href":"https:\/\/diariodominicano.com\/index.php?rest_route=\/wp\/v2\/types\/post"}],"author":[{"embeddable":true,"href":"https:\/\/diariodominicano.com\/index.php?rest_route=\/wp\/v2\/users\/2"}],"replies":[{"embeddable":true,"href":"https:\/\/diariodominicano.com\/index.php?rest_route=%2Fwp%2Fv2%2Fcomments&post=668891"}],"version-history":[{"count":1,"href":"https:\/\/diariodominicano.com\/index.php?rest_route=\/wp\/v2\/posts\/668891\/revisions"}],"predecessor-version":[{"id":668893,"href":"https:\/\/diariodominicano.com\/index.php?rest_route=\/wp\/v2\/posts\/668891\/revisions\/668893"}],"wp:featuredmedia":[{"embeddable":true,"href":"https:\/\/diariodominicano.com\/index.php?rest_route=\/wp\/v2\/media\/668892"}],"wp:attachment":[{"href":"https:\/\/diariodominicano.com\/index.php?rest_route=%2Fwp%2Fv2%2Fmedia&parent=668891"}],"wp:term":[{"taxonomy":"category","embeddable":true,"href":"https:\/\/diariodominicano.com\/index.php?rest_route=%2Fwp%2Fv2%2Fcategories&post=668891"},{"taxonomy":"post_tag","embeddable":true,"href":"https:\/\/diariodominicano.com\/index.php?rest_route=%2Fwp%2Fv2%2Ftags&post=668891"}],"curies":[{"name":"wp","href":"https:\/\/api.w.org\/{rel}","templated":true}]}}