{"id":668858,"date":"2026-03-08T22:45:21","date_gmt":"2026-03-09T02:45:21","guid":{"rendered":"https:\/\/diariodominicano.com\/?p=668858"},"modified":"2026-03-09T02:07:42","modified_gmt":"2026-03-09T06:07:42","slug":"incautan-armas-cartuchos-y-artefactos-explosivos-en-norte-de-mexico","status":"publish","type":"post","link":"https:\/\/diariodominicano.com\/?p=668858","title":{"rendered":"Incautan armas, cartuchos y artefactos explosivos en norte de M\u00e9xico"},"content":{"rendered":"\n<p>Ciudad de M\u00e9xico, 8 mar (Prensa Latina) Efectivos detuvieron a nueve sujetos e incautaron 17 armas de fuego, dos mil 698 cartuchos, 205 ponchallantas y 292 artefactos explosivos improvisados durante una acci\u00f3n en el norte de M\u00e9xico, divulgaron hoy autoridades.<\/p>\n\n\n\n<p><a href=\"https:\/\/www.prensa-latina.cu\/2026\/03\/08\/\"><time>marzo 8, 2026 | 19:51<\/time><\/a> <\/p>\n\n\n\n<p>Mediante un comunicado, la Secretar\u00eda de la Defensa Nacional detall\u00f3 el decomiso de 15 armas largas y dos cortas, 84 cargadores, aproximadamente un kilogramo de goma de opio, un veh\u00edculo con reporte de robo y diverso equipo t\u00e1ctico.<\/p>\n\n\n\n<p>El hecho tuvo lugar el 6 de marzo, cuando integrantes de la Guardia Nacional en coordinaci\u00f3n con personal del Ej\u00e9rcito y autoridades de los tres \u00f3rdenes de gobierno realizaban patrullajes de vigilancia y reconocimientos terrestres en los l\u00edmites de los norte\u00f1os estados de Chihuahua y Sinaloa.<\/p>\n\n\n\n<p>Los detenidos y lo incautado fueron puestos a disposici\u00f3n de las autoridades competentes, para determinar su situaci\u00f3n jur\u00eddica, as\u00ed como continuar con las investigaciones y acciones periciales.<\/p>\n\n\n\n<p>La actual administraci\u00f3n implementa una estrategia de seguridad basada en cuatro ejes: atenci\u00f3n a las causas, consolidaci\u00f3n de la Guardia Nacional, fortalecimiento de la inteligencia e investigaci\u00f3n, y coordinaci\u00f3n con las entidades federativas.<\/p>\n\n\n\n<p>Como resultado de esta, del 1 de octubre de 2024, inicio del gobierno de la presidenta Claudia Sheinbaum, al 31 de enero \u00faltimo, efectivos detuvieron a 43 mil 438 personas por delitos de alto impacto e incautaron 22 mil 832 armas y 327 toneladas de droga.<\/p>\n\n\n\n<p>Estas acciones habr\u00edan incidido directamente en la reducci\u00f3n del 42 por ciento en los homicidios dolosos, seg\u00fan datos oficiales.<\/p>\n\n\n\n<p>A lo anterior se a\u00f1ade el operativo realizado el 22 de febrero para capturar a Nemesio Oseguera, alias \u201cEl Mencho\u201d, y que termin\u00f3 con la muerte del l\u00edder del C\u00e1rtel Jalisco Nueva Generaci\u00f3n, el narcotraficante m\u00e1s buscado por este pa\u00eds y Estados Unidos.<\/p>\n\n\n\n<p>otf\/las<\/p>\n\n\n\n<ul class=\"wp-block-list\">\n<li>#<a href=\"https:\/\/www.prensa-latina.cu\/etiqueta\/chihuahua\/\">chihuahua<\/a>&nbsp;#<a href=\"https:\/\/www.prensa-latina.cu\/etiqueta\/defensa\/\">defensa<\/a>&nbsp;#<a href=\"https:\/\/www.prensa-latina.cu\/etiqueta\/mexico\/\">M\u00e9xico<\/a>&nbsp;#<a href=\"https:\/\/www.prensa-latina.cu\/etiqueta\/seguridad\/\">Seguridad<\/a>&nbsp;#<a href=\"https:\/\/www.prensa-latina.cu\/etiqueta\/sinaloa\/\">sinaloa<\/a><\/li>\n<\/ul>\n","protected":false},"excerpt":{"rendered":"<p>Ciudad de M\u00e9xico, 8 mar (Prensa Latina) Efectivos detuvieron a nueve sujetos e incautaron 17 armas de fuego, dos mil 698 cartuchos, 205 ponchallantas y 292 artefactos explosivos improvisados durante una acci\u00f3n en el norte de M\u00e9xico, divulgaron hoy autoridades. marzo 8, 2026 | 19:51 Mediante un comunicado, la Secretar\u00eda de la Defensa Nacional detall\u00f3 [&hellip;]<\/p>\n","protected":false},"author":2,"featured_media":668927,"comment_status":"open","ping_status":"closed","sticky":false,"template":"","format":"standard","meta":{"footnotes":""},"categories":[23,29],"tags":[246],"class_list":["post-668858","post","type-post","status-publish","format-standard","has-post-thumbnail","hentry","category-internacional","category-policiasucesos","tag-mexico"],"_links":{"self":[{"href":"https:\/\/diariodominicano.com\/index.php?rest_route=\/wp\/v2\/posts\/668858","targetHints":{"allow":["GET"]}}],"collection":[{"href":"https:\/\/diariodominicano.com\/index.php?rest_route=\/wp\/v2\/posts"}],"about":[{"href":"https:\/\/diariodominicano.com\/index.php?rest_route=\/wp\/v2\/types\/post"}],"author":[{"embeddable":true,"href":"https:\/\/diariodominicano.com\/index.php?rest_route=\/wp\/v2\/users\/2"}],"replies":[{"embeddable":true,"href":"https:\/\/diariodominicano.com\/index.php?rest_route=%2Fwp%2Fv2%2Fcomments&post=668858"}],"version-history":[{"count":2,"href":"https:\/\/diariodominicano.com\/index.php?rest_route=\/wp\/v2\/posts\/668858\/revisions"}],"predecessor-version":[{"id":668928,"href":"https:\/\/diariodominicano.com\/index.php?rest_route=\/wp\/v2\/posts\/668858\/revisions\/668928"}],"wp:featuredmedia":[{"embeddable":true,"href":"https:\/\/diariodominicano.com\/index.php?rest_route=\/wp\/v2\/media\/668927"}],"wp:attachment":[{"href":"https:\/\/diariodominicano.com\/index.php?rest_route=%2Fwp%2Fv2%2Fmedia&parent=668858"}],"wp:term":[{"taxonomy":"category","embeddable":true,"href":"https:\/\/diariodominicano.com\/index.php?rest_route=%2Fwp%2Fv2%2Fcategories&post=668858"},{"taxonomy":"post_tag","embeddable":true,"href":"https:\/\/diariodominicano.com\/index.php?rest_route=%2Fwp%2Fv2%2Ftags&post=668858"}],"curies":[{"name":"wp","href":"https:\/\/api.w.org\/{rel}","templated":true}]}}