{"id":668826,"date":"2026-03-08T19:40:05","date_gmt":"2026-03-08T23:40:05","guid":{"rendered":"https:\/\/diariodominicano.com\/?p=668826"},"modified":"2026-03-08T20:08:45","modified_gmt":"2026-03-09T00:08:45","slug":"a-50-anos-de-golpe-en-argentina-memoria-antidictatorial-solidaridad-anti-negacionista","status":"publish","type":"post","link":"https:\/\/diariodominicano.com\/?p=668826","title":{"rendered":"A 50 a\u00f1os de Golpe en Argentina &#8212; Memoria antidictatorial, solidaridad anti negacionista"},"content":{"rendered":"\n<p>diariodominicano.com<\/p>\n\n\n\n<p>Por <strong>Sergio Ferrari<\/strong>\u00a0<\/p>\n\n\n\n<p>Berna, Suiza, 8 de marzo, 2026.-  <strong>La brutalidad represiva de los Videla, Massera y Agosti no se olvida. Tampoco la juventud desaparecida y torturada. Marzo, mes de la memoria y de la SOLIDARIDAD, con may\u00fasculas.<\/strong><\/p>\n\n\n\n<p>En este momento pol\u00edtico y justo a medio siglo del \u00faltimo golpe de Estado en Argentina, esta solidaridad se expresa hoy en dos direcciones: la reivindicaci\u00f3n y defensa de la Memoria, la Verdad y la Justicia, y la denuncia del proyecto antisocial del actual Gobierno Milei.<\/p>\n\n\n\n<p><strong>Una Declaraci\u00f3n contundente<\/strong><\/p>\n\n\n\n<p>Para el medio centenar de organizaciones argentinas, latinoamericanas y suizas que firmaron la declaraci\u00f3n<em>&nbsp;Del Golpe de 1976 al proyecto neoliberal de Milei<\/em>, se trata de desenmascarar ante la opini\u00f3n p\u00fablica un proyecto econ\u00f3mico-social que tiene grades similitudes &#8211;casi un continuismo&#8211; con el de los militares de entonces.<\/p>\n\n\n\n<p>Elaborada conjuntamente por Nunca M\u00e1s, Argentinos para la Victoria Provincia 25 (regional suiza), la Asociaci\u00f3n El Periscopio de ex presos pol\u00edticos de Coronda, el Jard\u00edn de los Desaparecidos, Latino Lab y AMIS<em>,&nbsp;<\/em>esta&nbsp;<em>Declaraci\u00f3n<\/em>&nbsp;obtuvo, adem\u00e1s, el respaldo de personalidades pol\u00edticas y sociales helv\u00e9ticas. Entre ellas, senadores y diputados nacionales, as\u00ed como dirigentes de los principales sindicatos. (<a href=\"https:\/\/www.facebook.com\/story.php?story_fbid=939647161901274&amp;id=100075679970704&amp;rdid=26KTcFjfgv4JRuWU\" rel=\"noreferrer noopener\" target=\"_blank\"><em>https:\/\/www.facebook.com\/story.php?story_fbid=939647161901274&amp;id=100075679970704&amp;rdid=26KTcFjfgv4JRuWU#<\/em><\/a>).<\/p>\n\n\n\n<p>Muchas de las adhesiones fueron inmediatas, algunas, argumentadas. La ex diputada nacional Anne-Catherine Menetrey, por ejemplo, escribi\u00f3: \u201cPor supuesto, \u00a1firmo con gusto esta declaraci\u00f3n! Es tan importante, no solo por esta fecha conmemorativa, sino tambi\u00e9n debido a la oscuridad del futuro que nos preparan los nuevos dictadores depredadores y la evoluci\u00f3n pol\u00edtica del mundo, en particular en Am\u00e9rica Latina. Es aterrador constatar el terror que propaga Donald Trump, que nos deja at\u00f3nitos e impotentes\u201d. O la dirigente del principal sindicato helv\u00e9tico que adhiri\u00f3 a la Declaraci\u00f3n agradeciendo infinitamente a los promotores \u201cpor este gran compromiso\u201d militante.<\/p>\n\n\n\n<p>A partir del 2 de marzo y hasta fin de mes se realiza una decena de muy diversas actividades en Ginebra y en Berna, como el bordado de un&nbsp;<em>patchwork&nbsp;<\/em>por la memoria; presentaci\u00f3n de libros y proyecci\u00f3n de pel\u00edculas; un coloquio universitario y una video conferencia con el Colectivo INTERMESAS de Sitios de la Memoria de la Argentina (<a href=\"https:\/\/jardindesdisparus.org\/wp-content\/uploads\/2026\/02\/Flyer-bleu-mars-mois-de-la-memoire.pdf\" rel=\"noreferrer noopener\" target=\"_blank\"><em>https:\/\/jardindesdisparus.org\/wp-content\/uploads\/2026\/02\/Flyer-bleu-mars-mois-de-la-memoire.pdf<\/em><\/a>).&nbsp;<\/p>\n\n\n\n<p>Otras cuantas organizaciones convocan el mismo 24 de marzo, en la capital suiza, una actividad pol\u00edtico-cultural centrada en la actual situaci\u00f3n argentina en un \u201ccontinente amenazado\u201d (<a href=\"https:\/\/www.solifonds.ch\/veranstaltungen\" rel=\"noreferrer noopener\" target=\"_blank\"><em>https:\/\/www.solifonds.ch\/veranstaltungen<\/em><\/a>).<\/p>\n\n\n\n<p>Para la profesora Marcella Camerano, argentina residente en Suiza, militante de Derechos Humanos e integrante de Argentinos para la Victoria-provincia 25, este 50 aniversario del golpe de 1976 la tarea principal desde Europa consiste en recordar, reactualizar y dinamizar la militancia de proximidad con los actores sociales m\u00e1s din\u00e1micos de Argentina. \u201cFundamentalmente, solidarizarse con el compromiso de una gran parte de la sociedad argentina por la Memoria, la Verdad y la Justicia que fue y es el hilo conductor de esa lucha por los derechos humanos\u201d. Este compromiso, enfatiza Camerano, convierte a Argentina en un \u201cverdadero ejemplo internacionaldel trabajo cotidiano para que la memoria colectiva se imponga al olvido y el negacionismo\u201d. Sin duda,&nbsp;un reto muy especial, precisamente \u201cen esta etapa en la cual el proyecto de Milei se propone, entre otros objetivos, imponer el negacionismo como ideolog\u00eda dominante y justificar los cr\u00edmenes de la dictadura\u201d. En efecto, explica Camerano, este proyecto \u201cNiega el Estado de Derecho, las diversidades y la lucha de las mujeres por la igualdad de g\u00e9nero\u201d. Por otra parte, \u201cIgnora el calentamiento planetario. Desconoce a las organizaciones multilaterales internacionales y sus programas consensuales, como la Agenda 2030\u201d.&nbsp;&nbsp;Visi\u00f3n reaccionaria, concluye Camerano, que lleva a Milei \u201ca tener como principales referentes internacionales a Donald Trump y Benjam\u00edn Netanyahu,&nbsp;manteniendo relaciones estrechas, casi carnales, con los m\u00e1ximos dirigentes neofascistas de Europa\u201d.<strong><\/strong><\/p>\n\n\n\n<p><strong>Solidaridad italiana<\/strong><\/p>\n\n\n<div class=\"wp-block-image\">\n<figure class=\"alignleft size-full is-resized\"><img loading=\"lazy\" decoding=\"async\" width=\"670\" height=\"503\" src=\"https:\/\/diariodominicano.com\/wp-content\/uploads\/2026\/03\/Solidaridad-italiana-con-la-huelga-nacional-del-24-de-enero-de-2024-en-Argentina.jpg\" alt=\"\" class=\"wp-image-668832\" style=\"aspect-ratio:1.3320361362056985;width:358px;height:auto\" srcset=\"https:\/\/diariodominicano.com\/wp-content\/uploads\/2026\/03\/Solidaridad-italiana-con-la-huelga-nacional-del-24-de-enero-de-2024-en-Argentina.jpg 670w, https:\/\/diariodominicano.com\/wp-content\/uploads\/2026\/03\/Solidaridad-italiana-con-la-huelga-nacional-del-24-de-enero-de-2024-en-Argentina-300x225.jpg 300w\" sizes=\"auto, (max-width: 670px) 100vw, 670px\" \/><\/figure>\n<\/div>\n\n\n<p>Tambi\u00e9n en Italia durante el mes de marzo se promueven m\u00faltiples iniciativas. En \u00e1mbitos universitarios como en iglesias hist\u00f3ricamente solidarias, como la Valdense, y proyecciones de la pel\u00edcula&nbsp;<em>Identidad<\/em>&nbsp;en varias ciudades. Un testimonio-denuncia basado en la vida de Daniel Santucho, el nieto n\u00famero 133 restituido a su leg\u00edtima familia en julio de 2023 cuando ya ten\u00eda 46 a\u00f1os.<\/p>\n\n\n\n<p>Las actividades de solidaridad arrancaron con un Coloquio Internacional del 4 al 6 de marzo en la Universidad Roma Tre, convocado por una quincena de organizaciones italianas con presentaciones por una veintena de personalidades de Italia y de Argentina. Una de ellas es Enrico Calami, quien como C\u00f3nsul de Italia en Buenos Aires en los a\u00f1os de la dictadura promovi\u00f3 el asilo y protegi\u00f3 a m\u00e1s de 300 personas, en su mayor\u00eda militantes perseguidos por las fuerzas represivas (<a href=\"https:\/\/www.amnesty.it\/eventi\/a-50-anni-dal-golpe-argentino-nunca-mas\/\" rel=\"noreferrer noopener\" target=\"_blank\"><em>https:\/\/www.amnesty.it\/eventi\/a-50-anni-dal-golpe-argentino-nunca-mas\/<\/em><\/a>).<\/p>\n\n\n\n<p>Entrevistado por este corresponsal, Calamai recuerda a\u00fan hoy, con gran emoci\u00f3n, im\u00e1genes de terror y represi\u00f3n: \u201cLos coches sin patente circulando por Buenos Aires. Las declaraciones de familiares de desaparecidos que iban al Consulado a presentar el recurso de&nbsp;<em>habeas corpus<\/em>&nbsp;para sus hijas o hijos desaparecidos. Los que se presentaban al Consulado diciendo que si los ech\u00e1bamos a la calle les esperaba tortura y muerte. En una palabra, la violencia escondida, en contraste con la normalidad aparente de la vida en una ciudad como Buenos Aires\u201d.<\/p>\n\n\n\n<p>Seguir mirando con atenci\u00f3n el pasado, subraya Enrico Calamai, \u201cayuda a comprender el presente\u201d. Y permite as\u00ed reforzar la solidaridad en un momento latinoamericano muy complejo donde \u201cEstados Unidos promueve una pol\u00edtica supremacista cada vez m\u00e1s violenta y arrogante hacia Venezuela, M\u00e9jico, Colombia, Cuba y buena parte del continente\u201d y del mundo.<\/p>\n\n\n\n<p>Para el ex diplom\u00e1tico italiano, es muy preocupante el nuevo impulso b\u00e9lico, fundamentalmente promovido desde occidente en una realidad mundial donde parece imperar el olvido del saldo de \u201clos millones de personas que murieron en las dos guerras mundiales\u201d. Con el agravante de que hoy se dispone de \u201cuna tecnolog\u00eda destructiva desligada de cualquier consideraci\u00f3n \u00e9tica, que puede abrir paso al abismo nuclear\u201d. Una nueva guerra mundial, concluye Calamai, podr\u00eda llegar a borrar cualquier posibilidad de vida humana o de vida en general sobre la Tierra. \u201cY todo ocurre ante la indiferencia de la opini\u00f3n p\u00fablica, parecido a lo que pasaba en la Argentina frente al fen\u00f3meno de la desaparici\u00f3n\u201d.<\/p>\n\n\n\n<p><strong>La Francia fraterna dice \u201cpresente\u201d<\/strong><\/p>\n\n\n\n<p>Al igual que en Suiza, Italia y otros pa\u00edses del continente tambi\u00e9n en Francia el mes de marzo se perfila como el \u201cMes de la Memoria\u201d, como puede verse por el frondoso programa de iniciativas organizadas en Par\u00eds por la Asamblea de Ciudadanos Argentinos en Francia(ACAF). El 4 de marzo, un primer coloquio con el aporte testimonial y reflexivo de militantes de diferentes movimientos y organizaciones en los a\u00f1os 70, seguido, d\u00edas m\u00e1s tarde, por otro con el an\u00e1lisis pol\u00edtico de los golpes de Estado en Argentina de 1930 en adelante. Entre el 19 y el 23 se realizar\u00e1n tres actividades culturales y conmemorativas: la presentaci\u00f3n de&nbsp;<em>Un ciudadano com\u00fan en \u00e9poca de dictadura,&nbsp;<\/em>el \u00faltimo libro delperiodista rioplatense V\u00edctor Hugo Morales; el Itinerario de la Memoria en varios sitios parisinos ligados a la resistencia argentina de los 70 y la proyecci\u00f3n en la Universidad Par\u00eds-Cit\u00e9 de la pel\u00edcula&nbsp;<em>Yo, la hermana Alice<\/em>, del realizador Alberto Marquardt. El mismo 24 de marzo, la comunidad argentina y latinoamericana, con el apoyo de diversos partidos y sindicatos, convocan a una manifestaci\u00f3n masiva en las inmediaciones de la Embajada argentina, sitio emblem\u00e1tico de la protesta solidaria estas \u00faltimas cinco d\u00e9cadas&nbsp;(<a href=\"https:\/\/www.facebook.com\/ACAFasamblea\/?locale=fr_FR\" rel=\"noreferrer noopener\" target=\"_blank\"><em>https:\/\/www.facebook.com\/ACAFasamblea\/?locale=fr_FR<\/em><\/a>).<\/p>\n\n\n\n<p>Con este programa, la ACAF se propone, en primer lugar, \u201chomenajear a las 30 mil personas desaparecidas, y no solo desde la perspectiva de la denuncia al terrorismo de Estado, sino tambi\u00e9n a partir de una reivindicaci\u00f3n de los hechos y las motivaciones que llevaron en aquel entonces a tantos j\u00f3venes a comprometerse pol\u00edticamente\u201d, como explica en una entrevista telef\u00f3nica Mar\u00eda Laura Stirnemann, una de las organizadoras. Hija de padre desparecido y madre ex presa pol\u00edtica, Stirnemann impuls\u00f3 con su hermana la creaci\u00f3n de HIJOS en Francia durante los a\u00f1os noventa y estuvo entre las promotoras del nacimiento de la ACAF en 2016.<\/p>\n\n\n\n<p>Si una virtud ha demostrado la d\u00e9cada de existencia de esta Asamblea, ha sido la unidad en la diversidad. Adem\u00e1s, su decisi\u00f3n de movilizaci\u00f3n y protesta frente a los proyectos neoliberales en Argentina, promoviendo para ello una s\u00f3lida red de apoyo en la sociedad civil francesa. \u201cNumerosos dirigentes de partidos progresistas y sindicalistas nos vienen acompa\u00f1ando ya desde hace mucho tiempo. Y contamos nuevamente con ellos para la manifestaci\u00f3n del pr\u00f3ximo 24 de marzo\u201d, comenta Stiernemann. En la actualidad, como siempre, agrega, \u201cbuscamos romper el discurso dominante con respecto a Argentina y deconstruir las mentiras que se relatan\u201d. Seg\u00fan ella, \u201cHay m\u00e1s art\u00edculos de prensa que reivindican a Milei que los que lo critican. Es esencial contar la verdadera historia cotidiana de la gente; denunciar el intento gubernativo para desmantelar toda la construcci\u00f3n colectiva de la Memoria-Verdad y Justicia; confrontar el negacionismo de este Gobierno retr\u00f3grado; desnudar la violencia policial y los mecanismos actuales de represi\u00f3n; confrontar la nueva reforma laboral con los lastres sociales y las p\u00e9rdidas de derecho que ella implica\u201d.<\/p>\n\n\n\n<p>La cr\u00edtica que tiene alternativas. La denuncia que genera conciencia. Las consignas que definen prioridades. Como concluye la Declaraci\u00f3n suiza: \u201cNunca m\u00e1s al Terrorismo de Estado. No al proyecto econ\u00f3mico-social de Milei. No al negacionismo en cualquiera de sus versiones en cualquier lugar del planeta\u201d. M\u00e1s que nunca, ahora se trata de reforzar la solidaridad internacional activa que reverdece, justamente, en este marzo, con la misma primavera europea.<br><br><br><br><strong>Sergio Ferrari<\/strong><strong><em>Journaliste RP\/periodista RP<\/em><\/strong><\/p>\n","protected":false},"excerpt":{"rendered":"<p>diariodominicano.com Por Sergio Ferrari\u00a0 Berna, Suiza, 8 de marzo, 2026.- La brutalidad represiva de los Videla, Massera y Agosti no se olvida. Tampoco la juventud desaparecida y torturada. Marzo, mes de la memoria y de la SOLIDARIDAD, con may\u00fasculas. En este momento pol\u00edtico y justo a medio siglo del \u00faltimo golpe de Estado en Argentina, [&hellip;]<\/p>\n","protected":false},"author":5,"featured_media":668829,"comment_status":"closed","ping_status":"closed","sticky":false,"template":"","format":"standard","meta":{"footnotes":""},"categories":[23,19,16,27],"tags":[],"class_list":["post-668826","post","type-post","status-publish","format-standard","has-post-thumbnail","hentry","category-internacional","category-mi-voz","category-opiniones","category-portada"],"_links":{"self":[{"href":"https:\/\/diariodominicano.com\/index.php?rest_route=\/wp\/v2\/posts\/668826","targetHints":{"allow":["GET"]}}],"collection":[{"href":"https:\/\/diariodominicano.com\/index.php?rest_route=\/wp\/v2\/posts"}],"about":[{"href":"https:\/\/diariodominicano.com\/index.php?rest_route=\/wp\/v2\/types\/post"}],"author":[{"embeddable":true,"href":"https:\/\/diariodominicano.com\/index.php?rest_route=\/wp\/v2\/users\/5"}],"replies":[{"embeddable":true,"href":"https:\/\/diariodominicano.com\/index.php?rest_route=%2Fwp%2Fv2%2Fcomments&post=668826"}],"version-history":[{"count":3,"href":"https:\/\/diariodominicano.com\/index.php?rest_route=\/wp\/v2\/posts\/668826\/revisions"}],"predecessor-version":[{"id":668833,"href":"https:\/\/diariodominicano.com\/index.php?rest_route=\/wp\/v2\/posts\/668826\/revisions\/668833"}],"wp:featuredmedia":[{"embeddable":true,"href":"https:\/\/diariodominicano.com\/index.php?rest_route=\/wp\/v2\/media\/668829"}],"wp:attachment":[{"href":"https:\/\/diariodominicano.com\/index.php?rest_route=%2Fwp%2Fv2%2Fmedia&parent=668826"}],"wp:term":[{"taxonomy":"category","embeddable":true,"href":"https:\/\/diariodominicano.com\/index.php?rest_route=%2Fwp%2Fv2%2Fcategories&post=668826"},{"taxonomy":"post_tag","embeddable":true,"href":"https:\/\/diariodominicano.com\/index.php?rest_route=%2Fwp%2Fv2%2Ftags&post=668826"}],"curies":[{"name":"wp","href":"https:\/\/api.w.org\/{rel}","templated":true}]}}