{"id":668812,"date":"2026-03-07T23:29:23","date_gmt":"2026-03-08T03:29:23","guid":{"rendered":"https:\/\/diariodominicano.com\/?p=668812"},"modified":"2026-03-07T23:29:27","modified_gmt":"2026-03-08T03:29:27","slug":"vicepresidenta-raquel-pena-entrega-dos-centros-de-salud-en-santiago-y-la-vega","status":"publish","type":"post","link":"https:\/\/diariodominicano.com\/?p=668812","title":{"rendered":"Vicepresidenta Raquel Pe\u00f1a entrega dos centros de salud en Santiago y La Vega"},"content":{"rendered":"\n<h3 class=\"wp-block-heading\">Tambi\u00e9n dej\u00f3 iniciados los trabajos del hospital de Pantoja. Las obras suman una inversi\u00f3n superior a RD 348 millones y beneficiar\u00e1n a miles de familias.<\/h3>\n\n\n\n<p>7 de Marzo 2026 | 09:19<\/p>\n\n\n\n<figure class=\"wp-block-image\"><img decoding=\"async\" src=\"https:\/\/platform-cdn.sharethis.com\/img\/sharethis.svg\" alt=\"sharethis sharing button\"\/><\/figure>\n\n\n\n<p>Santo Domingo Oeste.\u2013&nbsp;<strong>La vicepresidenta de la Rep\u00fablica, Raquel Pe\u00f1a<\/strong>, encabez\u00f3 este viernes la entrega de dos&nbsp;<strong>Centros de Primer Nivel<\/strong>&nbsp;renovados en&nbsp;<strong>Santiago y La Vega,<\/strong>&nbsp;y dej\u00f3 iniciados los trabajos de readecuaci\u00f3n del edificio que albergar\u00e1 el nuevo&nbsp;<strong>Hospital Municipal de Pantoja.<\/strong><\/p>\n\n\n\n<p>La vicemandataria asegur\u00f3 que estas obras forman parte de la hoja de ruta que impulsa el&nbsp;<strong>presidente Luis Abinader<\/strong>&nbsp;para fortalecer la&nbsp;<strong>infraestructura hospitalaria<\/strong>&nbsp;y ampliar el&nbsp;<strong>acceso a servicios de salud<\/strong>&nbsp;en todo el pa\u00eds.<\/p>\n\n\n\n<p><em>\u201cDesde el inicio de nuestra gesti\u00f3n, m\u00e1s de 90 hospitales han sido entregados en todo el pa\u00eds, mediante nuevas construcciones, ampliaciones de Emergencias, readecuaciones de \u00e1reas y habilitaci\u00f3n de unidades especializadas que fortalecen la capacidad de respuesta del sistema sanitario\u201d,<\/em>&nbsp;expres\u00f3 Pe\u00f1a.<\/p>\n\n\n\n<p>Por su parte, el director ejecutivo del Servicio Nacional de Salud (SNS),&nbsp;<strong>doctor Julio Landr\u00f3n,<\/strong>&nbsp;destac\u00f3 que la instituci\u00f3n mantiene un programa continuo de&nbsp;<strong>inversi\u00f3n en infraestructura<\/strong>&nbsp;y&nbsp;<strong>equipamiento sanitario<\/strong>&nbsp;para mejorar la calidad de la atenci\u00f3n en las comunidades, especialmente en zonas con alta densidad poblacional.<\/p>\n\n\n\n<p>Asimismo, resalt\u00f3 que estas acciones forman parte del fortalecimiento de la&nbsp;<strong>atenci\u00f3n primaria<\/strong>, considerada la puerta de entrada al sistema sanitario, con el objetivo de acercar&nbsp;<strong>servicios preventivos y oportunos<\/strong>&nbsp;a las comunidades.<\/p>\n\n\n\n<figure class=\"wp-block-image\"><img decoding=\"async\" src=\"https:\/\/www.presidencia.gob.do\/sites\/default\/files\/inline-images\/WhatsApp%20Image%202026-03-06%20at%205.57.20%20PM.jpeg\" alt=\"\"\/><\/figure>\n\n\n\n<p><strong>Hospital Municipal de Pantoja<\/strong><\/p>\n\n\n\n<p>El proceso de readecuaci\u00f3n del inmueble para la habilitaci\u00f3n del&nbsp;<strong>Hospital Municipal de Pantoja,&nbsp;<\/strong>ubicado en el distrito municipal del mismo nombre, del municipio&nbsp;<strong>Los Alcarrizos<\/strong>, tiene un tiempo estimado de ejecuci\u00f3n de&nbsp;<strong>18 meses.<\/strong><\/p>\n\n\n\n<p>La obra contempla una inversi\u00f3n total de&nbsp;<strong>RD 323,065,760.94<\/strong>, que incluye&nbsp;<strong>RD 287,518,957.68<\/strong>&nbsp;destinados a infraestructura y&nbsp;<strong>RD 35,546,803.26<\/strong>&nbsp;para equipamiento.<\/p>\n\n\n\n<p>Las nuevas instalaciones permitir\u00e1n ampliar la capacidad de servicios para beneficio de&nbsp;<strong>m\u00e1s de 50,000 habitantes<\/strong>&nbsp;de la zona.<\/p>\n\n\n\n<p>El hospital contar\u00e1 en su primer nivel con una Emergencia equipada con triaje, \u00e1rea de curas, cuatro puestos de medicaci\u00f3n, cuatro camas de observaci\u00f3n y estaci\u00f3n de enfermer\u00eda. Tambi\u00e9n, dispondr\u00e1 de servicios de im\u00e1genes m\u00e9dicas, incluyendo rayos X, sonograf\u00eda y mamograf\u00eda.<\/p>\n\n\n\n<p>Adem\u00e1s, tendr\u00e1 seis consultorios de consulta externa, tres polivalentes, uno pedi\u00e1trico, uno ginecol\u00f3gico y uno odontol\u00f3gico, as\u00ed como \u00e1reas de facturaci\u00f3n, sala de espera, toma de muestras, morgue, cocina, almac\u00e9n de alimentos, lavander\u00eda y ba\u00f1os.<\/p>\n\n\n\n<p>En el segundo nivel funcionar\u00e1 el \u00e1rea de internamiento con&nbsp;<strong>15 habitaciones<\/strong>&nbsp;de cama doble con ba\u00f1o, dos estaciones de enfermer\u00eda y \u00e1rea de descanso para el personal. El tercer nivel albergar\u00e1 el bloque quir\u00fargico con dos quir\u00f3fanos, sala de parto, \u00e1rea neonatal, esterilizaci\u00f3n, seis camas para preparaci\u00f3n y recuperaci\u00f3n, laboratorio y \u00e1rea administrativa.<\/p>\n\n\n\n<p><strong>Centro de Primer Nivel Hoya del Caimito<\/strong><\/p>\n\n\n\n<p>Como parte de la jornada, la vicepresidenta Raquel Pe\u00f1a y el director del SNS entregaron el remozado&nbsp;<strong>Centro de Primer Nivel Hoya del Caimito,<\/strong>&nbsp;ubicado en Santiago de los Caballeros.<\/p>\n\n\n\n<p>El centro fue intervenido con una inversi\u00f3n total de&nbsp;<strong>RD 11,713,728.66<\/strong>, de los cuales&nbsp;<strong>RD 8,462,743.01<\/strong>&nbsp;corresponden a infraestructura y&nbsp;<strong>RD 3,250,985.65<\/strong>&nbsp;a equipamiento.<\/p>\n\n\n\n<p>Las instalaciones cuentan con seis consultorios, tres polivalentes, uno de ni\u00f1os sanos, uno odontol\u00f3gico y uno destinado al programa de tuberculosis, adem\u00e1s de \u00e1reas de espera, vacunaci\u00f3n, urgencias, farmacia y residencia m\u00e9dica equipada con comedor y cocina para el personal de salud.<\/p>\n\n\n\n<p><strong>Centro de Primer Nivel Severino Mu\u00f1oz (Bonagua)<\/strong><\/p>\n\n\n\n<p>Durante la jornada tambi\u00e9n fue entregado el remozado&nbsp;<strong>Centro de Primer Nivel Severino Mu\u00f1oz,<\/strong>&nbsp;ubicado en Bonagua, La Vega, en beneficio de&nbsp;<strong>m\u00e1s de 24,000 habitantes<\/strong>&nbsp;de la comunidad.<\/p>\n\n\n\n<p>El centro fue intervenido con una inversi\u00f3n total de&nbsp;<strong>RD 13,770,450.27<\/strong>, de los cuales&nbsp;<strong>RD 12,029,169.92<\/strong>&nbsp;corresponden a ejecuci\u00f3n de obra y&nbsp;<strong>RD 1,741,280.35<\/strong>&nbsp;a equipamiento.<\/p>\n\n\n\n<p>Las instalaciones disponen de dos consultorios polivalentes, \u00e1rea de espera, vacunaci\u00f3n, urgencias, farmacia y residencia m\u00e9dica con sala-comedor, dormitorio, ba\u00f1o, cocina y \u00e1rea de lavado.<\/p>\n\n\n\n<p>Estas acciones forman parte del&nbsp;<strong>compromiso del gobierno<\/strong>&nbsp;del presidente Luis Abinader de&nbsp;<strong>ampliar y modernizar<\/strong>&nbsp;la infraestructura sanitaria, garantizando&nbsp;<strong>servicios de salud oportunos<\/strong>&nbsp;para la poblaci\u00f3n.<\/p>\n","protected":false},"excerpt":{"rendered":"<p>Tambi\u00e9n dej\u00f3 iniciados los trabajos del hospital de Pantoja. Las obras suman una inversi\u00f3n superior a RD 348 millones y beneficiar\u00e1n a miles de familias. 7 de Marzo 2026 | 09:19 Santo Domingo Oeste.\u2013&nbsp;La vicepresidenta de la Rep\u00fablica, Raquel Pe\u00f1a, encabez\u00f3 este viernes la entrega de dos&nbsp;Centros de Primer Nivel&nbsp;renovados en&nbsp;Santiago y La Vega,&nbsp;y dej\u00f3 [&hellip;]<\/p>\n","protected":false},"author":2,"featured_media":668813,"comment_status":"open","ping_status":"closed","sticky":false,"template":"","format":"standard","meta":{"footnotes":""},"categories":[20],"tags":[781],"class_list":["post-668812","post","type-post","status-publish","format-standard","has-post-thumbnail","hentry","category-dominicana-hoy","tag-raquel-pena"],"_links":{"self":[{"href":"https:\/\/diariodominicano.com\/index.php?rest_route=\/wp\/v2\/posts\/668812","targetHints":{"allow":["GET"]}}],"collection":[{"href":"https:\/\/diariodominicano.com\/index.php?rest_route=\/wp\/v2\/posts"}],"about":[{"href":"https:\/\/diariodominicano.com\/index.php?rest_route=\/wp\/v2\/types\/post"}],"author":[{"embeddable":true,"href":"https:\/\/diariodominicano.com\/index.php?rest_route=\/wp\/v2\/users\/2"}],"replies":[{"embeddable":true,"href":"https:\/\/diariodominicano.com\/index.php?rest_route=%2Fwp%2Fv2%2Fcomments&post=668812"}],"version-history":[{"count":1,"href":"https:\/\/diariodominicano.com\/index.php?rest_route=\/wp\/v2\/posts\/668812\/revisions"}],"predecessor-version":[{"id":668814,"href":"https:\/\/diariodominicano.com\/index.php?rest_route=\/wp\/v2\/posts\/668812\/revisions\/668814"}],"wp:featuredmedia":[{"embeddable":true,"href":"https:\/\/diariodominicano.com\/index.php?rest_route=\/wp\/v2\/media\/668813"}],"wp:attachment":[{"href":"https:\/\/diariodominicano.com\/index.php?rest_route=%2Fwp%2Fv2%2Fmedia&parent=668812"}],"wp:term":[{"taxonomy":"category","embeddable":true,"href":"https:\/\/diariodominicano.com\/index.php?rest_route=%2Fwp%2Fv2%2Fcategories&post=668812"},{"taxonomy":"post_tag","embeddable":true,"href":"https:\/\/diariodominicano.com\/index.php?rest_route=%2Fwp%2Fv2%2Ftags&post=668812"}],"curies":[{"name":"wp","href":"https:\/\/api.w.org\/{rel}","templated":true}]}}