{"id":668808,"date":"2026-03-07T23:24:28","date_gmt":"2026-03-08T03:24:28","guid":{"rendered":"https:\/\/diariodominicano.com\/?p=668808"},"modified":"2026-03-07T23:31:29","modified_gmt":"2026-03-08T03:31:29","slug":"presidente-abinader-se-compromete-con-el-presidente-de-bolivia-a-estrechar-mas-los-lazos-diplomaticos-explorar-nichos-de-cooperacion-y-el-comercio","status":"publish","type":"post","link":"https:\/\/diariodominicano.com\/?p=668808","title":{"rendered":"Presidente Abinader se compromete con el presidente de Bolivia a estrechar m\u00e1s los lazos diplom\u00e1ticos, explorar nichos de cooperaci\u00f3n y el comercio"},"content":{"rendered":"\n<h3 class=\"wp-block-heading\">Durante cumbre hemisf\u00e9rica en Miami<\/h3>\n\n\n\n<p>7 de Marzo 2026 <\/p>\n\n\n\n<p>Miami, Florida.\u2013 En el marco de la cumbre regional \u201cEscudo de las Am\u00e9ricas\u201d,<strong>&nbsp;el presidente de la Rep\u00fablica Dominicana, Luis Abinader<\/strong>, sostuvo una&nbsp;<strong>reuni\u00f3n bilateral<\/strong>&nbsp;con el presidente de Bolivia,&nbsp;<strong>Rodrigo Paz Pereira<\/strong>, con quien convers\u00f3 sobre temas de inter\u00e9s com\u00fan y el fortalecimiento de las relaciones entre ambas naciones.<\/p>\n\n\n\n<p>Durante el encuentro, ambos mandatarios intercambiaron impresiones sobre la&nbsp;<strong>cooperaci\u00f3n regional<\/strong>&nbsp;y la importancia de continuar promoviendo iniciativas conjuntas que contribuyan al&nbsp;<strong>desarrollo y la estabilidad<\/strong>&nbsp;en el continente.<\/p>\n\n\n\n<p>El presidente Abinader y Paz Pereira se mostraron receptivos y durante su conversaci\u00f3n expresaron el inter\u00e9s de&nbsp;<strong>ensanchar los lazos<\/strong>&nbsp;entre ambas naciones, buscar nichos de&nbsp;<strong>cooperaci\u00f3n mutua<\/strong>&nbsp;y estrechar m\u00e1s la&nbsp;<strong>diplomacia y el comercio.<\/strong><\/p>\n\n\n\n<p>En la reuni\u00f3n tambi\u00e9n estuvieron presentes el ministro de Relaciones Exteriores de la Rep\u00fablica Dominicana,&nbsp;<strong>Roberto \u00c1lvarez<\/strong>; el director de la Direcci\u00f3n de Prensa de la Presidencia, Alberto Caminero;&nbsp;<strong>el periodista Jos\u00e9 Monegro,<\/strong>&nbsp;y el comunicador y presentador de noticias&nbsp;<strong>Roberto Cavada.<\/strong><\/p>\n\n\n\n<p>Este encuentro form\u00f3 parte de la agenda de&nbsp;<strong>reuniones bilaterales<\/strong>&nbsp;que desarrolla el presidente Abinader durante su participaci\u00f3n en la cumbre<strong>&nbsp;\u201cEscudo de las Am\u00e9ricas\u201d,<\/strong>&nbsp;evento que re\u00fane en Miami a l\u00edderes y representantes del hemisferio para abordar&nbsp;<strong>desaf\u00edos comunes<\/strong>&nbsp;y&nbsp;<strong>fortalecer la cooperaci\u00f3n regional.<\/strong><\/p>\n\n\n\n<p>Con informaci\u00f3n de la Presidencia de la Rep\u00fablica.<\/p>\n","protected":false},"excerpt":{"rendered":"<p>Durante cumbre hemisf\u00e9rica en Miami 7 de Marzo 2026 Miami, Florida.\u2013 En el marco de la cumbre regional \u201cEscudo de las Am\u00e9ricas\u201d,&nbsp;el presidente de la Rep\u00fablica Dominicana, Luis Abinader, sostuvo una&nbsp;reuni\u00f3n bilateral&nbsp;con el presidente de Bolivia,&nbsp;Rodrigo Paz Pereira, con quien convers\u00f3 sobre temas de inter\u00e9s com\u00fan y el fortalecimiento de las relaciones entre ambas naciones. [&hellip;]<\/p>\n","protected":false},"author":2,"featured_media":668810,"comment_status":"open","ping_status":"closed","sticky":false,"template":"","format":"standard","meta":{"footnotes":""},"categories":[18,27],"tags":[4105,4706],"class_list":["post-668808","post","type-post","status-publish","format-standard","has-post-thumbnail","hentry","category-economia","category-portada","tag-abinader","tag-bolivia"],"_links":{"self":[{"href":"https:\/\/diariodominicano.com\/index.php?rest_route=\/wp\/v2\/posts\/668808","targetHints":{"allow":["GET"]}}],"collection":[{"href":"https:\/\/diariodominicano.com\/index.php?rest_route=\/wp\/v2\/posts"}],"about":[{"href":"https:\/\/diariodominicano.com\/index.php?rest_route=\/wp\/v2\/types\/post"}],"author":[{"embeddable":true,"href":"https:\/\/diariodominicano.com\/index.php?rest_route=\/wp\/v2\/users\/2"}],"replies":[{"embeddable":true,"href":"https:\/\/diariodominicano.com\/index.php?rest_route=%2Fwp%2Fv2%2Fcomments&post=668808"}],"version-history":[{"count":1,"href":"https:\/\/diariodominicano.com\/index.php?rest_route=\/wp\/v2\/posts\/668808\/revisions"}],"predecessor-version":[{"id":668811,"href":"https:\/\/diariodominicano.com\/index.php?rest_route=\/wp\/v2\/posts\/668808\/revisions\/668811"}],"wp:featuredmedia":[{"embeddable":true,"href":"https:\/\/diariodominicano.com\/index.php?rest_route=\/wp\/v2\/media\/668810"}],"wp:attachment":[{"href":"https:\/\/diariodominicano.com\/index.php?rest_route=%2Fwp%2Fv2%2Fmedia&parent=668808"}],"wp:term":[{"taxonomy":"category","embeddable":true,"href":"https:\/\/diariodominicano.com\/index.php?rest_route=%2Fwp%2Fv2%2Fcategories&post=668808"},{"taxonomy":"post_tag","embeddable":true,"href":"https:\/\/diariodominicano.com\/index.php?rest_route=%2Fwp%2Fv2%2Ftags&post=668808"}],"curies":[{"name":"wp","href":"https:\/\/api.w.org\/{rel}","templated":true}]}}