{"id":668779,"date":"2026-03-07T22:29:59","date_gmt":"2026-03-08T02:29:59","guid":{"rendered":"https:\/\/diariodominicano.com\/?p=668779"},"modified":"2026-03-07T22:30:59","modified_gmt":"2026-03-08T02:30:59","slug":"juramentan-nueva-directiva-de-la-asociacion-de-estudiantes-de-ciencias-politicas-de-la-universidad-autonoma-de-santo-domingo-uasd","status":"publish","type":"post","link":"https:\/\/diariodominicano.com\/?p=668779","title":{"rendered":"Juramentan nueva directiva de la Asociaci\u00f3n de Estudiantes de Ciencias Pol\u00edticas de la Universidad Aut\u00f3noma de Santo Domingo (UASD)"},"content":{"rendered":"\n<p><strong>Santo Domingo, R.D.-&nbsp;<\/strong>En un acto que reafirma el compromiso con la formaci\u00f3n acad\u00e9mica, el liderazgo juvenil y la participaci\u00f3n democr\u00e1tica, fue juramentada la nueva directiva de la Asociaci\u00f3n de Estudiantes de Ciencias Pol\u00edticas de la Universidad Aut\u00f3noma de Santo Domingo (UASD), integrada por estudiantes activos y egresados, varios de ellos Licenciados en Derecho de la Facultad de Ciencias Jur\u00eddicas y Pol\u00edticas de esa alta casa de estudios.<\/p>\n\n\n\n<figure class=\"wp-block-image size-large\"><img loading=\"lazy\" decoding=\"async\" width=\"1024\" height=\"768\" src=\"https:\/\/diariodominicano.com\/wp-content\/uploads\/2026\/03\/ciencia-politica-uasd-000-1024x768.jpg\" alt=\"\" class=\"wp-image-668781\" srcset=\"https:\/\/diariodominicano.com\/wp-content\/uploads\/2026\/03\/ciencia-politica-uasd-000-1024x768.jpg 1024w, https:\/\/diariodominicano.com\/wp-content\/uploads\/2026\/03\/ciencia-politica-uasd-000-300x225.jpg 300w, https:\/\/diariodominicano.com\/wp-content\/uploads\/2026\/03\/ciencia-politica-uasd-000-768x576.jpg 768w, https:\/\/diariodominicano.com\/wp-content\/uploads\/2026\/03\/ciencia-politica-uasd-000-1536x1152.jpg 1536w, https:\/\/diariodominicano.com\/wp-content\/uploads\/2026\/03\/ciencia-politica-uasd-000-2048x1536.jpg 2048w, https:\/\/diariodominicano.com\/wp-content\/uploads\/2026\/03\/ciencia-politica-uasd-000-816x612.jpg 816w\" sizes=\"auto, (max-width: 1024px) 100vw, 1024px\" \/><\/figure>\n\n\n\n<p>La juramentaci\u00f3n fue realizada por la Federaci\u00f3n de Estudiantes Dominicanos (FED), organismo que agrupa y representa al estudiantado universitario, resaltando la importancia del fortalecimiento de las estructuras estudiantiles como base para la consolidaci\u00f3n de una cultura democr\u00e1tica y participativa dentro de la academia.<\/p>\n\n\n\n<p><\/p>\n\n\n\n<p>La nueva directiva asume sus funciones con el prop\u00f3sito de fortalecer el pensamiento cr\u00edtico, promover el debate acad\u00e9mico y fomentar la participaci\u00f3n de los estudiantes en los procesos de an\u00e1lisis pol\u00edtico, institucional y social, contribuyendo as\u00ed a la formaci\u00f3n de profesionales comprometidos con el desarrollo democr\u00e1tico y el fortalecimiento del Estado de derecho en la Rep\u00fablica Dominicana.<\/p>\n\n\n\n<p>Durante la actividad se destac\u00f3 la importancia de la organizaci\u00f3n estudiantil como un espacio para impulsar iniciativas acad\u00e9micas, investigaciones, conferencias y actividades formativas que permitan a los estudiantes ampliar su comprensi\u00f3n sobre la pol\u00edtica, la gobernanza, la geopol\u00edtica y la administraci\u00f3n p\u00fablica, as\u00ed como incentivar el liderazgo responsable dentro y fuera de la universidad.<\/p>\n\n\n\n<p>La directiva juramentada qued\u00f3 conformada de la siguiente manera:<\/p>\n\n\n\n<p>-Celeste Cuevas Romero, Presidenta<\/p>\n\n\n\n<p>-Licda. Roc\u00edo Segura S\u00e1nchez, Vicepresidenta<\/p>\n\n\n\n<p>-Ricarly Frometa D\u00edaz, Secretario General<\/p>\n\n\n\n<p>-Licda. Indhira Guerrero Gross, Secretaria de Finanzas<\/p>\n\n\n\n<p>-Licda. Jos\u00e9 Ram\u00f3n Rosario, Secretario de Organizaci\u00f3n<\/p>\n\n\n\n<p>-Angeline Pe\u00f1a, Secretaria de Bienestar Estudiantil<\/p>\n\n\n\n<p>-Andriela Contreras, Secretaria de Comunicaci\u00f3n y Propaganda<\/p>\n\n\n\n<p>Los miembros de la nueva directiva expresaron su compromiso de trabajar por el fortalecimiento institucional de la asociaci\u00f3n, promover espacios de di\u00e1logo acad\u00e9mico y representar los intereses de los estudiantes de Ciencias Pol\u00edticas, contribuyendo al desarrollo de iniciativas que impulsen la formaci\u00f3n integral y el pensamiento pol\u00edtico cr\u00edtico dentro de la Universidad Aut\u00f3noma de Santo Domingo.<\/p>\n\n\n\n<p>Asimismo, reafirmaron su disposici\u00f3n de colaborar con las autoridades universitarias, docentes y estudiantes para consolidar una comunidad acad\u00e9mica activa, participativa y orientada a la construcci\u00f3n de soluciones para los desaf\u00edos sociales y pol\u00edticos del pa\u00eds.<\/p>\n\n\n\n<p>La juramentaci\u00f3n marca el inicio de una nueva etapa para la asociaci\u00f3n, enfocada en la excelencia acad\u00e9mica, el liderazgo estudiantil y la promoci\u00f3n de valores democr\u00e1ticos, pilares fundamentales en la formaci\u00f3n de los futuros profesionales de las ciencias pol\u00edticas en la Rep\u00fablica Dominicana.<\/p>\n\n\n\n<p>prensasocialrd<\/p>\n\n\n\n<p><a target=\"_blank\" href=\"mailto:prensasocialrd4@gmail.com\" rel=\"noreferrer noopener\">prensasocialrd4@gmail.com<\/a><\/p>\n","protected":false},"excerpt":{"rendered":"<p>Santo Domingo, R.D.-&nbsp;En un acto que reafirma el compromiso con la formaci\u00f3n acad\u00e9mica, el liderazgo juvenil y la participaci\u00f3n democr\u00e1tica, fue juramentada la nueva directiva de la Asociaci\u00f3n de Estudiantes de Ciencias Pol\u00edticas de la Universidad Aut\u00f3noma de Santo Domingo (UASD), integrada por estudiantes activos y egresados, varios de ellos Licenciados en Derecho de la [&hellip;]<\/p>\n","protected":false},"author":2,"featured_media":668780,"comment_status":"open","ping_status":"closed","sticky":false,"template":"","format":"standard","meta":{"footnotes":""},"categories":[22],"tags":[],"class_list":["post-668779","post","type-post","status-publish","format-standard","has-post-thumbnail","hentry","category-politica"],"_links":{"self":[{"href":"https:\/\/diariodominicano.com\/index.php?rest_route=\/wp\/v2\/posts\/668779","targetHints":{"allow":["GET"]}}],"collection":[{"href":"https:\/\/diariodominicano.com\/index.php?rest_route=\/wp\/v2\/posts"}],"about":[{"href":"https:\/\/diariodominicano.com\/index.php?rest_route=\/wp\/v2\/types\/post"}],"author":[{"embeddable":true,"href":"https:\/\/diariodominicano.com\/index.php?rest_route=\/wp\/v2\/users\/2"}],"replies":[{"embeddable":true,"href":"https:\/\/diariodominicano.com\/index.php?rest_route=%2Fwp%2Fv2%2Fcomments&post=668779"}],"version-history":[{"count":2,"href":"https:\/\/diariodominicano.com\/index.php?rest_route=\/wp\/v2\/posts\/668779\/revisions"}],"predecessor-version":[{"id":668784,"href":"https:\/\/diariodominicano.com\/index.php?rest_route=\/wp\/v2\/posts\/668779\/revisions\/668784"}],"wp:featuredmedia":[{"embeddable":true,"href":"https:\/\/diariodominicano.com\/index.php?rest_route=\/wp\/v2\/media\/668780"}],"wp:attachment":[{"href":"https:\/\/diariodominicano.com\/index.php?rest_route=%2Fwp%2Fv2%2Fmedia&parent=668779"}],"wp:term":[{"taxonomy":"category","embeddable":true,"href":"https:\/\/diariodominicano.com\/index.php?rest_route=%2Fwp%2Fv2%2Fcategories&post=668779"},{"taxonomy":"post_tag","embeddable":true,"href":"https:\/\/diariodominicano.com\/index.php?rest_route=%2Fwp%2Fv2%2Ftags&post=668779"}],"curies":[{"name":"wp","href":"https:\/\/api.w.org\/{rel}","templated":true}]}}