{"id":668760,"date":"2026-03-07T21:04:43","date_gmt":"2026-03-08T01:04:43","guid":{"rendered":"https:\/\/diariodominicano.com\/?p=668760"},"modified":"2026-03-07T21:06:54","modified_gmt":"2026-03-08T01:06:54","slug":"trump-sustituye-poderosa-secretaria-dhs-congresista-espaillat-habia-presionado-por-su-destitucion-2","status":"publish","type":"post","link":"https:\/\/diariodominicano.com\/?p=668760","title":{"rendered":"Trump sustituye poderosa secretaria DHS; congresista Espaillat hab\u00eda presionado por su destituci\u00f3n"},"content":{"rendered":"\n<p><strong>Por Ram\u00f3n Mercedes&nbsp;<\/strong><\/p>\n\n\n\n<p><strong>NUEVA YORK.-&nbsp;El presidente Donald Trump sustituy\u00f3 este jueves a Kristi Noem, la poderosa secretaria de Seguridad Nacional (DHS), que tiene bajo su dependencia el Servicio de Inmigraci\u00f3n y Control de Aduanas (ICE) de Estados Unidos.<\/strong><\/p>\n\n\n\n<p><strong>La decisi\u00f3n del presidente de reemplazarla se produce semanas despu\u00e9s que el congresista Adriano Espaillat (NY-13) encabezara en el Congreso de EE. UU. una ofensiva pol\u00edtica para exigir su dimisi\u00f3n, en medio de crecientes cuestionamientos sobre la gesti\u00f3n de Noem al frente del DHS.<\/strong><\/p>\n\n\n\n<p><strong>Asimismo, Espaillat pidi\u00f3 p\u00fablicamente el pasado mes la renuncia de Noem durante una rueda de prensa frente a la sede de la agencia federal en Washington D.C. y el desmantelamiento del ICE tras la muerte de dos manifestantes en enero en Minesota.<\/strong><\/p>\n\n\n\n<p><strong>Durante el acto afirm\u00f3: \u201cNecesitamos desmantelar el ICE, y a la persona que dirige la agencia, bajo cuya supervisi\u00f3n se han cometido estas atrocidades\u201d. \u201cDeber\u00eda dimitir o ser destituida\u201d, porque ella ha conducido una agencia corrompida a un mayor caos, confusi\u00f3n, persecuci\u00f3n ilegal de familias inmigrantes y el asesinato de estadounidenses\u201d, sentenci\u00f3 Espaillat.<\/strong><\/p>\n\n\n\n<p><strong>\u201cNoem es responsable de numerosas atrocidades cometidas bajo su liderazgo, y deber\u00eda haber renunciado a su cargo hace mucho tiempo, la decisi\u00f3n de reemplazarla refleja el impacto general de nuestra demanda de transparencia y rendici\u00f3n de cuentas.<\/strong><\/p>\n\n\n\n<p><strong>El llamado de Espaillat contribuy\u00f3 a elevar la presi\u00f3n pol\u00edtica sobre la secretaria dela agencia federal y a colocar el tema en el centro del debate nacional sobre las pol\u00edticas migratorias y la supervisi\u00f3n del DHS.<\/strong><\/p>\n\n\n\n<p><strong>Desde entonces, el congresista de origen dominicano, tambi\u00e9n presidente del Caucus Hispano del Congreso (CHC),&nbsp;compuesto por 30 legisladores del Partido Dem\u00f3crata de ascendencia hispana para asesorar y dar voz en el proceso legislativo a temas que afectan a hispanos y latinos en territorio estadounidense,&nbsp;se convirti\u00f3 en una de las voces m\u00e1s firmes en exigir rendici\u00f3n de cuentas a Noem y de la agencia a su cargo.<\/strong><\/p>\n\n\n\n<p><strong>El presidente Trump nominar\u00e1 al senador republicano Markwayne Mullin como reemplazo de Noem al frente del DHS. Indic\u00f3 que la ahora exsecretaria pasar\u00e1 a desempe\u00f1ar un nuevo rol como enviada especial para una iniciativa hemisf\u00e9rica de seguridad. &nbsp;<\/strong><\/p>\n","protected":false},"excerpt":{"rendered":"<p>Por Ram\u00f3n Mercedes&nbsp; NUEVA YORK.-&nbsp;El presidente Donald Trump sustituy\u00f3 este jueves a Kristi Noem, la poderosa secretaria de Seguridad Nacional (DHS), que tiene bajo su dependencia el Servicio de Inmigraci\u00f3n y Control de Aduanas (ICE) de Estados Unidos. La decisi\u00f3n del presidente de reemplazarla se produce semanas despu\u00e9s que el congresista Adriano Espaillat (NY-13) encabezara [&hellip;]<\/p>\n","protected":false},"author":7,"featured_media":668749,"comment_status":"closed","ping_status":"closed","sticky":false,"template":"","format":"standard","meta":{"footnotes":""},"categories":[23],"tags":[181,5004],"class_list":["post-668760","post","type-post","status-publish","format-standard","has-post-thumbnail","hentry","category-internacional","tag-ramon-mercedes","tag-trump"],"_links":{"self":[{"href":"https:\/\/diariodominicano.com\/index.php?rest_route=\/wp\/v2\/posts\/668760","targetHints":{"allow":["GET"]}}],"collection":[{"href":"https:\/\/diariodominicano.com\/index.php?rest_route=\/wp\/v2\/posts"}],"about":[{"href":"https:\/\/diariodominicano.com\/index.php?rest_route=\/wp\/v2\/types\/post"}],"author":[{"embeddable":true,"href":"https:\/\/diariodominicano.com\/index.php?rest_route=\/wp\/v2\/users\/7"}],"replies":[{"embeddable":true,"href":"https:\/\/diariodominicano.com\/index.php?rest_route=%2Fwp%2Fv2%2Fcomments&post=668760"}],"version-history":[{"count":1,"href":"https:\/\/diariodominicano.com\/index.php?rest_route=\/wp\/v2\/posts\/668760\/revisions"}],"predecessor-version":[{"id":668764,"href":"https:\/\/diariodominicano.com\/index.php?rest_route=\/wp\/v2\/posts\/668760\/revisions\/668764"}],"wp:featuredmedia":[{"embeddable":true,"href":"https:\/\/diariodominicano.com\/index.php?rest_route=\/wp\/v2\/media\/668749"}],"wp:attachment":[{"href":"https:\/\/diariodominicano.com\/index.php?rest_route=%2Fwp%2Fv2%2Fmedia&parent=668760"}],"wp:term":[{"taxonomy":"category","embeddable":true,"href":"https:\/\/diariodominicano.com\/index.php?rest_route=%2Fwp%2Fv2%2Fcategories&post=668760"},{"taxonomy":"post_tag","embeddable":true,"href":"https:\/\/diariodominicano.com\/index.php?rest_route=%2Fwp%2Fv2%2Ftags&post=668760"}],"curies":[{"name":"wp","href":"https:\/\/api.w.org\/{rel}","templated":true}]}}